{"id":8649,"date":"2018-11-28T21:39:01","date_gmt":"2018-11-28T21:39:01","guid":{"rendered":"http:\/\/fmriachuelo.com.ar\/?p=8649"},"modified":"2018-11-28T21:39:01","modified_gmt":"2018-11-28T21:39:01","slug":"hackean-las-redes-de-una-comunicadora-por-cubrir-el-caso-chocobar-2","status":"publish","type":"post","link":"http:\/\/fmriachuelo.it10.com.ar\/index.php\/2018\/11\/28\/hackean-las-redes-de-una-comunicadora-por-cubrir-el-caso-chocobar-2\/","title":{"rendered":"HACKEAN LAS REDES DE UNA COMUNICADORA POR CUBRIR EL CASO CHOCOBAR"},"content":{"rendered":"<p><strong>[FM RIACHUELO 28\/11\/2018]Una periodista de FM La Caterva fue intimidada por Facebook luego de haber asistido al festival organizado por la familia de Juan Pablo Kukoc, el joven asesinado por el polic\u00eda Chocobar en el barrio de La Boca. En un claro acto de hostigamiento, colocaron una foto de Juan Pablo en el perfil de la red social de la comunicadora.<\/strong><\/p>\n<p>Rompe el Cerco Informativo entrevist\u00f3 a Aldana, compa\u00f1era de la periodista hackeada, quien explic\u00f3 que <em>\u201cla foto que pusieron en su perfil de facebook era la cara de Juan Pablo, un mensaje muy dirigido de hostigamiento a quienes acompa\u00f1amos a Ivonne, (la madre del joven asesinado), que adem\u00e1s viene sufriendo amenazas por las redes sociales. Sus hijas e hijos no quieren entrar a las redes sociales por las amenazas que vienen sufriendo, y quienes lo hacen adem\u00e1s, son polic\u00edas que trabajan en comisar\u00edas de Avellaneda y La Boca, es una situaci\u00f3n muy complicada en este marco general de persecuci\u00f3n a militantes populares\u201d.<\/em><br \/>\nEl hecho grave de por s\u00ed toma otra relevancia trat\u00e1ndose de este caso, ya que luego de acribillar a Kukoc por la espalda, Chocobar fue apoyado p\u00fablicamente por la ministra Patricia Bullrich y el presidente Macri, que lo recibi\u00f3 en la Rosada.<\/p>\n<p>Aldana tambi\u00e9n coment\u00f3 que ya se pusieron en marcha para rastrear de d\u00f3nde provino el hackeo y as\u00ed identificar a quienes est\u00e1n detr\u00e1s de las amenazas \u201c<em>nos pusimos en contacto con compas del Partido Pirata, que laburan mucho seguridad inform\u00e1tica. Hace unos d\u00edas a otro compa\u00f1ero le cambiaron las contrase\u00f1as de sus redes, y creemos que todo tiene que ver con lo mismo.\u201d<\/em> La periodista sostuvo que este hecho se inscribe en un marco m\u00e1s general de ataque a las voces disidentes que alertan sobre el accionar del gobierno:<em> \u201cen las \u00faltimas movilizaciones quienes registran la represi\u00f3n y acompa\u00f1an la lucha son el blanco n\u00famero uno de la polic\u00eda. Y tambi\u00e9n creemos que el desfinanciamiento a los medios populares tiene que ver con la pol\u00edtica de acallar las voces que denuncian el avance de un estado cada vez mas represivo\u201d.<\/em><\/p>\n<p>La periodista amenazada integra, a trav\u00e9s de FM La Caterva, la Red Nacional de Medios Alternativos, el SiPreBA y el Colectivo de Medios Populares.<br \/>\nEl amedrentamiento despert\u00f3 la solidaridad de amplios sectores de la comunicaci\u00f3n que emitieron un comunicado denunciando la situaci\u00f3n en un contexto cada vez m\u00e1s represivo.<\/p>\n<p>Escucha la entrevista completa\u00a0<a href=\"https:\/\/radiocut.fm\/audiocut\/hackean-las-redes-de-una-comunicadora-por-cubrir-el-caso-chocobar\/\">aqu\u00ed<\/a><\/p>\n","protected":false},"excerpt":{"rendered":"<p>[FM RIACHUELO 28\/11\/2018]Una periodista de FM La Caterva fue intimidada por Facebook luego de haber asistido al festival organizado por la familia de Juan Pablo Kukoc, el joven asesinado por el polic\u00eda Chocobar en el barrio de La Boca. En un claro acto de hostigamiento, colocaron una foto de Juan Pablo en el perfil de [&hellip;]<\/p>\n","protected":false},"author":5,"featured_media":8630,"comment_status":"open","ping_status":"open","sticky":false,"template":"","format":"standard","meta":{"_monsterinsights_skip_tracking":false,"_monsterinsights_sitenote_active":false,"_monsterinsights_sitenote_note":"","_monsterinsights_sitenote_category":0,"jnews-multi-image_gallery":[],"jnews_single_post":[],"jnews_primary_category":[],"_joinchat":[],"footnotes":""},"categories":[78,76,77],"tags":[],"class_list":["post-8649","post","type-post","status-publish","format-standard","has-post-thumbnail","hentry","category-economia-popular","category-salud-comunitaria","category-soberania"],"_links":{"self":[{"href":"http:\/\/fmriachuelo.it10.com.ar\/index.php\/wp-json\/wp\/v2\/posts\/8649","targetHints":{"allow":["GET"]}}],"collection":[{"href":"http:\/\/fmriachuelo.it10.com.ar\/index.php\/wp-json\/wp\/v2\/posts"}],"about":[{"href":"http:\/\/fmriachuelo.it10.com.ar\/index.php\/wp-json\/wp\/v2\/types\/post"}],"author":[{"embeddable":true,"href":"http:\/\/fmriachuelo.it10.com.ar\/index.php\/wp-json\/wp\/v2\/users\/5"}],"replies":[{"embeddable":true,"href":"http:\/\/fmriachuelo.it10.com.ar\/index.php\/wp-json\/wp\/v2\/comments?post=8649"}],"version-history":[{"count":0,"href":"http:\/\/fmriachuelo.it10.com.ar\/index.php\/wp-json\/wp\/v2\/posts\/8649\/revisions"}],"wp:featuredmedia":[{"embeddable":true,"href":"http:\/\/fmriachuelo.it10.com.ar\/index.php\/wp-json\/"}],"wp:attachment":[{"href":"http:\/\/fmriachuelo.it10.com.ar\/index.php\/wp-json\/wp\/v2\/media?parent=8649"}],"wp:term":[{"taxonomy":"category","embeddable":true,"href":"http:\/\/fmriachuelo.it10.com.ar\/index.php\/wp-json\/wp\/v2\/categories?post=8649"},{"taxonomy":"post_tag","embeddable":true,"href":"http:\/\/fmriachuelo.it10.com.ar\/index.php\/wp-json\/wp\/v2\/tags?post=8649"}],"curies":[{"name":"wp","href":"https:\/\/api.w.org\/{rel}","templated":true}]}}