{"id":8640,"date":"2018-11-27T17:26:01","date_gmt":"2018-11-27T17:26:01","guid":{"rendered":"http:\/\/fmriachuelo.com.ar\/?p=8640"},"modified":"2018-11-27T17:26:01","modified_gmt":"2018-11-27T17:26:01","slug":"selvihp-los-pueblos-latinoamericanos-se-reunen-en-coordinacion-y-lucha","status":"publish","type":"post","link":"http:\/\/fmriachuelo.it10.com.ar\/index.php\/2018\/11\/27\/selvihp-los-pueblos-latinoamericanos-se-reunen-en-coordinacion-y-lucha\/","title":{"rendered":"SELVIHP: LOS PUEBLOS LATINOAMERICANOS SE RE\u00daNEN EN COORDINACI\u00d3N Y LUCHA"},"content":{"rendered":"<p><strong>Se est\u00e1 realizando el IV Encuentro de la Vivienda\u00a0 y H\u00e1bitat Popular Latinoamericano en Argentina, que tuvo su apertura el lunes 26 de noviembre, en la Casa Base del Movimiento de Ocupantes e Inquilinos, ubicada en Chacabuco 1437, CABA.<\/strong><\/p>\n<p>El objetivo de este encuentro es reivindicar las pol\u00edticas de autogesti\u00f3n, construir un intercambio para que las organizaciones populares tengan acceso al h\u00e1bitat, debatir la aplicaci\u00f3n de la ley 341 y rechazar la falta de democracia y participaci\u00f3n en la construcci\u00f3n de Derechos inalienables como salud, vivienda y educaci\u00f3n.<\/p>\n<p>El domingo 25 de este mes, comenzaron a llegar las delegaciones de compa\u00f1erxs de distintos pa\u00edses latinoamericanos que van a participar de las jornadas que se extender\u00e1n hasta el Jueves 29 .<\/p>\n<p>Los encuentros diarios fomentar\u00e1n la mirada hacia lxs otrxs para pensar y construir de forma comunitaria, como vecinos y como pueblo y poder tomar conciencia de los marcos normativos para la producci\u00f3n social autogestionada del h\u00e1bitat, as\u00ed como tambi\u00e9n, indagar sobre el escenario de los derechos y las transformaciones en el territorio latinoamericano.<\/p>\n<p><img loading=\"lazy\" decoding=\"async\" class=\"alignnone size-full wp-image-8642\" src=\"http:\/\/fmriachuelo.com.ar\/wp-content\/uploads\/2018\/11\/WhatsApp-Image-2018-11-26-at-10.41.07-AM.jpeg\" alt=\"\" width=\"1280\" height=\"854\" \/><\/p>\n<p>Durante la apertura del programa de actividades, sobre esta experiencia en latinoam\u00e9rica, Iraida \u00a0Morocoida del Movimiento Pobladores Pioneros de Venezuela, dijo \u00a0<em><strong>\u201cEl pueblo saldr\u00e1 internacionalmente a decir que crean en la lucha que estamos dando d\u00eda a d\u00eda, hay bombas que no vemos que matan a nuestra gente, que bloquean el acceso a la medicina y a la comida y nos toca de cerca porque el imperio quiere el dominio total.\u201d<\/strong><\/em><\/p>\n<p>Participan de este ciclo, Organizaciones del H\u00e1bitat Popular, SELVIHP, CTEP, Central de Trabajadores de la Argentina Aut\u00f3noma y la Multisectorial por el derecho a la tierra HABITAR ARGENTINA.<\/p>\n<p>Lito Borello, Secretario de Derechos Humanos de la CTEP, estuvo presente y sobre el contexto actual de la Argentina expres\u00f3<em><strong> \u201cEn la Argentina lamentablemente hace tres a\u00f1os, la democracia ha contra\u00eddo la peste amarilla de un gobierno de ricos para ricos que expresa los intereses globales, un modelo de dominaci\u00f3n que est\u00e1 desdibujando la democracia\u201d.<\/strong><\/em><\/p>\n<p>Desde las organizaciones populares buscan direccionar las luchas hacia una transformaci\u00f3n que d\u00e9 respuestas a los pueblos de la patria grande latinoamericana.<\/p>\n","protected":false},"excerpt":{"rendered":"<p>Se est\u00e1 realizando el IV Encuentro de la Vivienda\u00a0 y H\u00e1bitat Popular Latinoamericano en Argentina, que tuvo su apertura el lunes 26 de noviembre, en la Casa Base del Movimiento de Ocupantes e Inquilinos, ubicada en Chacabuco 1437, CABA. El objetivo de este encuentro es reivindicar las pol\u00edticas de autogesti\u00f3n, construir un intercambio para que [&hellip;]<\/p>\n","protected":false},"author":5,"featured_media":8645,"comment_status":"open","ping_status":"open","sticky":false,"template":"","format":"standard","meta":{"_monsterinsights_skip_tracking":false,"_monsterinsights_sitenote_active":false,"_monsterinsights_sitenote_note":"","_monsterinsights_sitenote_category":0,"jnews-multi-image_gallery":[],"jnews_single_post":[],"jnews_primary_category":[],"_joinchat":[],"footnotes":""},"categories":[78,76,74],"tags":[],"class_list":["post-8640","post","type-post","status-publish","format-standard","has-post-thumbnail","hentry","category-economia-popular","category-salud-comunitaria","category-san-cayetano"],"_links":{"self":[{"href":"http:\/\/fmriachuelo.it10.com.ar\/index.php\/wp-json\/wp\/v2\/posts\/8640","targetHints":{"allow":["GET"]}}],"collection":[{"href":"http:\/\/fmriachuelo.it10.com.ar\/index.php\/wp-json\/wp\/v2\/posts"}],"about":[{"href":"http:\/\/fmriachuelo.it10.com.ar\/index.php\/wp-json\/wp\/v2\/types\/post"}],"author":[{"embeddable":true,"href":"http:\/\/fmriachuelo.it10.com.ar\/index.php\/wp-json\/wp\/v2\/users\/5"}],"replies":[{"embeddable":true,"href":"http:\/\/fmriachuelo.it10.com.ar\/index.php\/wp-json\/wp\/v2\/comments?post=8640"}],"version-history":[{"count":0,"href":"http:\/\/fmriachuelo.it10.com.ar\/index.php\/wp-json\/wp\/v2\/posts\/8640\/revisions"}],"wp:featuredmedia":[{"embeddable":true,"href":"http:\/\/fmriachuelo.it10.com.ar\/index.php\/wp-json\/"}],"wp:attachment":[{"href":"http:\/\/fmriachuelo.it10.com.ar\/index.php\/wp-json\/wp\/v2\/media?parent=8640"}],"wp:term":[{"taxonomy":"category","embeddable":true,"href":"http:\/\/fmriachuelo.it10.com.ar\/index.php\/wp-json\/wp\/v2\/categories?post=8640"},{"taxonomy":"post_tag","embeddable":true,"href":"http:\/\/fmriachuelo.it10.com.ar\/index.php\/wp-json\/wp\/v2\/tags?post=8640"}],"curies":[{"name":"wp","href":"https:\/\/api.w.org\/{rel}","templated":true}]}}