{"id":864,"date":"2014-12-16T19:55:00","date_gmt":"2014-12-16T19:55:00","guid":{"rendered":"http:\/\/fmriachuelo.observatorioess.org.ar\/index.php\/2014\/12\/16\/san-telmo-desalojo-de-una-plaza\/"},"modified":"2025-03-17T12:44:53","modified_gmt":"2025-03-17T15:44:53","slug":"san-telmo-desalojo-de-una-plaza","status":"publish","type":"post","link":"http:\/\/fmriachuelo.it10.com.ar\/index.php\/2014\/12\/16\/san-telmo-desalojo-de-una-plaza\/","title":{"rendered":"SAN TELMO: DESALOJO DE UNA PLAZA"},"content":{"rendered":"<p><span style=\"color: red;font-family: Verdana, sans-serif;font-size: large\"><b>DESALOJAN LA PLAZA CECILIA GRIERSON Y EXPULSAN A LAS FAMILIAS ALOJADAS ALL\u00cd<\/b><\/span><\/p>\n<div>\n<div style=\"background-color: white;border: 0px;color: #111111;line-height: 22px;overflow: hidden;padding: 0px;vertical-align: baseline\"><span style=\"font-family: Verdana, sans-serif\">La plaza est\u00e1 ubicada en San Juan 650. Est\u00e1 habitada &nbsp;por unas 30 personas que a\u00fan negocian su salida. El lugar fue vallado y tiene custodia policial.&nbsp;<span style=\"border: 0px;font-style: inherit;font-variant: inherit;line-height: inherit;margin: 0px;padding: 0px;vertical-align: baseline\">El plazo para que abandonen el predio vence el viernes.<\/span><\/span><\/div>\n<div style=\"background-color: white;border: 0px;color: #111111;line-height: 21px;margin: 0px;padding: 0px;vertical-align: baseline\"><span style=\"font-family: Verdana, sans-serif\">La Fiscal\u00eda de la Ciudad comenz\u00f3 ayer un operativo para desalojar la plaza&nbsp;<b style=\"border: 0px;font-style: inherit;font-variant: inherit;line-height: inherit;margin: 0px;padding: 0px;vertical-align: baseline\">Cecilia Grierson<\/b>, en San Telmo, en donde vive desde 1991&nbsp;<b style=\"border: 0px;font-style: inherit;font-variant: inherit;line-height: inherit;margin: 0px;padding: 0px;vertical-align: baseline\">Juan Domingo Jim\u00e9nez<\/b>, el cuidador del predio. &nbsp;Ahora, el lugar est\u00e1 habitado por unas 30 personas, fue vallado, tiene custodia policial y negocian la salida de ocho familias que quedaron adentro. Tienen plazo hasta el viernes para abandonar el lugar.<\/span><\/div>\n<div style=\"background-color: white;border: 0px;color: #111111;line-height: 21px;margin: 0px;padding: 0px;vertical-align: baseline\"><a name='more'><\/a><span style=\"background-color: transparent\"><span style=\"font-family: Verdana, sans-serif\">La plaza est\u00e1 ubicada en San Juan 650, entre Per\u00fa y Chacabuco. En febrero de 1991, Jim\u00e9nez se instal\u00f3 con su familia. Vive con su mujer, un hermano discapacitado, tres de sus ocho hijos y uno de sus 24 nietos. En el lugar llegaron a vivir hasta 50 personas y se convirti\u00f3 en punto de encuentro de decenas de cartoneros. Todos los integrantes del asentamiento fueron censados y el desalojo, precis\u00f3 la Fiscal\u00eda de la Ciudad , es inminente.<\/span><\/span><\/div>\n<div style=\"border: 0px;margin: 0px;padding: 0px;vertical-align: baseline\"><span style=\"font-family: Verdana, sans-serif\"><span style=\"color: #111111\"><span style=\"background-color: white;line-height: 21px\">\u00ab<\/span><\/span>Se dio inicio al protocolo del desalojo. Lo que hicimos fue vallar el lugar para poder hacer un censo y saber en qu\u00e9 situaci\u00f3n vive la gente all\u00ed. Todas las personas que ingresan o egresan de la plaza deben estar registradas\u00bb, explic\u00f3 la fiscal Celsa Ram\u00edrez, quien lleva adelante la causa. De no llegar a un acuerdo -precis\u00f3 la funcionaria judicial- comenzar\u00e1n los tr\u00e1mites para llevar adelante un desalojo. \u00abAntes de fin de a\u00f1o la plaza estar\u00e1 desocupada\u00bb, concluy\u00f3 Ram\u00edrez. De concretarse, se convertir\u00eda en el primer desalojo en un predio p\u00fablico realizado tras 23 a\u00f1os de usurpaci\u00f3n.<\/span><\/div>\n<div style=\"background-color: white;border: 0px;color: #111111;line-height: 21px;margin: 0px;padding: 0px;vertical-align: baseline\"><b><span style=\"font-family: Verdana, sans-serif\">Historia<\/span><\/b><\/div>\n<div style=\"background-color: white;border: 0px;color: #111111;line-height: 21px;margin: 0px;padding: 0px;vertical-align: baseline\"><span style=\"font-family: Verdana, sans-serif\">El ex intendente Jorge Dom\u00ednguez les inici\u00f3 un juicio de desalojo y en el a\u00f1o 2000 fueron absueltos. Incluso, Jim\u00e9nez estableci\u00f3 su domicilio legal en San Juan 650 y hasta tramit\u00f3 una l\u00ednea de tel\u00e9fono y servicio de internet, public\u00f3 el diario&nbsp;<i style=\"border: 0px;font-variant: inherit;font-weight: inherit;line-height: inherit;margin: 0px;padding: 0px;vertical-align: baseline\">Clar\u00edn<\/i>.&nbsp;<b style=\"border: 0px;font-style: inherit;font-variant: inherit;line-height: inherit;margin: 0px;padding: 0px;vertical-align: baseline\">De acuerdo con la investigaci\u00f3n de la Fiscal\u00eda, se pudo constatar que mientras Jim\u00e9nez ten\u00eda un cr\u00e9dito hipotecario en tr\u00e1mite -frenado por un amparo-, su nuera, Micaela Villarubia, contaba con un subsidio por parte del Estado<\/b>. Al menos 10 personas se retiraron por su propia cuenta al no querer ser censadas.<\/span><\/div>\n<div style=\"background-color: white;border: 0px;color: #111111;line-height: 21px;margin: 0px;padding: 0px;vertical-align: baseline\"><span style=\"font-family: Verdana, sans-serif\">M\u00e1s de 400 vecinos suscribieron un documento en el que pidieron que la Justicia aportara una soluci\u00f3n pac\u00edfica a los problemas de convivencia urbana e inseguridad que afectan al barrio, ya que en las inmediaciones del predio hay tres colegios. Adem\u00e1s, denunciaron que en la zona es habitual escuchar peleas entre los habitantes, ver a los j\u00f3venes drogarse y hasta presenciar problemas graves de delincuencia.<\/span><\/div>\n<div style=\"background-color: white;border: 0px;color: #111111;line-height: 21px;margin: 0px;padding: 0px;vertical-align: baseline\"><span style=\"font-family: Verdana, sans-serif\"><b style=\"border: 0px;font-style: inherit;font-variant: inherit;line-height: inherit;margin: 0px;padding: 0px;vertical-align: baseline\">\u00abNosotros, por ley, les ofrecemos un subsidio y una vivienda en un hotel c\u00e9ntrico de la Ciudad durante 10 meses\u00bb<\/b>, explic\u00f3 Ram\u00edrez. Seg\u00fan los datos de la fiscal\u00eda, los habitantes no est\u00e1n en una situaci\u00f3n de indigencia total, por lo que todo deber\u00eda resolverse por el di\u00e1logo.<\/span><\/div>\n<div style=\"background-color: white;border: 0px;color: #111111;line-height: 21px;margin: 0px;padding: 0px;vertical-align: baseline\"><span style=\"font-family: Verdana, sans-serif\">Un amparo que frena la ejecuci\u00f3n del desalojo para las familias explicita que la medida se suspende mientras el Gobierno no se ocupe de garantizar la vivienda a las familias afectadas. Se les ofreci\u00f3 la posibilidad de ubicarse en Villa Lugano, pero lo rechazaron. Tanto Jim\u00e9nez como una de las mujeres de la familia tienen empleo e ingresos. \u00c9l trabaja en una empresa de seguridad y ella es empleada dom\u00e9stica.<\/span><\/div>\n<div style=\"background-color: white;border: 0px;color: #111111;line-height: 21px;margin: 0px;padding: 0px;vertical-align: baseline\"><span style=\"font-family: Verdana, sans-serif\">En caso de fracasar en la negociaci\u00f3n, se le da curso penal a la causa y deber\u00e1 intervenir una jueza, \u00abpero el desalojo es r\u00e1pido, no demorar\u00eda m\u00e1s que dos semanas\u00bb, concluy\u00f3 la fiscal a cargo. Agreg\u00f3 que de ser necesario, tomar\u00e1 intervenci\u00f3n la Polic\u00eda Metropolitana.<\/span><\/div>\n<\/div>\n","protected":false},"excerpt":{"rendered":"<p>DESALOJAN LA PLAZA CECILIA GRIERSON Y EXPULSAN A LAS FAMILIAS ALOJADAS ALL\u00cd La plaza est\u00e1 ubicada en San Juan 650. Est\u00e1 habitada &nbsp;por unas 30 personas que a\u00fan negocian su salida. El lugar fue vallado y tiene custodia policial.&nbsp;El plazo para que abandonen el predio vence el viernes. La Fiscal\u00eda de la Ciudad comenz\u00f3 ayer [&hellip;]<\/p>\n","protected":false},"author":4,"featured_media":0,"comment_status":"open","ping_status":"open","sticky":false,"template":"","format":"standard","meta":{"_monsterinsights_skip_tracking":false,"_monsterinsights_sitenote_active":false,"_monsterinsights_sitenote_note":"","_monsterinsights_sitenote_category":0,"jnews-multi-image_gallery":[],"jnews_single_post":{"format":"standard"},"jnews_primary_category":[],"_joinchat":[],"footnotes":""},"categories":[58],"tags":[147],"class_list":["post-864","post","type-post","status-publish","format-standard","hentry","category-noticiariachuelo","tag-habitat"],"_links":{"self":[{"href":"http:\/\/fmriachuelo.it10.com.ar\/index.php\/wp-json\/wp\/v2\/posts\/864","targetHints":{"allow":["GET"]}}],"collection":[{"href":"http:\/\/fmriachuelo.it10.com.ar\/index.php\/wp-json\/wp\/v2\/posts"}],"about":[{"href":"http:\/\/fmriachuelo.it10.com.ar\/index.php\/wp-json\/wp\/v2\/types\/post"}],"author":[{"embeddable":true,"href":"http:\/\/fmriachuelo.it10.com.ar\/index.php\/wp-json\/wp\/v2\/users\/4"}],"replies":[{"embeddable":true,"href":"http:\/\/fmriachuelo.it10.com.ar\/index.php\/wp-json\/wp\/v2\/comments?post=864"}],"version-history":[{"count":1,"href":"http:\/\/fmriachuelo.it10.com.ar\/index.php\/wp-json\/wp\/v2\/posts\/864\/revisions"}],"predecessor-version":[{"id":22054,"href":"http:\/\/fmriachuelo.it10.com.ar\/index.php\/wp-json\/wp\/v2\/posts\/864\/revisions\/22054"}],"wp:attachment":[{"href":"http:\/\/fmriachuelo.it10.com.ar\/index.php\/wp-json\/wp\/v2\/media?parent=864"}],"wp:term":[{"taxonomy":"category","embeddable":true,"href":"http:\/\/fmriachuelo.it10.com.ar\/index.php\/wp-json\/wp\/v2\/categories?post=864"},{"taxonomy":"post_tag","embeddable":true,"href":"http:\/\/fmriachuelo.it10.com.ar\/index.php\/wp-json\/wp\/v2\/tags?post=864"}],"curies":[{"name":"wp","href":"https:\/\/api.w.org\/{rel}","templated":true}]}}