{"id":8634,"date":"2018-11-27T15:56:37","date_gmt":"2018-11-27T15:56:37","guid":{"rendered":"http:\/\/fmriachuelo.com.ar\/?p=8634"},"modified":"2018-11-27T15:56:37","modified_gmt":"2018-11-27T15:56:37","slug":"orellana-y-soria-presentes-movilizacion-para-exigir-justica","status":"publish","type":"post","link":"http:\/\/fmriachuelo.it10.com.ar\/index.php\/2018\/11\/27\/orellana-y-soria-presentes-movilizacion-para-exigir-justica\/","title":{"rendered":"ORELLANA Y SORIA PRESENTES: MOVILIZACION PARA EXIGIR JUSTICA"},"content":{"rendered":"<p><strong>\u00a0[FM Riachuelo 27\/11\/18] En el d\u00eda de ayer organizaciones sociales, sindicales y pol\u00edticas se movilizaron desde la Av. 9 de Julio hacia la Casa de la Provincia de Buenos Aires y de C\u00f3rdoba para reclamar justicia por los militantes asesinados por las fuerzas de seguridad de ambas provincias, Rodolfo Orellana y Marcos Soria, y para exigir la liberaci\u00f3n de los compa\u00f1eros detenidos.<\/strong><\/p>\n<p>Alrededor de las 11hs comenz\u00f3 la concentraci\u00f3n en Av. de mayo y 9 de julio, encabezada por la CTEP junto a la CTA aut\u00f3noma, Barrios de Pie, Frente Popular Dar\u00edo Santill\u00e1n y Organismo de Derechos Humanos, entre otros. Las organizaciones sociales se encolumnaron detr\u00e1s de la bandera principal que ten\u00eda\u00a0 un pedido de justicia por Orellana y Soria.<\/p>\n<p><img loading=\"lazy\" decoding=\"async\" class=\"alignnone size-full wp-image-8636\" src=\"http:\/\/fmriachuelo.com.ar\/wp-content\/uploads\/2018\/11\/COMPA\u00d1EROSS-ASESINADOS.jpg\" alt=\"\" width=\"960\" height=\"640\" \/><\/p>\n<p>FM Riachuelo hizo la cobertura de la movilizaci\u00f3n y entrevist\u00f3 al Secretario de Derechos Humanos de la CTEP Lito Borello, quien hizo hincapi\u00e9 en las pol\u00edticas represivas que lleva acabo este gobierno <strong><em>\u201cPareciera ser que los poderosos no encuentran otra manera que militarizar, violentar esta sociedad y este pa\u00eds para poder implementar una bola de dominaci\u00f3n de hambre, miseria y muerte<\/em><\/strong>\u201d<\/p>\n<p>Esteban \u201cGringo\u201d Castro Secretario General de la CTEP, acompa\u00f1\u00f3 a los compa\u00f1eros en el pedido de justicia y manifest\u00f3\u00a0.<em><strong>\u201cVamos a seguir construyendo en el nivel m\u00e1s amplio de unidad, para combatir las pol\u00edticas de ajuste porque las muertes de nuestros compa\u00f1eros y de nuestras compa\u00f1eras en los barrios populares son las consecuencias de unas pol\u00edticas de hambre de saqueo y de represi\u00f3n<\/strong><\/em>\u201d<\/p>\n<p>Hugo \u201cCachorro\u201d Godoy Secretario General de Asociaci\u00f3n de Trabajadores del Estado (ATE) se hizo presente\u00a0 para manifestar su solidaridad\u00a0<b><i>\u00a0<\/i><\/b><i><\/i>y se refiri\u00f3 al G20 que dar\u00e1 inicio el 30 de noviembre en nuestro pa\u00eds, diciendo<em><strong>\u201cel G20 ratifica las pol\u00edticas de las principales potencias, de seguir saqueando nuestras naciones\u201d.<\/strong><\/em><\/p>\n","protected":false},"excerpt":{"rendered":"<p>\u00a0[FM Riachuelo 27\/11\/18] En el d\u00eda de ayer organizaciones sociales, sindicales y pol\u00edticas se movilizaron desde la Av. 9 de Julio hacia la Casa de la Provincia de Buenos Aires y de C\u00f3rdoba para reclamar justicia por los militantes asesinados por las fuerzas de seguridad de ambas provincias, Rodolfo Orellana y Marcos Soria, y para [&hellip;]<\/p>\n","protected":false},"author":5,"featured_media":8635,"comment_status":"open","ping_status":"open","sticky":false,"template":"","format":"standard","meta":{"_monsterinsights_skip_tracking":false,"_monsterinsights_sitenote_active":false,"_monsterinsights_sitenote_note":"","_monsterinsights_sitenote_category":0,"jnews-multi-image_gallery":[],"jnews_single_post":[],"jnews_primary_category":[],"_joinchat":[],"footnotes":""},"categories":[76,74,75],"tags":[],"class_list":["post-8634","post","type-post","status-publish","format-standard","has-post-thumbnail","hentry","category-salud-comunitaria","category-san-cayetano","category-trabajo"],"_links":{"self":[{"href":"http:\/\/fmriachuelo.it10.com.ar\/index.php\/wp-json\/wp\/v2\/posts\/8634","targetHints":{"allow":["GET"]}}],"collection":[{"href":"http:\/\/fmriachuelo.it10.com.ar\/index.php\/wp-json\/wp\/v2\/posts"}],"about":[{"href":"http:\/\/fmriachuelo.it10.com.ar\/index.php\/wp-json\/wp\/v2\/types\/post"}],"author":[{"embeddable":true,"href":"http:\/\/fmriachuelo.it10.com.ar\/index.php\/wp-json\/wp\/v2\/users\/5"}],"replies":[{"embeddable":true,"href":"http:\/\/fmriachuelo.it10.com.ar\/index.php\/wp-json\/wp\/v2\/comments?post=8634"}],"version-history":[{"count":0,"href":"http:\/\/fmriachuelo.it10.com.ar\/index.php\/wp-json\/wp\/v2\/posts\/8634\/revisions"}],"wp:featuredmedia":[{"embeddable":true,"href":"http:\/\/fmriachuelo.it10.com.ar\/index.php\/wp-json\/"}],"wp:attachment":[{"href":"http:\/\/fmriachuelo.it10.com.ar\/index.php\/wp-json\/wp\/v2\/media?parent=8634"}],"wp:term":[{"taxonomy":"category","embeddable":true,"href":"http:\/\/fmriachuelo.it10.com.ar\/index.php\/wp-json\/wp\/v2\/categories?post=8634"},{"taxonomy":"post_tag","embeddable":true,"href":"http:\/\/fmriachuelo.it10.com.ar\/index.php\/wp-json\/wp\/v2\/tags?post=8634"}],"curies":[{"name":"wp","href":"https:\/\/api.w.org\/{rel}","templated":true}]}}