{"id":8629,"date":"2018-11-26T20:28:12","date_gmt":"2018-11-26T20:28:12","guid":{"rendered":"http:\/\/fmriachuelo.com.ar\/?p=8629"},"modified":"2018-11-26T20:28:12","modified_gmt":"2018-11-26T20:28:12","slug":"hackean-las-redes-de-una-comunicadora-por-cubrir-el-caso-chocobar","status":"publish","type":"post","link":"http:\/\/fmriachuelo.it10.com.ar\/index.php\/2018\/11\/26\/hackean-las-redes-de-una-comunicadora-por-cubrir-el-caso-chocobar\/","title":{"rendered":"HACKEAN LAS REDES DE UNA COMUNICADORA POR CUBRIR EL CASO CHOCOBAR"},"content":{"rendered":"<p><strong>[Por Colectivo de Medios Populares* 26\/11\/2018]\u00a0Una integrante de la emisora comunitaria FM La Caterva, que cubre la lucha por Justicia por Pablo Kukoc como parte de nuestra coordinaci\u00f3n comunicacional, fue intimidada a trav\u00e9s Facebook.<\/strong><\/p>\n<p>En la foto de perfil de la comunicadora, colocaron, colocaron una foto del joven asesinado por el polic\u00eda Luis Chocobar, con los efectos visuales que Facebook permite incluir.<br \/>\nEl hackeo ocurri\u00f3 en el mismo momento en que la comunicadora se dirig\u00eda al festival organizado por los familiares de Juan Pablo Kukoc, asesinado por el premiado polic\u00eda Chocobar.<\/p>\n<p>El hecho grave de por s\u00ed toma otra relevancia trat\u00e1ndose de este caso, ya que luego de acribillar a Kukoc por la espalda, Chocobar fue apoyado p\u00fablicamente por la ministra Patricia Bullrich y el presidente Macri, que lo recibi\u00f3 en la Rosada.<\/p>\n<p>La periodista amenazada integra, a trav\u00e9s de FM La Caterva, la Red Nacional de Medios Alternativos, el SiPreBA y el Colectivo de Medios Populares.<br \/>\nEl amedrentamiento despert\u00f3 una r\u00e1pida solidaridad de amplios sectores de la comunicaci\u00f3n que emitieron un comunicado denunciando la situaci\u00f3n en un contexto cada vez m\u00e1s represivo.<\/p>\n<p><strong>*FM Riachuelo\/FM La Caterva\/La Retaguardia\/Agencia Paco Urondo\/Sur Capitalino\/Radio Gr\u00e0fica\/Radio Presente.<\/strong><\/p>\n<p><strong>(Desde el Colectivo de Medios Populares producimos en unidad como urgencia y como apuesta. Coincidimos en que la comunicaci\u00f2n no esmercanc\u00eca. Nos encontramos, ensamblamos, complementamos, potenciamos y existimos, intentando ropmper con una m\u00e0xima que buscan imponer como natural:que entre iguales, solo queda competir)<\/strong><\/p>\n<p>&nbsp;<\/p>\n","protected":false},"excerpt":{"rendered":"<p>[Por Colectivo de Medios Populares* 26\/11\/2018]\u00a0Una integrante de la emisora comunitaria FM La Caterva, que cubre la lucha por Justicia por Pablo Kukoc como parte de nuestra coordinaci\u00f3n comunicacional, fue intimidada a trav\u00e9s Facebook. En la foto de perfil de la comunicadora, colocaron, colocaron una foto del joven asesinado por el polic\u00eda Luis Chocobar, con [&hellip;]<\/p>\n","protected":false},"author":5,"featured_media":8630,"comment_status":"open","ping_status":"open","sticky":false,"template":"","format":"standard","meta":{"_monsterinsights_skip_tracking":false,"_monsterinsights_sitenote_active":false,"_monsterinsights_sitenote_note":"","_monsterinsights_sitenote_category":0,"jnews-multi-image_gallery":[],"jnews_single_post":[],"jnews_primary_category":[],"_joinchat":[],"footnotes":""},"categories":[78,76,77],"tags":[],"class_list":["post-8629","post","type-post","status-publish","format-standard","has-post-thumbnail","hentry","category-economia-popular","category-salud-comunitaria","category-soberania"],"_links":{"self":[{"href":"http:\/\/fmriachuelo.it10.com.ar\/index.php\/wp-json\/wp\/v2\/posts\/8629","targetHints":{"allow":["GET"]}}],"collection":[{"href":"http:\/\/fmriachuelo.it10.com.ar\/index.php\/wp-json\/wp\/v2\/posts"}],"about":[{"href":"http:\/\/fmriachuelo.it10.com.ar\/index.php\/wp-json\/wp\/v2\/types\/post"}],"author":[{"embeddable":true,"href":"http:\/\/fmriachuelo.it10.com.ar\/index.php\/wp-json\/wp\/v2\/users\/5"}],"replies":[{"embeddable":true,"href":"http:\/\/fmriachuelo.it10.com.ar\/index.php\/wp-json\/wp\/v2\/comments?post=8629"}],"version-history":[{"count":0,"href":"http:\/\/fmriachuelo.it10.com.ar\/index.php\/wp-json\/wp\/v2\/posts\/8629\/revisions"}],"wp:featuredmedia":[{"embeddable":true,"href":"http:\/\/fmriachuelo.it10.com.ar\/index.php\/wp-json\/"}],"wp:attachment":[{"href":"http:\/\/fmriachuelo.it10.com.ar\/index.php\/wp-json\/wp\/v2\/media?parent=8629"}],"wp:term":[{"taxonomy":"category","embeddable":true,"href":"http:\/\/fmriachuelo.it10.com.ar\/index.php\/wp-json\/wp\/v2\/categories?post=8629"},{"taxonomy":"post_tag","embeddable":true,"href":"http:\/\/fmriachuelo.it10.com.ar\/index.php\/wp-json\/wp\/v2\/tags?post=8629"}],"curies":[{"name":"wp","href":"https:\/\/api.w.org\/{rel}","templated":true}]}}