{"id":8623,"date":"2018-11-26T13:41:14","date_gmt":"2018-11-26T13:41:14","guid":{"rendered":"http:\/\/fmriachuelo.com.ar\/?p=8623"},"modified":"2018-11-26T13:41:14","modified_gmt":"2018-11-26T13:41:14","slug":"ivonne-kukoc-brindamos-por-la-vida-de-juan-pablo","status":"publish","type":"post","link":"http:\/\/fmriachuelo.it10.com.ar\/index.php\/2018\/11\/26\/ivonne-kukoc-brindamos-por-la-vida-de-juan-pablo\/","title":{"rendered":"IVONNE KUKOC: \u00abBRINDAMOS POR LA VIDA DE JUAN PABLO\u00bb"},"content":{"rendered":"<p><strong>[Por Colectivo de Medios Populares* 26\/11\/2018]El 19 de noviembre Juan Pablo Kukoc hubiera cumplido 19 a\u00f1os. Pero las balas del polic\u00eda Luis Chocobar terminaron con su vida apenas un mes despu\u00e9s de llegar a los 18. Sin embargo, y como parte de esa lucha por justicia parida de tanto dolor, su mam\u00e1 Ivonne, sus hermanes y sus amigos, junto con vecinos y organizaciones de La Boca, decidieron armar un festival para festejarlo. \u201cHay que brindar por su vida\u201d,dice Ivonne a casi un a\u00f1o de que le arrancaron a su hijo. Es viernes y atardece en el barrio de los desalojos y supercl\u00e1sicos. El pedido por justicia grita desde la remera negra de Ivonne, en las banderas que atraviesan la calle Su\u00e1rez y en los est\u00e9nciles que multiplican la sonrisa de Pablo en decenas de pa\u00f1uelos. Y ese pedido no est\u00e1 solo, se hace fuerte en el abrazo incondicional de otras madres que perdieron a sus hijos e hijas en manos de la represi\u00f3n estatal.<\/strong><\/p>\n<p><strong>\u201cHay que seguir con la vida \u2013apuesta Ivonne- porque fue a ellos a quienes les arrancaron esa vida alegre y de fiesta que ten\u00edan. A ellos no les alcanzaba el d\u00eda, como dice Roxi. Iban al colegio, jugaban al f\u00fatbol, estaban con amigos. Si el d\u00eda pod\u00eda tener 26 horas, para ellos era mejor. Hay que brindar por su vida\u201d<\/strong>. Y qu\u00e9 mejor que brindar en la calle, con m\u00fasica, globos, pelotero, un mural y la palabra de esas mam\u00e1s que, casi al mismo tiempo, lloran, mascan bronca, bailan cuarteto y plantan cara ante tanta injusticia.<img loading=\"lazy\" decoding=\"async\" class=\"alignnone size-full wp-image-8625\" src=\"http:\/\/fmriachuelo.com.ar\/wp-content\/uploads\/2018\/11\/WhatsApp-Image-2018-11-26-at-09.57.43-1.jpeg\" alt=\"\" width=\"960\" height=\"640\" \/><strong>\u201cSomos todas mam\u00e1s que nos miramos y tenemos el pin, la remera, que cada cumplea\u00f1os de nuestros pibes hacemos esto. Y quiz\u00e1s para el vecino o la vecina somos los locos pero nos dejaron en esta condici\u00f3n, recordando y diciendo Kiki ten\u00edas 17, hoy tendr\u00edas 27, y te recuerdo y te voy a recordar hasta el resto de mi vida, s\u00f3lo el d\u00eda que me muera no te voy a recordar, no voy a pedir justicia, ah\u00ed no voy a caminar m\u00e1s\u201d<\/strong>, dice entre l\u00e1grimas Ang\u00e9lica Urquiza, mam\u00e1 de Kiki Lezcano, asesinado el 8 de julio de 2009 por un polic\u00eda de la Federal.<\/p>\n<p>Roxana Cainzos es la mam\u00e1 de Nehu\u00e9n, otro adolescente de La Boca que perdi\u00f3 su vida a los 18, atropellado por un patrullero de la Polic\u00eda Metropolitana que cruz\u00f3 en rojo, sin sirenas y en contramano. Junto con Ivonne y con Carolina -mam\u00e1 de Lucas Cabello, tambi\u00e9n del barrio, v\u00edctima y sobreviviente del gatillo f\u00e1cil- abrieron el merendero \u201cMadres en lucha\u201d. <strong>\u201cLa verdad que somos una familia que nos alentamos unas a otras y nos acompa\u00f1amos en cada momento. Nos encantar\u00eda que puedan copiar eso de las madres que somos de distintos pensamientos, quiz\u00e1s, pero en distintas formas siempre estamos unidas y vamos para adelante a pelear contra el mismo monstruo que es el neoliberalismo que nos est\u00e1 matando a nuestros pibes. Lo importante es que dejen de reprimirlos y matarlos, que le den trabajo y educaci\u00f3n\u201d<\/strong>, dice Roxi, incansable.<\/p>\n<p>Entre todas las mam\u00e1s hay un hombre. Un pap\u00e1. Es Alfredo, padre de Florencia \u201cLa China\u201d Cuellar, asesinada en diciembre de 2012, junto a otras 9 chicas, en la c\u00e1rcel de mujeres de Ezeiza, por defender los derechos de sus compa\u00f1eras. Alfredo tambi\u00e9n toma la palabra: <strong>\u201cEl Estado tiene que ser responsable, el chico tiene derecho al estudio, a la salud, a una vivienda digna, porque para eso est\u00e1 el Estado, y no empujarlos al abismo para que en alg\u00fan momento cometan un error y mandarlos a la c\u00e1rcel para que ah\u00ed se pudran. Nos tienen que escuchar a nosotros los familiares porque somos pobres y estamos condenados a vivir ah\u00ed. Los familiares unidos s\u00ed somos hoy una amenaza para el Estado y sabemos que sigue sosteniendo e implementando la violencia, que la Justicia tiene la balanza inclinada a favor de los poderosos, de la corrupci\u00f3n y de la impunidad. Por eso es muy importante acompa\u00f1ar porque no es f\u00e1cil perder un hijo, sobrellevar esta mochila cargada de dolor, impotencia y discriminaci\u00f3n\u201d.<\/strong><\/p>\n<p>Las mam\u00e1s se miran y una a una pasan al micr\u00f3fono. Cada una relata su historia, la de su hijo; todas hablan de injusticia, de un sistema estatal que reprime a los pibes, a los pobres. Pero todas y cada una tambi\u00e9n destaca esa uni\u00f3n que las sostiene y que buscan, se replique. Tambi\u00e9n se\u00f1alan que encuentran justicia social en cada movida, cada marcha, cada festival que, como este primer cumplea\u00f1os sin Pablo, re\u00fane a familias, amigos, militantes. <strong>\u201cEse cari\u00f1o, ese beso y ese abrazo que nos damos, nos fortalece. Nosotras, m\u00e1s all\u00e1 de nuestra cara muy triste y el coraz\u00f3n partido, juntamos fuerza para seguir luchando. Pedir justicia nos fortalece y nos hace ponernos de pie. No queremos que le pase esto a otro de los pibes\u201d<\/strong>, asegura Ivonne.<\/p>\n<p>La luna sale en La Boca y bajo su luz, los amigos y los hermanos y hermanas de Pablo tambi\u00e9n buscan su manera de recordarlo. De decir cu\u00e1nto lo extra\u00f1an. Con su imagen en alto y en cada pecho, una letra; forman, unidos, su nombre. El baile contin\u00faa en Su\u00e1rez e Irala. Es una noche m\u00e1s sin Pablo y un d\u00eda m\u00e1s de lucha para que se haga justicia.<\/p>\n<p>Pablo por Ivonne<\/p>\n<p>\u201cNaci\u00f3 en la provincia de Salta y vinimos a sus 12 a\u00f1os. \u00c9l amaba al futbol y a los animales. En casa ten\u00eda una suerte de granja, yo lo cargaba. Ten\u00eda su gallina, pollito, su perro, y hasta un d\u00eda vino con un caballo que se encontr\u00f3. Y a los dos d\u00edas apareci\u00f3 el due\u00f1o, era chiquito el caballo. Y el due\u00f1o se re\u00eda cuando lo encontr\u00f3. Muy simp\u00e1tico lo invit\u00f3 a que venga de vez en cuando a darle de comer a los animales. Hasta le pidi\u00f3 que le regalara una vaca. Me acuerdo que yo le dec\u00eda que me parec\u00eda mucho, y se le ocurri\u00f3 que un chancho era mejor. Siempre se encontraba un animalito y lo tra\u00eda. \u00c9l siempre estaba con su perro porque siempre dec\u00eda que era su amigo fiel\u201d.<\/p>\n<p><strong>*FM Riachuelo\/FM La Caterva\/La Retaguardia\/Agencia Paco Urondo\/Sur Capitalino\/Radio Gr\u00e1fica\/Radio Presente.<\/strong><br \/>\n<strong>(Desde el Colectivo de Medios Populares producimos en unidad como urgencia y como apuesta. Coincidimos en que la comunicaci\u00f3n no es mercanc\u00eda. Nos encontramos, ensamblamos, complementamos, potenciamos y existimos, intentando romper con una m\u00e1xima que buscan imponer como natural: que entre iguales, solo queda competir)<\/strong><\/p>\n","protected":false},"excerpt":{"rendered":"<p>[Por Colectivo de Medios Populares* 26\/11\/2018]El 19 de noviembre Juan Pablo Kukoc hubiera cumplido 19 a\u00f1os. Pero las balas del polic\u00eda Luis Chocobar terminaron con su vida apenas un mes despu\u00e9s de llegar a los 18. Sin embargo, y como parte de esa lucha por justicia parida de tanto dolor, su mam\u00e1 Ivonne, sus hermanes [&hellip;]<\/p>\n","protected":false},"author":5,"featured_media":8624,"comment_status":"open","ping_status":"open","sticky":false,"template":"","format":"standard","meta":{"_monsterinsights_skip_tracking":false,"_monsterinsights_sitenote_active":false,"_monsterinsights_sitenote_note":"","_monsterinsights_sitenote_category":0,"jnews-multi-image_gallery":[],"jnews_single_post":[],"jnews_primary_category":[],"_joinchat":[],"footnotes":""},"categories":[78,76,77],"tags":[],"class_list":["post-8623","post","type-post","status-publish","format-standard","has-post-thumbnail","hentry","category-economia-popular","category-salud-comunitaria","category-soberania"],"_links":{"self":[{"href":"http:\/\/fmriachuelo.it10.com.ar\/index.php\/wp-json\/wp\/v2\/posts\/8623","targetHints":{"allow":["GET"]}}],"collection":[{"href":"http:\/\/fmriachuelo.it10.com.ar\/index.php\/wp-json\/wp\/v2\/posts"}],"about":[{"href":"http:\/\/fmriachuelo.it10.com.ar\/index.php\/wp-json\/wp\/v2\/types\/post"}],"author":[{"embeddable":true,"href":"http:\/\/fmriachuelo.it10.com.ar\/index.php\/wp-json\/wp\/v2\/users\/5"}],"replies":[{"embeddable":true,"href":"http:\/\/fmriachuelo.it10.com.ar\/index.php\/wp-json\/wp\/v2\/comments?post=8623"}],"version-history":[{"count":0,"href":"http:\/\/fmriachuelo.it10.com.ar\/index.php\/wp-json\/wp\/v2\/posts\/8623\/revisions"}],"wp:featuredmedia":[{"embeddable":true,"href":"http:\/\/fmriachuelo.it10.com.ar\/index.php\/wp-json\/"}],"wp:attachment":[{"href":"http:\/\/fmriachuelo.it10.com.ar\/index.php\/wp-json\/wp\/v2\/media?parent=8623"}],"wp:term":[{"taxonomy":"category","embeddable":true,"href":"http:\/\/fmriachuelo.it10.com.ar\/index.php\/wp-json\/wp\/v2\/categories?post=8623"},{"taxonomy":"post_tag","embeddable":true,"href":"http:\/\/fmriachuelo.it10.com.ar\/index.php\/wp-json\/wp\/v2\/tags?post=8623"}],"curies":[{"name":"wp","href":"https:\/\/api.w.org\/{rel}","templated":true}]}}