{"id":8617,"date":"2018-11-23T03:11:22","date_gmt":"2018-11-23T03:11:22","guid":{"rendered":"http:\/\/fmriachuelo.com.ar\/?p=8617"},"modified":"2018-11-23T03:11:22","modified_gmt":"2018-11-23T03:11:22","slug":"la-responsabilidad-es-de-las-politicas-de-persecucion-del-gobierno","status":"publish","type":"post","link":"http:\/\/fmriachuelo.it10.com.ar\/index.php\/2018\/11\/23\/la-responsabilidad-es-de-las-politicas-de-persecucion-del-gobierno\/","title":{"rendered":"LA RESPONSABILIDAD ES DE LAS POLITICAS DE PERSECUCI\u00d3N DEL GOBIERNO"},"content":{"rendered":"<p><strong>[FM Riachuelo 23\/11\/2018]<\/strong>La represi\u00f3n Estatal contin\u00faa y se agudiza y las muertes las sigue poniendo el pueblo trabajador que lucha por sus derechos. El acceso a una vivienda digna, es un derecho constitucional que no le interesa cumplir a este Estado Capitalista, que asesina a quienes exigen politicas de Estado fundamentales para poder tener una vida que cuente con las condiciones m\u00ednimas.<\/p>\n<p>Con motivo de la muerte del militante de la Confederaci\u00f3n de Trabajadores de la Econom\u00eda Popular (CTEP), que fue fusilado por la polic\u00eda esta madrugada, en la localidad bonaerense de Ciudad Evita, partido de La Matanza, hoy las 17 hs se realiz\u00f3 una conferencia de prensa en la sede de la CTEP, en Pedro Echag\u00fae 1265, en el barrio de Constituci\u00f3n, con una presencia multitudinaria de las organizaciones sociales.<br \/>\nLamentablemente, no es la primera vez que nos toca ver de cerca una perdida en las organizaciones sociales, por casos de represi\u00f3n, y estas circunstancias tienen que ver con este modelo sitem\u00e1tico que aplica el Gobierno sobre la clase trabajadora y el campo popular, que lucha por tierra, techo y trabajo.Durante la conferencia de prensa, Bel\u00e9n Rosas de la OLP, expres\u00f3 <strong>\u00abLa violencia del Estado esta madrugada lleg\u00f3 a un punto fatal y esa violencia del Estado est\u00e1 todos los d\u00edas y los compa\u00f1eros y comap\u00f1eras la sufren cotidianamente, la violencia de no tener un techo y de no saber que hacer con sus hijos y con sus hijas es cotidiana\u00bb.<\/strong><img loading=\"lazy\" decoding=\"async\" class=\"alignnone size-full wp-image-8621\" src=\"http:\/\/fmriachuelo.com.ar\/wp-content\/uploads\/2018\/11\/WhatsApp-Image-2018-11-22-at-23.55.37-1.jpeg\" alt=\"\" width=\"1032\" height=\"774\" \/>Tambi\u00e9n, Lito Borello, Secretario de Derechos Humanos de la CTEP, fue contundente cuando dijo:<strong>\u00abNo son los momentos m\u00e1s faciles que uno tiene que transitar y sentir que nuestro pueblo y sus organizaciones tienen la capacidad, la generosidad y la inteligencia de entender que cuando nos golpean a uno nos golpean a todos, esto es claramente un s\u00edmbolo de estatura que tiene nuestro pueblo, porque est\u00e1 claro que hay un enemigo y viene por nosotros y ac\u00e1 hay un solo culpable y son las pol\u00edticas que generan estas desigualdades y estas injusticias\u00bb.<\/strong><\/p>\n<p>Ante una clara responsabilidad de este gobierno, que persigue al sector popular, el mensaje de solidaridad de los trabajadores deja en claro que la sangre derramada no ser\u00e1 negociada y el pueblo, a pesar de ser oprimido, seguir\u00e1 resistiendo.<\/p>\n<p>&nbsp;<\/p>\n<p>&nbsp;<\/p>\n","protected":false},"excerpt":{"rendered":"<p>[FM Riachuelo 23\/11\/2018]La represi\u00f3n Estatal contin\u00faa y se agudiza y las muertes las sigue poniendo el pueblo trabajador que lucha por sus derechos. El acceso a una vivienda digna, es un derecho constitucional que no le interesa cumplir a este Estado Capitalista, que asesina a quienes exigen politicas de Estado fundamentales para poder tener una [&hellip;]<\/p>\n","protected":false},"author":5,"featured_media":8620,"comment_status":"open","ping_status":"open","sticky":false,"template":"","format":"standard","meta":{"_monsterinsights_skip_tracking":false,"_monsterinsights_sitenote_active":false,"_monsterinsights_sitenote_note":"","_monsterinsights_sitenote_category":0,"jnews-multi-image_gallery":[],"jnews_single_post":[],"jnews_primary_category":[],"_joinchat":[],"footnotes":""},"categories":[78,76,74,77],"tags":[],"class_list":["post-8617","post","type-post","status-publish","format-standard","has-post-thumbnail","hentry","category-economia-popular","category-salud-comunitaria","category-san-cayetano","category-soberania"],"_links":{"self":[{"href":"http:\/\/fmriachuelo.it10.com.ar\/index.php\/wp-json\/wp\/v2\/posts\/8617","targetHints":{"allow":["GET"]}}],"collection":[{"href":"http:\/\/fmriachuelo.it10.com.ar\/index.php\/wp-json\/wp\/v2\/posts"}],"about":[{"href":"http:\/\/fmriachuelo.it10.com.ar\/index.php\/wp-json\/wp\/v2\/types\/post"}],"author":[{"embeddable":true,"href":"http:\/\/fmriachuelo.it10.com.ar\/index.php\/wp-json\/wp\/v2\/users\/5"}],"replies":[{"embeddable":true,"href":"http:\/\/fmriachuelo.it10.com.ar\/index.php\/wp-json\/wp\/v2\/comments?post=8617"}],"version-history":[{"count":0,"href":"http:\/\/fmriachuelo.it10.com.ar\/index.php\/wp-json\/wp\/v2\/posts\/8617\/revisions"}],"wp:featuredmedia":[{"embeddable":true,"href":"http:\/\/fmriachuelo.it10.com.ar\/index.php\/wp-json\/"}],"wp:attachment":[{"href":"http:\/\/fmriachuelo.it10.com.ar\/index.php\/wp-json\/wp\/v2\/media?parent=8617"}],"wp:term":[{"taxonomy":"category","embeddable":true,"href":"http:\/\/fmriachuelo.it10.com.ar\/index.php\/wp-json\/wp\/v2\/categories?post=8617"},{"taxonomy":"post_tag","embeddable":true,"href":"http:\/\/fmriachuelo.it10.com.ar\/index.php\/wp-json\/wp\/v2\/tags?post=8617"}],"curies":[{"name":"wp","href":"https:\/\/api.w.org\/{rel}","templated":true}]}}