{"id":860,"date":"2014-12-17T18:48:00","date_gmt":"2014-12-17T18:48:00","guid":{"rendered":"http:\/\/fmriachuelo.observatorioess.org.ar\/index.php\/2014\/12\/17\/matan-a-tiros-al-padre-de-dos-sicarios-presos-en-rosario\/"},"modified":"2025-03-17T12:49:36","modified_gmt":"2025-03-17T15:49:36","slug":"matan-a-tiros-al-padre-de-dos-sicarios-presos-en-rosario","status":"publish","type":"post","link":"http:\/\/fmriachuelo.it10.com.ar\/index.php\/2014\/12\/17\/matan-a-tiros-al-padre-de-dos-sicarios-presos-en-rosario\/","title":{"rendered":"MATAN A TIROS AL PADRE DE DOS SICARIOS PRESOS EN ROSARIO"},"content":{"rendered":"<p><span style=\"color: black;font-family: Verdana, sans-serif\">UNA ESPIRAL DE VIOLENCIA Y MUERTE<\/span><br \/><span style=\"color: red;font-family: Verdana, sans-serif;font-size: large\"><b>ROSARIO BAJO FUEGO<\/b><\/span><br \/><span style=\"font-family: Verdana, sans-serif\">Miguel Damario&nbsp;padre de los hermanos Damario&nbsp;procesados por el homicidio de Lucas Espina  fue ultimado&nbsp;el domingo&nbsp;al mediod\u00eda de tres disparos en la zona sur de Rosario. Uno de los hijos de la v\u00edctima es se\u00f1alado adem\u00e1s como el autor del crimen del Claudio \u00abP\u00e1jaro\u00bb Cantero.<\/span><br \/><a name='more'><\/a><span style=\"font-family: Verdana, sans-serif\">El s\u00e1bado 26 de enero de 2013 a Norma Bustos le mataron a su \u00fanico hijo. Se llamaba Lucas, ten\u00eda 25 a\u00f1os y estaba en la esquina de su casa, cuando tres plomos lo alcanzaron, seg\u00fan la investigaci\u00f3n judicial, por error: los hermanos Milton y Jos\u00e9 Damario buscaban liquidar a Joel, un amigo de Lucas enfrentado desde chico con los tiradores. Eso no alcanz\u00f3 para callarla. \u00abS\u00e9 que con la droga se paga todo \u2013se justific\u00f3 en una entrevista con la periodista Florencia Coll\u2013. No tengo miedo de que me peguen un tiro porque desde el s\u00e1bado ese, yo ya estoy muerta. Por eso les digo: que vengan y me maten. Van a matar un cuerpo porque yo estoy muerta hace rato.\u00bb<br \/>Milton y Jos\u00e9 Damario fueron detenidos en marzo pasado acusados del asesinato de Lucas Espina ocurrido en enero de 2013. En tanto la mam\u00e1 de Lucas, Norma fue acribillada cerca de su casa el mes pasado, tras denunciar insistentemente a los narcotraficantes del barrio como autores del crimen de su hijo.<br \/>Cuatro a\u00f1os antes, Norma hab\u00eda pedido al diario La Capital: \u00abVengan al barrio. Queremos contarles que s\u00f3lo queremos vivir en paz, pero no podemos m\u00e1s\u00bb, ante los reiterados episodios de violencia desatada en el marco de disputas entre soldaditos de bandas narco radicadas en la zona.<br \/>Como presuntos autores materiales del asesinato del joven fueron procesados por la justicia los hermanos Damario, dos conocidos hampones a sueldo del barrio La Tablada vinculados a varios hechos de sangre, entre ellos la ejecuci\u00f3n de Cantero, el l\u00edder de Los Monos.<br \/>\u00abLo que est\u00e1 pasando en Santa Fe es grav\u00edsimo y el gobernador no est\u00e1 haciendo la lectura correcta. El narcotr\u00e1fico ya compr\u00f3 a la polic\u00eda, al poder pol\u00edtico y judicial, pero no puede comprar a una madre\u00bb, dijo  Norma Casta\u00f1o, una mam\u00e1 que como Norma se enfrenta a los narcos.<\/span><br \/><span style=\"color: blue;font-family: Verdana\">Fuente: Producci\u00f3n Riachuelo, Infonuews<\/span><\/p>\n<div style=\"clear: both;text-align: center\"><a href=\"http:\/\/1.bp.blogspot.com\/-RzL8eHimGJg\/VJHPlQy7I0I\/AAAAAAAACAY\/0dHyt6XGTEE\/s1600\/COOP%2BRIACHIUELO%2BPRODUCCIONES.jpg\" style=\"clear: left;float: left;margin-bottom: 1em;margin-right: 1em\"><img loading=\"lazy\" decoding=\"async\" border=\"0\" src=\"http:\/\/1.bp.blogspot.com\/-RzL8eHimGJg\/VJHPlQy7I0I\/AAAAAAAACAY\/0dHyt6XGTEE\/s1600\/COOP%2BRIACHIUELO%2BPRODUCCIONES.jpg\" height=\"58\" width=\"200\" \/><\/a><\/div>\n","protected":false},"excerpt":{"rendered":"<p>UNA ESPIRAL DE VIOLENCIA Y MUERTEROSARIO BAJO FUEGOMiguel Damario&nbsp;padre de los hermanos Damario&nbsp;procesados por el homicidio de Lucas Espina fue ultimado&nbsp;el domingo&nbsp;al mediod\u00eda de tres disparos en la zona sur de Rosario. Uno de los hijos de la v\u00edctima es se\u00f1alado adem\u00e1s como el autor del crimen del Claudio \u00abP\u00e1jaro\u00bb Cantero.El s\u00e1bado 26 de enero [&hellip;]<\/p>\n","protected":false},"author":4,"featured_media":0,"comment_status":"open","ping_status":"open","sticky":false,"template":"","format":"standard","meta":{"_monsterinsights_skip_tracking":false,"_monsterinsights_sitenote_active":false,"_monsterinsights_sitenote_note":"","_monsterinsights_sitenote_category":0,"jnews-multi-image_gallery":[],"jnews_single_post":{"format":"standard"},"jnews_primary_category":[],"_joinchat":[],"footnotes":""},"categories":[58],"tags":[147],"class_list":["post-860","post","type-post","status-publish","format-standard","hentry","category-noticiariachuelo","tag-habitat"],"_links":{"self":[{"href":"http:\/\/fmriachuelo.it10.com.ar\/index.php\/wp-json\/wp\/v2\/posts\/860","targetHints":{"allow":["GET"]}}],"collection":[{"href":"http:\/\/fmriachuelo.it10.com.ar\/index.php\/wp-json\/wp\/v2\/posts"}],"about":[{"href":"http:\/\/fmriachuelo.it10.com.ar\/index.php\/wp-json\/wp\/v2\/types\/post"}],"author":[{"embeddable":true,"href":"http:\/\/fmriachuelo.it10.com.ar\/index.php\/wp-json\/wp\/v2\/users\/4"}],"replies":[{"embeddable":true,"href":"http:\/\/fmriachuelo.it10.com.ar\/index.php\/wp-json\/wp\/v2\/comments?post=860"}],"version-history":[{"count":1,"href":"http:\/\/fmriachuelo.it10.com.ar\/index.php\/wp-json\/wp\/v2\/posts\/860\/revisions"}],"predecessor-version":[{"id":22058,"href":"http:\/\/fmriachuelo.it10.com.ar\/index.php\/wp-json\/wp\/v2\/posts\/860\/revisions\/22058"}],"wp:attachment":[{"href":"http:\/\/fmriachuelo.it10.com.ar\/index.php\/wp-json\/wp\/v2\/media?parent=860"}],"wp:term":[{"taxonomy":"category","embeddable":true,"href":"http:\/\/fmriachuelo.it10.com.ar\/index.php\/wp-json\/wp\/v2\/categories?post=860"},{"taxonomy":"post_tag","embeddable":true,"href":"http:\/\/fmriachuelo.it10.com.ar\/index.php\/wp-json\/wp\/v2\/tags?post=860"}],"curies":[{"name":"wp","href":"https:\/\/api.w.org\/{rel}","templated":true}]}}