{"id":8598,"date":"2018-11-22T16:36:34","date_gmt":"2018-11-22T16:36:34","guid":{"rendered":"http:\/\/fmriachuelo.com.ar\/?p=8598"},"modified":"2018-11-22T16:36:34","modified_gmt":"2018-11-22T16:36:34","slug":"otra-vez-mas-la-lucha-por-el-suelo-y-la-vivienda-se-cobra-una-vida","status":"publish","type":"post","link":"http:\/\/fmriachuelo.it10.com.ar\/index.php\/2018\/11\/22\/otra-vez-mas-la-lucha-por-el-suelo-y-la-vivienda-se-cobra-una-vida\/","title":{"rendered":"\u00abREPUDIAMOS AL ESTADO GENDARME, QUIEREN HACER DE LA ARGENTINA UN LUGAR DIFICIL DE VIVIR\u00bb"},"content":{"rendered":"<p><strong>[FM Riachuelo 22\/11\/2018] Este mediod\u00eda en un chispazo informativo hablamos con Lito Borello, Secretario de Derechos Humanos de la Confederaci\u00f3n de Trabajadores de la Econom\u00eda Popular (CTEP) por el asesinato del dirigente barrial y militante de la CTEP Rodolfo Orellana asesinado por la polic\u00eda esta madrugada.<\/strong><\/p>\n<p>Ante un operativo ordenado por el Gobierno Nacional y Provincial desalojaron violentamente a las \u00a0familias ante un intento de ocupar los\u00a0 terrenos \u00a0de \u00a0naci\u00f3n ubicados en Puente 12, de La Matanza. Rodolfo Orellana, dirigente barrial de la zona, militante de la CTEP, fue asesinado con una bala de plomo. Tambi\u00e9n hay varios detenidos y heridos.<\/p>\n<p><img loading=\"lazy\" decoding=\"async\" class=\"wp-image-8613 size-medium aligncenter\" src=\"http:\/\/fmriachuelo.com.ar\/wp-content\/uploads\/2018\/11\/WhatsApp-Image-2018-11-22-at-10.25.45-AM-2-225x300.jpeg\" alt=\"\" width=\"225\" height=\"300\" \/><\/p>\n<p>Durante el chispazo informativo Lito Borello, repudi\u00f3 el hecho y se solidarizo con la familia de Orellana y con sus compa\u00f1eros y compa\u00f1eras.<\/p>\n<p>Tambi\u00e9n expres\u00f3: <strong>\u201cRepudiamos el Estado gendarme de este gobierno,que est\u00e1 haciendo de la Argentina un lugar muy dif\u00edcil de vivir, un lugar peligroso, un lugar donde se decide r\u00e1pidamente reprimir y matar a compa\u00f1eros de los sectores populares. Que seguramente no est\u00e1n m\u00e1s que intentando solucionar un problema grave como es el de la vivienda\u201d.<\/strong><\/p>\n<p>Escucha la entrevista completa:\u00a0<a href=\"https:\/\/soundcloud.com\/prensa-fm-riachuelo\/chispazo-informativo\">https:\/\/soundcloud.com\/prensa-fm-riachuelo\/chispazo-informativo<\/a><\/p>\n","protected":false},"excerpt":{"rendered":"<p>[FM Riachuelo 22\/11\/2018] Este mediod\u00eda en un chispazo informativo hablamos con Lito Borello, Secretario de Derechos Humanos de la Confederaci\u00f3n de Trabajadores de la Econom\u00eda Popular (CTEP) por el asesinato del dirigente barrial y militante de la CTEP Rodolfo Orellana asesinado por la polic\u00eda esta madrugada. Ante un operativo ordenado por el Gobierno Nacional y [&hellip;]<\/p>\n","protected":false},"author":5,"featured_media":8602,"comment_status":"open","ping_status":"open","sticky":false,"template":"","format":"standard","meta":{"_monsterinsights_skip_tracking":false,"_monsterinsights_sitenote_active":false,"_monsterinsights_sitenote_note":"","_monsterinsights_sitenote_category":0,"jnews-multi-image_gallery":[],"jnews_single_post":[],"jnews_primary_category":[],"_joinchat":[],"footnotes":""},"categories":[80,76,74],"tags":[],"class_list":["post-8598","post","type-post","status-publish","format-standard","has-post-thumbnail","hentry","category-educacion","category-salud-comunitaria","category-san-cayetano"],"_links":{"self":[{"href":"http:\/\/fmriachuelo.it10.com.ar\/index.php\/wp-json\/wp\/v2\/posts\/8598","targetHints":{"allow":["GET"]}}],"collection":[{"href":"http:\/\/fmriachuelo.it10.com.ar\/index.php\/wp-json\/wp\/v2\/posts"}],"about":[{"href":"http:\/\/fmriachuelo.it10.com.ar\/index.php\/wp-json\/wp\/v2\/types\/post"}],"author":[{"embeddable":true,"href":"http:\/\/fmriachuelo.it10.com.ar\/index.php\/wp-json\/wp\/v2\/users\/5"}],"replies":[{"embeddable":true,"href":"http:\/\/fmriachuelo.it10.com.ar\/index.php\/wp-json\/wp\/v2\/comments?post=8598"}],"version-history":[{"count":0,"href":"http:\/\/fmriachuelo.it10.com.ar\/index.php\/wp-json\/wp\/v2\/posts\/8598\/revisions"}],"wp:featuredmedia":[{"embeddable":true,"href":"http:\/\/fmriachuelo.it10.com.ar\/index.php\/wp-json\/"}],"wp:attachment":[{"href":"http:\/\/fmriachuelo.it10.com.ar\/index.php\/wp-json\/wp\/v2\/media?parent=8598"}],"wp:term":[{"taxonomy":"category","embeddable":true,"href":"http:\/\/fmriachuelo.it10.com.ar\/index.php\/wp-json\/wp\/v2\/categories?post=8598"},{"taxonomy":"post_tag","embeddable":true,"href":"http:\/\/fmriachuelo.it10.com.ar\/index.php\/wp-json\/wp\/v2\/tags?post=8598"}],"curies":[{"name":"wp","href":"https:\/\/api.w.org\/{rel}","templated":true}]}}