{"id":8586,"date":"2018-11-21T02:18:01","date_gmt":"2018-11-21T02:18:01","guid":{"rendered":"http:\/\/fmriachuelo.com.ar\/?p=8586"},"modified":"2018-11-21T02:18:01","modified_gmt":"2018-11-21T02:18:01","slug":"despedidos-de-siamel-apoyo-que-tenemos-de-tantos-sectores-mantiene-viva-esta-lucha","status":"publish","type":"post","link":"http:\/\/fmriachuelo.it10.com.ar\/index.php\/2018\/11\/21\/despedidos-de-siamel-apoyo-que-tenemos-de-tantos-sectores-mantiene-viva-esta-lucha\/","title":{"rendered":"DESPEDIDOS DE SIAM:\u00bbEL APOYO QUE TENEMOS DE TANTOS SECTORES MANTIENE VIVA ESTA LUCHA\u00bb"},"content":{"rendered":"<p><strong>[FM Riachuelo 20\/11\/2018]Hoy en el programa Rompe el Cerco Informativo entrevistamos a Luciano, trabajador despedido de SIAM, para conversar acerca de la situaci\u00f3n de los 20 trabajadores que fueron despedidos el d\u00eda lunes 12 y que hoy se manifestaron con un corte de transito en Avellaneda a las 7:30.<\/strong><\/p>\n<p>Los y las trabajadoras despedidos de la f\u00e1brica de electrodom\u00e9sticos, iniciaron desde el primer d\u00eda una protesta pac\u00edfica frente a las puertas de la planta ubicada en Coronel Molinedo 1600, Pi\u00f1eiro para visibilizar su situaci\u00f3n y reclamar por la incorporaci\u00f3n del mas del 15% de la planta. Adem\u00e1s exigen que se retiren los 100 efectivos policiales que hoy permanecen en la f\u00e1brica custodiando la salida y entrada de camiones.<\/p>\n<p>Luego de una semana de protesta en la que los vecinos y diversas organizaciones sociales y pol\u00edticas se solidarizaron con los trabajadores, este d\u00eda martes realizaron un corte en Mitre al 200 desde las 7:30 y marcharon hacia el Ministerio de Trabajo, en reclamo de su reincorporaci\u00f3n. Adem\u00e1s el d\u00eda domingo 18 organizaron un festival\u00a0 con bandas, shows, espacios de juego y talleres para visibilizar la dif\u00edcil situaci\u00f3n que hoy est\u00e1n pasando.<\/p>\n<p>Luciano nos cuenta que: \u00ab<em>No presentaron ning\u00fan preventivo. Incumpliendo con la ley 24.013, donde se plantea que para echar al 15% de la planta, hay que demostrar que hay perdida y esta empresa no lo est\u00e1 haciendo<\/em>\u00ab. Adem\u00e1s comento que \u00ab<em>el Ministerio de Trabajo dict\u00f3 la conciliaci\u00f3n obligatoria con todos los trabajadores adentro, la cual no est\u00e1 siendo cumplida por la empresa. Los trabajadores seguimos acampando<\/em>\u00ab.<\/p>\n<p>\u00abTenemos una situaci\u00f3n militarizada. La polic\u00eda comparte los comedores, comparte los ba\u00f1os. Est\u00e1n en los puestos de trabajo de la planta. Es una situaci\u00f3n ilegal, porque no hay ninguna orden de un juez que proclame que tiene que estar la polic\u00eda. Estos que est\u00e1n en la planta es por un pago de un adicional que pone la empresa\u00bb contaba Luciano acerca del ambiente que se vive dentro y fuera de SIAM.<\/p>\n<p>Por otro lado, trabajadores despedidos de Gaelle, diferentes comisiones internas, vecinos y vecinas, adem\u00e1s de organizaciones sociales y pol\u00edticas se acercaron al acampe para manifestar su apoyo a los trabajadores de SIAM y al movimiento obrero organizado.<\/p>\n<p>Escucha la entrevista\u00a0<a href=\"https:\/\/radiocut.fm\/audiocut\/el-apoyo-que-tenemos-de-tantos-sectores-mantiene-viva-esta-lucha-luciano\/\" target=\"_blank\" rel=\"noopener\"><strong><span style=\"color: #ff0000\">ac\u00e1<\/span><\/strong><\/a><\/p>\n","protected":false},"excerpt":{"rendered":"<p>[FM Riachuelo 20\/11\/2018]Hoy en el programa Rompe el Cerco Informativo entrevistamos a Luciano, trabajador despedido de SIAM, para conversar acerca de la situaci\u00f3n de los 20 trabajadores que fueron despedidos el d\u00eda lunes 12 y que hoy se manifestaron con un corte de transito en Avellaneda a las 7:30. Los y las trabajadoras despedidos de [&hellip;]<\/p>\n","protected":false},"author":5,"featured_media":8588,"comment_status":"open","ping_status":"open","sticky":false,"template":"","format":"standard","meta":{"_monsterinsights_skip_tracking":false,"_monsterinsights_sitenote_active":false,"_monsterinsights_sitenote_note":"","_monsterinsights_sitenote_category":0,"jnews-multi-image_gallery":[],"jnews_single_post":[],"jnews_primary_category":[],"_joinchat":[],"footnotes":""},"categories":[76,75],"tags":[],"class_list":["post-8586","post","type-post","status-publish","format-standard","has-post-thumbnail","hentry","category-salud-comunitaria","category-trabajo"],"_links":{"self":[{"href":"http:\/\/fmriachuelo.it10.com.ar\/index.php\/wp-json\/wp\/v2\/posts\/8586","targetHints":{"allow":["GET"]}}],"collection":[{"href":"http:\/\/fmriachuelo.it10.com.ar\/index.php\/wp-json\/wp\/v2\/posts"}],"about":[{"href":"http:\/\/fmriachuelo.it10.com.ar\/index.php\/wp-json\/wp\/v2\/types\/post"}],"author":[{"embeddable":true,"href":"http:\/\/fmriachuelo.it10.com.ar\/index.php\/wp-json\/wp\/v2\/users\/5"}],"replies":[{"embeddable":true,"href":"http:\/\/fmriachuelo.it10.com.ar\/index.php\/wp-json\/wp\/v2\/comments?post=8586"}],"version-history":[{"count":0,"href":"http:\/\/fmriachuelo.it10.com.ar\/index.php\/wp-json\/wp\/v2\/posts\/8586\/revisions"}],"wp:featuredmedia":[{"embeddable":true,"href":"http:\/\/fmriachuelo.it10.com.ar\/index.php\/wp-json\/"}],"wp:attachment":[{"href":"http:\/\/fmriachuelo.it10.com.ar\/index.php\/wp-json\/wp\/v2\/media?parent=8586"}],"wp:term":[{"taxonomy":"category","embeddable":true,"href":"http:\/\/fmriachuelo.it10.com.ar\/index.php\/wp-json\/wp\/v2\/categories?post=8586"},{"taxonomy":"post_tag","embeddable":true,"href":"http:\/\/fmriachuelo.it10.com.ar\/index.php\/wp-json\/wp\/v2\/tags?post=8586"}],"curies":[{"name":"wp","href":"https:\/\/api.w.org\/{rel}","templated":true}]}}