{"id":858,"date":"2014-12-18T02:04:00","date_gmt":"2014-12-18T02:04:00","guid":{"rendered":"http:\/\/fmriachuelo.observatorioess.org.ar\/index.php\/2014\/12\/18\/se-reanudan-las-relaciones-diplomaticas-entre-cuba-y-ee-uu\/"},"modified":"2025-03-17T12:51:55","modified_gmt":"2025-03-17T15:51:55","slug":"se-reanudan-las-relaciones-diplomaticas-entre-cuba-y-ee-uu","status":"publish","type":"post","link":"http:\/\/fmriachuelo.it10.com.ar\/index.php\/2014\/12\/18\/se-reanudan-las-relaciones-diplomaticas-entre-cuba-y-ee-uu\/","title":{"rendered":"SE REANUDAN LAS RELACIONES DIPLOMATICAS ENTRE CUBA Y EE.UU"},"content":{"rendered":"<p><span style=\"color: black;font-family: Times New Roman\">&nbsp;ACUERDO ENTRE CUBA Y EE.UU.<\/span><br \/><span style=\"color: red;font-family: Verdana, sans-serif;font-size: large\"><strong>&nbsp;\u00abHISTORICO\u00bb<\/strong><\/span><br \/><a href=\"http:\/\/2.bp.blogspot.com\/-o_7CWUv1L5E\/VJI1hoz_6II\/AAAAAAAACA0\/2jBtM5sXqAg\/s1600\/obama-castro-300x150.jpg\" style=\"clear: left;float: left;margin-bottom: 1em;margin-right: 1em;text-align: center\"><img decoding=\"async\" border=\"0\" src=\"http:\/\/2.bp.blogspot.com\/-o_7CWUv1L5E\/VJI1hoz_6II\/AAAAAAAACA0\/2jBtM5sXqAg\/s1600\/obama-castro-300x150.jpg\" \/><\/a><br \/><strong style=\"font-family: Verdana, sans-serif\">Los gobiernos de Estados Unidos y Cuba dieron este mi\u00e9rcoles un paso hist\u00f3rico al anunciar el restablecimiento de las relaciones diplom\u00e1ticas, que han estado interrumpidas durante m\u00e1s de medio siglo.<\/strong><br \/><span style=\"font-family: Verdana, sans-serif\">En una alocuci\u00f3n transmitida en cadena nacional, el presidente Ra\u00fal Castro expres\u00f3 que la decisi\u00f3n de Obama de cambiar la pol\u00edtica hacia la isla merece \u201crespeto y reconocimiento\u201d del pueblo cubano. \u201cHemos acordado el restablecimiento de las relaciones diplom\u00e1ticas, pero no quiere decir que lo principal se haya resuelto\u201d, advirti\u00f3 en alusi\u00f3n al bloqueo econ\u00f3mico estadounidense a la isla.<br \/>\u201cEl bloqueo econ\u00f3mico comercial y financiero que provoca enormes da\u00f1os humanos y econ\u00f3micos a nuestro pa\u00eds, debe cesar. Aunque las medidas del bloqueo han sido convertidas en ley, el Presidente de Estados Unidos puede modificar su aplicaci\u00f3n acorde a sus facultades ejecutivas\u201d, dijo.<br \/>\u201cProponemos al gobierno de EE.UU. que adopte medidas mutuas para mejorar el clima bilateral y avanzar hacia la normalizaci\u00f3n de los v\u00ednculos\u201d, apunt\u00f3.<br \/>Tambi\u00e9n confirm\u00f3 la liberaci\u00f3n de tres agentes cubanos presos en Estados Unidos, as\u00ed como las del contratista estadounidense Alan Gross y de un \u201cesp\u00eda de origen cubano\u201d al servicio de Washington en Cuba.<\/span><br \/><a name='more'><\/a><span style=\"font-family: Verdana, sans-serif\">\u201cArribaron hoy a nuestra patria Gerardo (Hern\u00e1ndez), Ram\u00f3n (Laba\u00f1ino) y Antonio (Guerrero)\u201d, los tres cubanos que segu\u00edan presos en Estados Unidos, de los cinco agentes detenidos en 1998 y condenados a largas penas de prisi\u00f3n por espionaje.<br \/>Los otros dos agentes del grupo de los cinco, Ren\u00e9 Gonz\u00e1lez y Fernando Gonz\u00e1lez, regresaron a la isla tras cumplir sus sentencias, a fines de 2011 y comienzos de 2014, respectivamente.<br \/>La Habana hab\u00eda desarrollado una gran campa\u00f1a internacional por la liberaci\u00f3n de sus \u201ccinco h\u00e9roes\u201d. Hasta ahora ninguno de los dos pa\u00edses hab\u00eda informado sobre el \u201cesp\u00eda de origen cubano\u201d.<br \/>\u201cEsta decisi\u00f3n del presidente Obama merece el respeto y reconocimiento de nuestro pueblo\u201d, a\u00f1adi\u00f3 Castro, junto con agradecer el apoyo del papa Francisco y del gobierno de Canad\u00e1 en el acercamiento entre Cuba y Estados Unidos, enfrentados por disputas pol\u00edticas desde el triunfo de la revoluci\u00f3n de Fidel Castro en 1959.<\/span><br \/><span style=\"font-family: Verdana, sans-serif\"><\/span><\/p>\n<h3><span style=\"font-family: Verdana, sans-serif\"><strong>Todos somos americanos<\/strong><\/span><\/h3>\n<p><span style=\"font-family: Verdana, sans-serif\">Mientras en su discurso, Obama pidi\u00f3 al Congreso de su pa\u00eds que inicie un debate \u201chonesto\u201d y \u201cserio\u201d sobre la suspensi\u00f3n del embargo econ\u00f3mico unilateral sobre Cuba decretado en 1961.<br \/>El mandatario norteamericano dijo que EE.UU. pondr\u00e1 fin a su \u201cposici\u00f3n desactualizada\u201d hacia Cuba y comenzar\u00e1 a normalizar relaciones. Tambi\u00e9n anunci\u00f3 que los dos pa\u00edses han acordado iniciar v\u00ednculos econ\u00f3micos y de viajes.<br \/>\u201cEl incremento del comercio y el flujo de informaci\u00f3n beneficiar\u00e1 a ambos pueblos\u201d, dijo el mandatario.<br \/>Agreg\u00f3 que el objetivo de sus medidas es fomentar la libertad y la apertura. En su discurso desde la sala del gabinete, Obama indic\u00f3 que el aislamiento de Cuba no ha dado resultados y es hora de aplicar un nuevo enfoque.<br \/>Adem\u00e1s, indic\u00f3 que a su gobierno le interesa trabajar por la democracia y los derechos humanos en Cuba. El presidente se\u00f1al\u00f3 que cree en el \u201cflujo de libre informaci\u00f3n\u201d y que \u201cning\u00fan cubano debe ser acosado\u201d. En esta l\u00ednea, dijo que los ciudadanos cubanos \u201cdeben poder formar sindicatos y participar en politica\u201d.<br \/>\u201cNo pienso que estos anuncios cambien Cuba de la noche a la ma\u00f1ana\u201d, reconoci\u00f3 el presidente, quien habl\u00f3 en espa\u00f1ol para decir: \u201cTodos somos americanos\u201d. Obama subray\u00f3 que \u201ccambiar no es f\u00e1cil\u201d, pero que EEUU \u201cextiende una mano al pueblo cubano\u201d.<br \/>Tambi\u00e9n destac\u00f3 la implicaci\u00f3n del papa Francisco en el proceso de negociaciones entre ambos pa\u00edses.<br \/><span style=\"color: blue\">Fuente: Nodal, Producci\u00f3n Riachuelo<\/span><\/span><\/p>\n<div style=\"clear: both;text-align: center\"><a href=\"http:\/\/1.bp.blogspot.com\/-W7p1kKwVrIs\/VJI19Cc5Y1I\/AAAAAAAACA8\/ZnDvgK1mgzQ\/s1600\/COOP%2BRIACHIUELO%2BPRODUCCIONES.jpg\" style=\"clear: left;float: left;margin-bottom: 1em;margin-right: 1em\"><img loading=\"lazy\" decoding=\"async\" border=\"0\" src=\"http:\/\/1.bp.blogspot.com\/-W7p1kKwVrIs\/VJI19Cc5Y1I\/AAAAAAAACA8\/ZnDvgK1mgzQ\/s1600\/COOP%2BRIACHIUELO%2BPRODUCCIONES.jpg\" height=\"58\" width=\"200\" \/><\/a><\/div>\n","protected":false},"excerpt":{"rendered":"<p>&nbsp;ACUERDO ENTRE CUBA Y EE.UU.&nbsp;\u00abHISTORICO\u00bbLos gobiernos de Estados Unidos y Cuba dieron este mi\u00e9rcoles un paso hist\u00f3rico al anunciar el restablecimiento de las relaciones diplom\u00e1ticas, que han estado interrumpidas durante m\u00e1s de medio siglo.En una alocuci\u00f3n transmitida en cadena nacional, el presidente Ra\u00fal Castro expres\u00f3 que la decisi\u00f3n de Obama de cambiar la pol\u00edtica hacia [&hellip;]<\/p>\n","protected":false},"author":4,"featured_media":0,"comment_status":"open","ping_status":"open","sticky":false,"template":"","format":"standard","meta":{"_monsterinsights_skip_tracking":false,"_monsterinsights_sitenote_active":false,"_monsterinsights_sitenote_note":"","_monsterinsights_sitenote_category":0,"jnews-multi-image_gallery":[],"jnews_single_post":{"format":"standard"},"jnews_primary_category":[],"_joinchat":[],"footnotes":""},"categories":[58],"tags":[70,167],"class_list":["post-858","post","type-post","status-publish","format-standard","hentry","category-noticiariachuelo","tag-de-la-patria-grande","tag-politica-internacional"],"_links":{"self":[{"href":"http:\/\/fmriachuelo.it10.com.ar\/index.php\/wp-json\/wp\/v2\/posts\/858","targetHints":{"allow":["GET"]}}],"collection":[{"href":"http:\/\/fmriachuelo.it10.com.ar\/index.php\/wp-json\/wp\/v2\/posts"}],"about":[{"href":"http:\/\/fmriachuelo.it10.com.ar\/index.php\/wp-json\/wp\/v2\/types\/post"}],"author":[{"embeddable":true,"href":"http:\/\/fmriachuelo.it10.com.ar\/index.php\/wp-json\/wp\/v2\/users\/4"}],"replies":[{"embeddable":true,"href":"http:\/\/fmriachuelo.it10.com.ar\/index.php\/wp-json\/wp\/v2\/comments?post=858"}],"version-history":[{"count":1,"href":"http:\/\/fmriachuelo.it10.com.ar\/index.php\/wp-json\/wp\/v2\/posts\/858\/revisions"}],"predecessor-version":[{"id":22060,"href":"http:\/\/fmriachuelo.it10.com.ar\/index.php\/wp-json\/wp\/v2\/posts\/858\/revisions\/22060"}],"wp:attachment":[{"href":"http:\/\/fmriachuelo.it10.com.ar\/index.php\/wp-json\/wp\/v2\/media?parent=858"}],"wp:term":[{"taxonomy":"category","embeddable":true,"href":"http:\/\/fmriachuelo.it10.com.ar\/index.php\/wp-json\/wp\/v2\/categories?post=858"},{"taxonomy":"post_tag","embeddable":true,"href":"http:\/\/fmriachuelo.it10.com.ar\/index.php\/wp-json\/wp\/v2\/tags?post=858"}],"curies":[{"name":"wp","href":"https:\/\/api.w.org\/{rel}","templated":true}]}}