{"id":8573,"date":"2018-11-20T19:55:59","date_gmt":"2018-11-20T19:55:59","guid":{"rendered":"http:\/\/fmriachuelo.com.ar\/?p=8573"},"modified":"2018-11-20T19:55:59","modified_gmt":"2018-11-20T19:55:59","slug":"somos-tierra-para-alimentar-a-los-pueblos","status":"publish","type":"post","link":"http:\/\/fmriachuelo.it10.com.ar\/index.php\/2018\/11\/20\/somos-tierra-para-alimentar-a-los-pueblos\/","title":{"rendered":"SOMOS TIERRA PARA ALIMENTAR A LOS PUEBLOS"},"content":{"rendered":"<p><strong>[FM RIACHUELO 20\/11\/2018] Decenas de organizaciones del agro realizaron hoy alrededor de 20 mil ferias en todo el pa\u00eds. La actividad central se llevo a cabo en la Ciudad de Buenos Aires, donde se hizo un feriazo en Plaza de Mayo desde las 11 hs .El objetivo de esta jornada, que se inici\u00f3 con una marcha que sali\u00f3 desde El Congreso, es visibilizar la crisis que atraviesan los trabajadores de la econom\u00eda popular, las Pymes agropecuarias, los peque\u00f1os productores, los campesinos, los \u00a0artesanos , los pueblos originarios. Adem\u00e1s, expresaron \u00a0el repudio contra el modelo que lleva adelante el gobierno de Cambiemos.<\/strong><\/p>\n<p>No es la primera vez que los peque\u00f1os productores utilizan el recurso del feriazo para denunciar la concentraci\u00f3n y extranjerizaci\u00f3n en el sector y exponer a los \u00a0grupos econ\u00f3micos que son los responsables del desmonte y la contaminaci\u00f3n.<\/p>\n<p>La suba en los servicios p\u00fablicos y el aumento de los insumos acorrala a los peque\u00f1os y medianos productores, por este motivo, las organizaciones de este \u00a0sector consideran que la seguridad alimentaria de las familias argentinas est\u00e1 en riesgo.<\/p>\n<p><img loading=\"lazy\" decoding=\"async\" class=\"aligncenter wp-image-8575 size-large\" src=\"http:\/\/fmriachuelo.com.ar\/wp-content\/uploads\/2018\/11\/46482957_2008356442552894_3840836540955623424_o-1024x683.jpg\" alt=\"\" width=\"640\" height=\"427\" \/><\/p>\n<p>Respecto a este plan de lucha, Luciana Vazquez del Instituto Nacional de Tecnolog\u00eda Agropecuaria \u00a0expres\u00f3\u201d<strong><em> Esta actividad tiene la consigna de frenar el ajuste y viene de la mano de una movilizaci\u00f3n en defensa de la agricultura familiar, ya que se termin\u00f3 de desintegrar la Secretar\u00eda de Agricultura Familiar a trav\u00e9s de los despidos y todo esto es parte el recorte, que lo que hace es invisibilizar al sector de la agricultura campesina, a las econom\u00edas regionales y por eso hoy queremos demostrar que somos un sector muy amplio, que engloba a much\u00edsimos trabajadores y much\u00edsimas familias \u00a0y que este es el sector que produce alimentos de consumo diario, cotidiano y popular\u201d.<\/em><\/strong><\/p>\n<p>En este marco de emergencia social, los peque\u00f1os productores le exigen al Gobierno Nacional Subsidios para la producci\u00f3n, un plan de mejoramiento de la infraestructura agropecuaria, cumplimiento de la legislaci\u00f3n vigente que reconoce el derecho ancestral de acceso a sus tierras, planes nacionales para el acceso a la tierra para la agricultura familiar y regulaci\u00f3n de los alquileres de tierras para la producci\u00f3n.<\/p>\n<p>En el puesto del \u00a0Paseo de la econom\u00eda popular Mart\u00edn Oso Cisneros, de la Agrupaci\u00f3n social y pol\u00edtica Los Pibes y la CTEP, Marta Zanagua \u00a0afirm\u00f3 acerca del tema <strong><em>\u201cEste gobierno se est\u00e1 encargando de desalojar a los trabajadores de la tierra de sus lugares, le han sacado el subsidio que ellos ten\u00edan que les ayudaba a re armar sus huertas cuando hab\u00eda temporales y hoy les aumentan la luz, el agua\u00a0 y los alquileres y as\u00ed es muy dif\u00edcil poder trabajar.\u201d<\/em><\/strong><\/p>\n<p>Por \u00faltimo, Gustavo Costilla de la Asociaci\u00f3n Civil Vientos de Libertad, quien estuvo presente en la feria, dijo<strong><em>\u201d Estamos ac\u00e1 haci\u00e9ndole el aguante a los peque\u00f1os agricultores\u00a0 contra el ajuste, porque nosotros somos la uni\u00f3n, fuerza, la resistencia y la lucha de las organizaciones del pueblo\u201d.<\/em><\/strong><\/p>\n<p><img loading=\"lazy\" decoding=\"async\" class=\"aligncenter wp-image-8576 size-large\" src=\"http:\/\/fmriachuelo.com.ar\/wp-content\/uploads\/2018\/11\/46495113_2008356372552901_534778214954827776_o-1024x683.jpg\" alt=\"\" width=\"640\" height=\"427\" \/><\/p>\n<p>Este feriazo \u00a0demuestra la lucha de un sector precarizado, \u00a0que trabaja\u00a0 para \u00a0producir un sistema alimentario m\u00e1s justo, para que el pueblo pueda acceder a comidas saludables y deja ver claramente que sin la agricultura familiar y las econom\u00edas regionales, todo el pueblo se perjudicar\u00e1 con alimentos de peor calidad y m\u00e1s caros por el manejo de las multinacionales.<\/p>\n","protected":false},"excerpt":{"rendered":"<p>[FM RIACHUELO 20\/11\/2018] Decenas de organizaciones del agro realizaron hoy alrededor de 20 mil ferias en todo el pa\u00eds. La actividad central se llevo a cabo en la Ciudad de Buenos Aires, donde se hizo un feriazo en Plaza de Mayo desde las 11 hs .El objetivo de esta jornada, que se inici\u00f3 con una [&hellip;]<\/p>\n","protected":false},"author":5,"featured_media":8574,"comment_status":"open","ping_status":"open","sticky":false,"template":"","format":"standard","meta":{"_monsterinsights_skip_tracking":false,"_monsterinsights_sitenote_active":false,"_monsterinsights_sitenote_note":"","_monsterinsights_sitenote_category":0,"jnews-multi-image_gallery":[],"jnews_single_post":[],"jnews_primary_category":[],"_joinchat":[],"footnotes":""},"categories":[76,74,126,75],"tags":[],"class_list":["post-8573","post","type-post","status-publish","format-standard","has-post-thumbnail","hentry","category-salud-comunitaria","category-san-cayetano","category-soberania-alimentaria","category-trabajo"],"_links":{"self":[{"href":"http:\/\/fmriachuelo.it10.com.ar\/index.php\/wp-json\/wp\/v2\/posts\/8573","targetHints":{"allow":["GET"]}}],"collection":[{"href":"http:\/\/fmriachuelo.it10.com.ar\/index.php\/wp-json\/wp\/v2\/posts"}],"about":[{"href":"http:\/\/fmriachuelo.it10.com.ar\/index.php\/wp-json\/wp\/v2\/types\/post"}],"author":[{"embeddable":true,"href":"http:\/\/fmriachuelo.it10.com.ar\/index.php\/wp-json\/wp\/v2\/users\/5"}],"replies":[{"embeddable":true,"href":"http:\/\/fmriachuelo.it10.com.ar\/index.php\/wp-json\/wp\/v2\/comments?post=8573"}],"version-history":[{"count":0,"href":"http:\/\/fmriachuelo.it10.com.ar\/index.php\/wp-json\/wp\/v2\/posts\/8573\/revisions"}],"wp:featuredmedia":[{"embeddable":true,"href":"http:\/\/fmriachuelo.it10.com.ar\/index.php\/wp-json\/"}],"wp:attachment":[{"href":"http:\/\/fmriachuelo.it10.com.ar\/index.php\/wp-json\/wp\/v2\/media?parent=8573"}],"wp:term":[{"taxonomy":"category","embeddable":true,"href":"http:\/\/fmriachuelo.it10.com.ar\/index.php\/wp-json\/wp\/v2\/categories?post=8573"},{"taxonomy":"post_tag","embeddable":true,"href":"http:\/\/fmriachuelo.it10.com.ar\/index.php\/wp-json\/wp\/v2\/tags?post=8573"}],"curies":[{"name":"wp","href":"https:\/\/api.w.org\/{rel}","templated":true}]}}