{"id":8565,"date":"2018-11-13T18:37:46","date_gmt":"2018-11-13T18:37:46","guid":{"rendered":"http:\/\/fmriachuelo.com.ar\/?p=8565"},"modified":"2018-11-13T18:37:46","modified_gmt":"2018-11-13T18:37:46","slug":"los-sectores-populares-luchan-para-gambetear-la-pobreza","status":"publish","type":"post","link":"http:\/\/fmriachuelo.it10.com.ar\/index.php\/2018\/11\/13\/los-sectores-populares-luchan-para-gambetear-la-pobreza\/","title":{"rendered":"LOS SECTORES POPULARES LUCHAN PARA GAMBETEAR LA POBREZA"},"content":{"rendered":"<p><strong>Este martes 13 de Noviembre, Las organizaciones sociales que forman parte del Encuentro de Movimientos Populares de la Ciudad, concentraron en la intersecci\u00f3n de Paseo Col\u00f3n y Garay, CABA y desde all\u00ed movilizaron al Ministerio de Ambiente y Espacio P\u00fablico, para reclamar por trabajo y barrios limpios.<\/strong><\/p>\n<p>Lxs trabajadores de las cooperativas y de las organizaciones sociales esperan poder hablar con el Ministro Macchiavelli, para exigirle que concrete el armado de la mesa de trabajo que les prometieron a principio de este a\u00f1o, ya que a trav\u00e9s de esta mesa, se pueden dar las respuestas concretas que este sector popular necesita.<br \/>\nLa realidad cotidiana de lxs trabajadores es desesperante, ante una inflaci\u00f3n que llega casi a un 50% y con una canasta familiar b\u00e1sica que hoy supera los 22.000$, que pone al sector en vulnerabilidad constante. Si bien vienen resistiendo los aumentos de las tarifas, alimentos y el transporte, tambi\u00e9n denuncian el recorte de la asistencia por parte del gobierno de la Ciudad a los comedores.<br \/>\nEn esta oportunidad, la protesta es un llamado de atenci\u00f3n, ya que en ocasiones anteriores han llevado propuestas al Ministerio y hasta ahora solo recibieron como respuesta promesas que no se cumplieron. Dina S\u00e1nchez, del Frente Popular Dar\u00edo Santill\u00e1n, dijo sobre esto:<em><strong>\u00bb Nosotros somos cooperativistas que venimos sosteniendo distintos trabajos hace muchos a\u00f1os y sobre todo en la comuna 8. Hace tiempo que el gobierno prefiere contratar empresas grandes y no contrata a los cooperativistas, siendo que desde las organizaciones venimos sosteniendo esta crisis y estamos hoy ac\u00e1, porque hace seis meses entregamos un petitorio y el gobierno hizo o\u00eddos sordos\u201d.<\/strong> <\/em><br \/>\nEste conflicto saca a la luz la escasez y privaciones provocadas por los salarios que est\u00e1n cobrando los cooperativistas, que est\u00e1n por debajo de la l\u00ednea de pobreza y es por eso que no abandonan la lucha que vienen llevando desde hace mucho tiempo, en la que piden una re composici\u00f3n salarial urgente.<br \/>\nLos pedidos concretos son: La apertura del programa de promotores comunitarios de espacios p\u00fablicos, la incorporaci\u00f3n de compa\u00f1eros a las cuadrillas de limpieza y acondicionamiento de fachadas, la ampliaci\u00f3n del programa de servicio p\u00fablico e higiene urbana en zonas vulnerables , entre otras demandas. Pero el tema primordial que quieren reivindicar es que Larreta y Machiavelli vuelvan atr\u00e1s con el recorte salarial y sus pol\u00edticas de pobreza. Luciano Nardulli de la Corriente Clasista Combativa, estuvo presente en el lugar y expres\u00f3<em><strong> \u201c Con esta pol\u00edtica estamos todos los d\u00edas pidiendo contra el hambre y la desocupaci\u00f3n. En los barrios populares donde est\u00e1 la mayor concentraci\u00f3n de villas y barrios carenciados, los comedores y merenderos no dan abasto y nosotros peleamos para gambetear el hambre<\/strong><\/em>\u201d.<br \/>\nLlevaron a delante esta jornada, la CTEP, el Movimiento Evita, el Frente de Organizaciones en Lucha, la Corriente Clasista Combativa, Barrios de pie, la CTA aut\u00f3noma, el Frente Popular Dar\u00edo Santill\u00e1n y la Federaci\u00f3n de Organizaciones de Base, entre otras organizaciones.<\/p>\n","protected":false},"excerpt":{"rendered":"<p>Este martes 13 de Noviembre, Las organizaciones sociales que forman parte del Encuentro de Movimientos Populares de la Ciudad, concentraron en la intersecci\u00f3n de Paseo Col\u00f3n y Garay, CABA y desde all\u00ed movilizaron al Ministerio de Ambiente y Espacio P\u00fablico, para reclamar por trabajo y barrios limpios. Lxs trabajadores de las cooperativas y de las [&hellip;]<\/p>\n","protected":false},"author":5,"featured_media":8566,"comment_status":"open","ping_status":"open","sticky":false,"template":"","format":"standard","meta":{"_monsterinsights_skip_tracking":false,"_monsterinsights_sitenote_active":false,"_monsterinsights_sitenote_note":"","_monsterinsights_sitenote_category":0,"jnews-multi-image_gallery":[],"jnews_single_post":[],"jnews_primary_category":[],"_joinchat":[],"footnotes":""},"categories":[78,76,75],"tags":[],"class_list":["post-8565","post","type-post","status-publish","format-standard","has-post-thumbnail","hentry","category-economia-popular","category-salud-comunitaria","category-trabajo"],"_links":{"self":[{"href":"http:\/\/fmriachuelo.it10.com.ar\/index.php\/wp-json\/wp\/v2\/posts\/8565","targetHints":{"allow":["GET"]}}],"collection":[{"href":"http:\/\/fmriachuelo.it10.com.ar\/index.php\/wp-json\/wp\/v2\/posts"}],"about":[{"href":"http:\/\/fmriachuelo.it10.com.ar\/index.php\/wp-json\/wp\/v2\/types\/post"}],"author":[{"embeddable":true,"href":"http:\/\/fmriachuelo.it10.com.ar\/index.php\/wp-json\/wp\/v2\/users\/5"}],"replies":[{"embeddable":true,"href":"http:\/\/fmriachuelo.it10.com.ar\/index.php\/wp-json\/wp\/v2\/comments?post=8565"}],"version-history":[{"count":0,"href":"http:\/\/fmriachuelo.it10.com.ar\/index.php\/wp-json\/wp\/v2\/posts\/8565\/revisions"}],"wp:featuredmedia":[{"embeddable":true,"href":"http:\/\/fmriachuelo.it10.com.ar\/index.php\/wp-json\/"}],"wp:attachment":[{"href":"http:\/\/fmriachuelo.it10.com.ar\/index.php\/wp-json\/wp\/v2\/media?parent=8565"}],"wp:term":[{"taxonomy":"category","embeddable":true,"href":"http:\/\/fmriachuelo.it10.com.ar\/index.php\/wp-json\/wp\/v2\/categories?post=8565"},{"taxonomy":"post_tag","embeddable":true,"href":"http:\/\/fmriachuelo.it10.com.ar\/index.php\/wp-json\/wp\/v2\/tags?post=8565"}],"curies":[{"name":"wp","href":"https:\/\/api.w.org\/{rel}","templated":true}]}}