{"id":8558,"date":"2018-11-13T17:07:32","date_gmt":"2018-11-13T17:07:32","guid":{"rendered":"http:\/\/fmriachuelo.com.ar\/?p=8558"},"modified":"2018-11-13T17:07:32","modified_gmt":"2018-11-13T17:07:32","slug":"el-gobierno-lleva-adelante-una-agresiva-campana-para-judicializar-la-protesta-social","status":"publish","type":"post","link":"http:\/\/fmriachuelo.it10.com.ar\/index.php\/2018\/11\/13\/el-gobierno-lleva-adelante-una-agresiva-campana-para-judicializar-la-protesta-social\/","title":{"rendered":"\u00abEL GOBIERNO LLEVA ADELANTE UNA AGRESIVA CAMPA\u00d1A PARA JUDICIALIZAR LA PROTESTA SOCIAL\u00bb"},"content":{"rendered":"<p><strong>\u00a0[<\/strong><strong>FM RIACHUELO 13\/11\/ 2018<\/strong><strong>] En el programa Mateando en el Riachuelo conversamos con Lito Borello, actualmente secretario de Derechos Humanos de la CTEP, en el marco de la conferencia de prensa que realizaron los organismos de Derechos Humanos, por la Campa\u00f1a Nacional en Defensa del Derecho a Manifestar bajo la consigna \u201cManifestar es un Derecho, No un Delito\u201d. \u00a0Tambi\u00e9n se solidariz\u00f3 con Luis D\u00b4 Elia \u00a0por la confirmaci\u00f3n de la condena por haber realizado una protesta en la Comisaria 24 en el 2004, luego \u00a0que el militante Mart\u00edn Oso Cisneros fuera asesinado por Juan Carlos Duarte, en complicidad con la polic\u00eda de esa seccional. <\/strong><\/p>\n<p>El secretario de Derechos Humanos, durante la entrevista manifest\u00f3 su preocupaci\u00f3n por la persecuci\u00f3n a los movimientos sociales y sus principales \u00a0dirigentes, que lleva adelante el gobierno nacional. Al respecto expres\u00f3: <strong>\u201c<em>se advierte una gran preocupaci\u00f3n por el avance del gobierno nacional, por sus pol\u00edticas antinacionales, antipopulares. Y en particular, por esta agresiva campa\u00f1a de estigmatizar, de \u00a0criminalizar, judicializar la protesta, los conflictos sociales y a sus dirigentes. En funci\u00f3n de esto se realiza una conferencia de prensa que desde el espacio de Memoria, Verdad y Justicia, de la cual la CTEP es parte, se repudia este avance y actitudes manifiestas de la Ministra Bullrich. Tambi\u00e9n hay una fuerte campa\u00f1a comunicacional desde los medios hegem\u00f3nicos ligados al poder, donde hay toda una argumentaci\u00f3n fascista, xen\u00f3foba y de condenar y \u00a0estigmatizar a las organizaciones\u00bb.<\/em><\/strong><\/p>\n<p><b>En referencia a la condena sentenciada por la C\u00e1mara Federal de Casaci\u00f3n Penal,<\/b><b>\u00a0a\u00a0 Luis D\u00b4 El\u00eda, que se hizo p\u00fablico en el d\u00eda\u00a0de ayer, Lito Borello manifest\u00f3 su solidaridad\u00a0 y apoyo. Recordamos que D\u00b4 El\u00eda junto a Lito Borello, y Luis Bord\u00f3n fueron juzgados el a\u00f1o pasado, por\u00a0 llevar adelante una protesta\u00a0 en la Comisaria 24 en el barrio de la Boca, luego que Juan Carlos Duarte, quien estaba al servicio de esa Seccional, asesinara al militante Mart\u00edn Oso Cisneros.\u00a0\u00a0<\/b><strong>\u00a0\u00bfQue an\u00e1lisis podes hacer de la situaci\u00f3n, teniendo en cuanta que para vos el juicio que transitaron con Luis D\u00b4 Elia por la protesta en la Comisaria, fue un juicio que iba dirigido a criminalizar \u00a0la protesta social? <\/strong><\/p>\n<p>Sin duda, que estas cosas las que suceden a los docentes en Moreno, lo que\u00a0 vive Baradel hace un tiempo, la caza directa de compa\u00f1eros de la CTEP cuando fueron a solidarizarse con los manteros senegaleses que estaban siendo detenidos. Todo esto es parte de la misma pol\u00edtica, de poner en un lugar como un enemigo interno a las organizaciones sociales y sus dirigentes. Por lo tanto, tampoco sorprende esta manera que han elegido tomando a Luis, ratificando su condena, en el marco de todo lo que estamos viviendo. Nos hemos solidarizado con \u00e9l y repudiamos esta actitud que viene teniendo el gobierno. Por cierto, no casualmente en pocos d\u00edas vienen los due\u00f1os del circo, \u00a0viene el G20. Todo esto lo tenemos que inscribir en un modelo de dominaci\u00f3n, que entiende que tiene que convertir a la Argentina en un Estado gendarme, represor, preparado para reprimir la protesta social, \u00a0porque hay historia que este pueblo no se va a dejar mansamente llevar hacia un modelo de dominaci\u00f3n, de hambre y de saqueo.<\/p>\n<p>Por \u00faltimo, desde Mateando en el Riachuelo le preguntaron por la reciente presencia en el barrio del asesino del Militante Mart\u00edn Oso Cisneros, Juan Carlos Duarte, y que interpretaci\u00f3n pol\u00edtica hace de esta situaci\u00f3n. <strong><em>\u201cPareciera que todo est\u00e1 dirigido desde \u00a0una conducci\u00f3n \u00fanica, de quienes manejan el Poder. (\u2026) el asesino del Oso vuelve a aparecer en el barrio, y nos enteramos por los mismos vecinos que est\u00e1n preocupados, porque este personaje al servicio de la polic\u00eda, de los narcos esta libre. Con una actitud desafiante y provocadora, se instala cerca de la Cooperativa de Vivienda <\/em><\/strong>\u00a0<strong>CO.VI.L.PI<\/strong><em><b> que es un s\u00edmbolo para la Organizaci\u00f3n Los Pibes, porque el primer presidente fue Mart\u00edn\u00a0el Oso. Y esa actitud desafiante no es m\u00e1s que parte de todo lo que venimos denunciando. Por suerte el barrio vuelve a reaccionar y denunciar que este asesino esta suelto, y anda amenazando y desafiando en una actitud provocadora\u00bb.\u00a0\u00a0<\/b><\/em><\/p>\n<p><a href=\"https:\/\/radiocut.fm\/audiocut\/el-gobierno-lleva-adelante-una-agresiva-campana-para-judicializar-la-protesta-social\/#f=show&amp;l=recent\"><span style=\"color: #ff0000\"><strong>Compartimos la entrevista completa escucha haciendo clic aqu\u00ed<\/strong><\/span><\/a><\/p>\n","protected":false},"excerpt":{"rendered":"<p>\u00a0[FM RIACHUELO 13\/11\/ 2018] En el programa Mateando en el Riachuelo conversamos con Lito Borello, actualmente secretario de Derechos Humanos de la CTEP, en el marco de la conferencia de prensa que realizaron los organismos de Derechos Humanos, por la Campa\u00f1a Nacional en Defensa del Derecho a Manifestar bajo la consigna \u201cManifestar es un Derecho, [&hellip;]<\/p>\n","protected":false},"author":5,"featured_media":8559,"comment_status":"open","ping_status":"open","sticky":false,"template":"","format":"standard","meta":{"_monsterinsights_skip_tracking":false,"_monsterinsights_sitenote_active":false,"_monsterinsights_sitenote_note":"","_monsterinsights_sitenote_category":0,"jnews-multi-image_gallery":[],"jnews_single_post":[],"jnews_primary_category":[],"_joinchat":[],"footnotes":""},"categories":[79,76],"tags":[],"class_list":["post-8558","post","type-post","status-publish","format-standard","has-post-thumbnail","hentry","category-nadie-se-salva-solo","category-salud-comunitaria"],"_links":{"self":[{"href":"http:\/\/fmriachuelo.it10.com.ar\/index.php\/wp-json\/wp\/v2\/posts\/8558","targetHints":{"allow":["GET"]}}],"collection":[{"href":"http:\/\/fmriachuelo.it10.com.ar\/index.php\/wp-json\/wp\/v2\/posts"}],"about":[{"href":"http:\/\/fmriachuelo.it10.com.ar\/index.php\/wp-json\/wp\/v2\/types\/post"}],"author":[{"embeddable":true,"href":"http:\/\/fmriachuelo.it10.com.ar\/index.php\/wp-json\/wp\/v2\/users\/5"}],"replies":[{"embeddable":true,"href":"http:\/\/fmriachuelo.it10.com.ar\/index.php\/wp-json\/wp\/v2\/comments?post=8558"}],"version-history":[{"count":0,"href":"http:\/\/fmriachuelo.it10.com.ar\/index.php\/wp-json\/wp\/v2\/posts\/8558\/revisions"}],"wp:featuredmedia":[{"embeddable":true,"href":"http:\/\/fmriachuelo.it10.com.ar\/index.php\/wp-json\/"}],"wp:attachment":[{"href":"http:\/\/fmriachuelo.it10.com.ar\/index.php\/wp-json\/wp\/v2\/media?parent=8558"}],"wp:term":[{"taxonomy":"category","embeddable":true,"href":"http:\/\/fmriachuelo.it10.com.ar\/index.php\/wp-json\/wp\/v2\/categories?post=8558"},{"taxonomy":"post_tag","embeddable":true,"href":"http:\/\/fmriachuelo.it10.com.ar\/index.php\/wp-json\/wp\/v2\/tags?post=8558"}],"curies":[{"name":"wp","href":"https:\/\/api.w.org\/{rel}","templated":true}]}}