{"id":8550,"date":"2018-11-12T13:50:53","date_gmt":"2018-11-12T13:50:53","guid":{"rendered":"http:\/\/fmriachuelo.com.ar\/?p=8550"},"modified":"2018-11-12T13:50:53","modified_gmt":"2018-11-12T13:50:53","slug":"encuentro-la-economia-de-lxs-trabajadorxs-conversacion-con-marcelo-reyes","status":"publish","type":"post","link":"http:\/\/fmriachuelo.it10.com.ar\/index.php\/2018\/11\/12\/encuentro-la-economia-de-lxs-trabajadorxs-conversacion-con-marcelo-reyes\/","title":{"rendered":"ENCUENTRO \u00abLA ECONOM\u00cdA DE LXS TRABAJADORXS\u00bb: CONVERSACI\u00d3N CON MARCELO REYES"},"content":{"rendered":"<p>[FM Riachuelo &#8211; Poetas Sociales 12\/11\/2018] En el programa Poetas Sociales, conversamos con Marcelo Reyes de la Cooperativa de Trabajo Centro Alerta de Chile, miembro de la Federaci\u00f3n TRASOL, luego del III Encuentro Sudamericano \u201cLa Econom\u00eda de lxs Trabajadores\u201d que se desarroll\u00f3 en Santiago de Chile los d\u00edas 1, 2 y 3 de noviembre pasado, en donde participaron organizaciones sociales, movimientos de f\u00e1bricas recuperadas, cooperativas de trabajo, sectores universitarios comprometidos con la lucha de lxs trabajadores, de distintos pa\u00edses del continente, como Uruguay, Brasil, Venezuela, Colombia y Argentina. Desde La Boca, particip\u00f3 una delegaci\u00f3n de compa\u00f1eros de la Organizaci\u00f3n Los Pibes representando en el Encuentro a la Confederaci\u00f3n de Trabajadores de la Econom\u00eda Popular (CTEP).<\/p>\n<p>Para Reyes, \u201ceste Encuentro ha sido un hito para nuestras organizaciones, las ense\u00f1anzas van brotando a cada rato. Lo que m\u00e1s rescato es la vocaci\u00f3n de hermandad que se est\u00e1 generando a nivel latinoamericano, regi\u00f3n invadida por el neoliberalismo salvaje que est\u00e1 llevando a nuestros compa\u00f1eros trabajadores y trabajadoras, pobladores y pobladoras, a situaciones cr\u00edticas de marginalidad, de pobreza\u2026 y tambi\u00e9n de p\u00e9rdida de esperanzas\u201d.<\/p>\n<p><img loading=\"lazy\" decoding=\"async\" class=\"aligncenter wp-image-8552 size-large\" src=\"http:\/\/fmriachuelo.com.ar\/wp-content\/uploads\/2018\/11\/WhatsApp-Image-2018-11-11-at-18.42.10-1024x576.jpeg\" alt=\"\" width=\"640\" height=\"360\" \/><\/p>\n<p>En ese sentido, se\u00f1al\u00f3 que los 40 a\u00f1os de neoliberalismo chileno ininterrumpidos, desde Pinochet hasta la actualidad, ha sumido al pueblo chileno en una desesperanza de poder so\u00f1ar con un mundo mejor, y que en los \u00faltimos a\u00f1os se observa un repunte de esta situaci\u00f3n y el Encuentro muestra c\u00f3mo este avance se est\u00e1 materializando. \u201cHoy d\u00eda los compa\u00f1eros y compa\u00f1eras de las poblaciones y en el trabajo est\u00e1n comenzando a organizarse y recuperar esa herramienta b\u00e1sica y vital para cualquier proyecto de transformaci\u00f3n que busque construir una sociedad m\u00e1s justa, que es la organizaci\u00f3n\u201d.<br \/>\nOtro punto central que atraves\u00f3 el encuentro, fue el intercambio de experiencias de autogesti\u00f3n del trabajo, desde una visi\u00f3n emancipadora y contrahegem\u00f3nica. \u201cLa autogesti\u00f3n es una herramienta vital, imprescindible. En Chile no tenemos un Estado al cual demandar gesti\u00f3n de fondos p\u00fablicos. Adem\u00e1s esa autogesti\u00f3n nos permite desarrollar autonom\u00eda pol\u00edtica. Y nos permite vincularnos con otros sectores y emprender proyectos en conjunto. Este encuentro nos dej\u00f3 una gran cantidad de vinculaciones, de otras partes de Santiago y de otras regiones, que ahora como Federaci\u00f3n tendremos que desarrollar estrategias para fortalecerlas. Este es tal vez el desaf\u00edo m\u00e1s grande que nos deja este Encuentro\u201d. Un intercambio, seg\u00fan nos se\u00f1ala, a desarrollar en el \u00e1mbito de la comunicaci\u00f3n, la formaci\u00f3n conjunta y la solidaridad en las luchas.<\/p>\n<p><img loading=\"lazy\" decoding=\"async\" class=\"alignleft wp-image-8551 size-medium\" src=\"http:\/\/fmriachuelo.com.ar\/wp-content\/uploads\/2018\/11\/WhatsApp-Image-2018-11-11-at-18.42.09-300x169.jpeg\" alt=\"\" width=\"300\" height=\"169\" \/>\u201cHay que generar m\u00e1s lazos entre las organizaciones, porque el contexto regional es rudo y vamos a tener que encontrar la manera de protegernos entre todos. Tenemos como lema \u201csi tocan a uno, nos tocan todos\u201d, que hoy incluso traspasa las fronteras. Si tocan a alguien de Los Pibes, si tocan a alguien del MST, si tocan a alg\u00fan compa\u00f1ero de Venezuela, nos tocan a todos. Y eso hay que concretizarlo a trav\u00e9s de los lazos, fortalecer las redes, mayor intercambio, mayor comunicaci\u00f3n entre todos nosotros. Es un escenario dif\u00edcil y tendremos que enfrentarlo con mucha unidad como lo requiere el momento\u201d.<\/p>\n<p>Tambi\u00e9n tuvimos oportunidad de conversar acerca de la Federaci\u00f3n TRASOL y los pasos que vienen dando en el \u00faltimo tiempo. \u201cSomos una Federaci\u00f3n que lleva poquito tiempo, pero una vida que parecen d\u00e9cadas. Nos conformamos en el 2015, y las cooperativas que la conformamos generalmente prestamos servicios. En Chile no tenemos experiencias de empresas recuperadas como en Argentina. Decidimos conformarnos en cooperativa para romper la dependencia patronal, recuperar la plusval\u00eda que el patr\u00f3n nos roba. Los rubros que trabajamos tienen que ver con el \u00e1mbito de la educaci\u00f3n, construcci\u00f3n, administraci\u00f3n, energ\u00edas renovables, servicios de aseo, salud, entre otros servicios. Un fuerte objetivo que nos une es la formaci\u00f3n y la lucha\u201d.<\/p>\n<p>Una econom\u00eda en manos de los y las trabajadoras y unidad de los pueblos que luchan por conquistar su definitiva emancipaci\u00f3n, son las luces que emergieron de este encuentro de la mano de nuestros hermanos poetas sociales transandinos, iluminando el escenario adverso que atraviesa nuestro continente.<\/p>\n<p><a href=\"https:\/\/radiocut.fm\/audiocut\/un-encuentro-de-hermandad-y-unidad-entre-los-pueblos-del-sur\/\">ESCUCH\u00c1 LA ENTREVISTA COMPLETA<\/a><\/p>\n<p><img loading=\"lazy\" decoding=\"async\" class=\"wp-image-8555 size-large aligncenter\" src=\"http:\/\/fmriachuelo.com.ar\/wp-content\/uploads\/2018\/11\/WhatsApp-Image-2018-11-11-at-18.42.12-1024x576.jpeg\" alt=\"\" width=\"640\" height=\"360\" \/><\/p>\n","protected":false},"excerpt":{"rendered":"<p>[FM Riachuelo &#8211; Poetas Sociales 12\/11\/2018] En el programa Poetas Sociales, conversamos con Marcelo Reyes de la Cooperativa de Trabajo Centro Alerta de Chile, miembro de la Federaci\u00f3n TRASOL, luego del III Encuentro Sudamericano \u201cLa Econom\u00eda de lxs Trabajadores\u201d que se desarroll\u00f3 en Santiago de Chile los d\u00edas 1, 2 y 3 de noviembre pasado, [&hellip;]<\/p>\n","protected":false},"author":5,"featured_media":8553,"comment_status":"open","ping_status":"open","sticky":false,"template":"","format":"standard","meta":{"_monsterinsights_skip_tracking":false,"_monsterinsights_sitenote_active":false,"_monsterinsights_sitenote_note":"","_monsterinsights_sitenote_category":0,"jnews-multi-image_gallery":[],"jnews_single_post":[],"jnews_primary_category":[],"_joinchat":[],"footnotes":""},"categories":[79,76,74,126,75],"tags":[],"class_list":["post-8550","post","type-post","status-publish","format-standard","has-post-thumbnail","hentry","category-nadie-se-salva-solo","category-salud-comunitaria","category-san-cayetano","category-soberania-alimentaria","category-trabajo"],"_links":{"self":[{"href":"http:\/\/fmriachuelo.it10.com.ar\/index.php\/wp-json\/wp\/v2\/posts\/8550","targetHints":{"allow":["GET"]}}],"collection":[{"href":"http:\/\/fmriachuelo.it10.com.ar\/index.php\/wp-json\/wp\/v2\/posts"}],"about":[{"href":"http:\/\/fmriachuelo.it10.com.ar\/index.php\/wp-json\/wp\/v2\/types\/post"}],"author":[{"embeddable":true,"href":"http:\/\/fmriachuelo.it10.com.ar\/index.php\/wp-json\/wp\/v2\/users\/5"}],"replies":[{"embeddable":true,"href":"http:\/\/fmriachuelo.it10.com.ar\/index.php\/wp-json\/wp\/v2\/comments?post=8550"}],"version-history":[{"count":0,"href":"http:\/\/fmriachuelo.it10.com.ar\/index.php\/wp-json\/wp\/v2\/posts\/8550\/revisions"}],"wp:featuredmedia":[{"embeddable":true,"href":"http:\/\/fmriachuelo.it10.com.ar\/index.php\/wp-json\/"}],"wp:attachment":[{"href":"http:\/\/fmriachuelo.it10.com.ar\/index.php\/wp-json\/wp\/v2\/media?parent=8550"}],"wp:term":[{"taxonomy":"category","embeddable":true,"href":"http:\/\/fmriachuelo.it10.com.ar\/index.php\/wp-json\/wp\/v2\/categories?post=8550"},{"taxonomy":"post_tag","embeddable":true,"href":"http:\/\/fmriachuelo.it10.com.ar\/index.php\/wp-json\/wp\/v2\/tags?post=8550"}],"curies":[{"name":"wp","href":"https:\/\/api.w.org\/{rel}","templated":true}]}}