{"id":854,"date":"2014-12-19T10:00:00","date_gmt":"2014-12-19T10:00:00","guid":{"rendered":"http:\/\/fmriachuelo.observatorioess.org.ar\/index.php\/2014\/12\/19\/peru-protesta-contra-el-trabajo-juvenil\/"},"modified":"2025-03-25T12:29:42","modified_gmt":"2025-03-25T15:29:42","slug":"peru-protesta-contra-el-trabajo-juvenil","status":"publish","type":"post","link":"http:\/\/fmriachuelo.it10.com.ar\/index.php\/2014\/12\/19\/peru-protesta-contra-el-trabajo-juvenil\/","title":{"rendered":"PERU: PROTESTA CONTRA EL TRABAJO JUVENIL"},"content":{"rendered":"<p><span style=\"color: red;font-family: Verdana, sans-serif;font-size: large\"><b>CONTRA LA EXPLOTACI<span style=\"font-size: large\">\u00d3<\/span>N&nbsp; <\/b><\/span><\/p>\n<div style=\"clear: both;text-align: center\"><a href=\"http:\/\/4.bp.blogspot.com\/-BfeHHQfNd-0\/VJQpbjj_RZI\/AAAAAAAACDg\/7FTquaFkf7g\/s1600\/protesta-larepublica_jpg_1718483346.jpg\" style=\"clear: left;float: left;margin-bottom: 1em;margin-right: 1em\"><img loading=\"lazy\" decoding=\"async\" border=\"0\" src=\"http:\/\/4.bp.blogspot.com\/-BfeHHQfNd-0\/VJQpbjj_RZI\/AAAAAAAACDg\/7FTquaFkf7g\/s1600\/protesta-larepublica_jpg_1718483346.jpg\" height=\"181\" width=\"320\" \/><\/a><\/div>\n<p><span style=\"font-family: Verdana, sans-serif\">Unas tres mil personas se concentraron el jueves en la Plaza San Mart\u00edn de  Lima para rechazar la promulgaci\u00f3n de la nueva ley de trabajo juvenil.<br \/>Los manifestantes expresaron su descontento con pancartas en contra de la decisi\u00f3n tomada por el presidente Ollanta Humala y el Congreso nacional. La movilizaci\u00f3n intent\u00f3 desplazarse hasta la sede del Legislativo, que estuvo custodiada por agentes de seguridad.<br \/>El nuevo texto legal contempla el pago de sueldo m\u00ednimo (256 d\u00f3lares) para j\u00f3venes de 18 a 24 a\u00f1os por jornadas diarias de ocho horas diarias, afiliaci\u00f3n al seguro social de salud e indemnizaci\u00f3n por despidos injustificados.<br \/>Sin embargo se reducen de 30 d\u00edas a 15 el lapso de tiempo de disfrute de vacaciones y se eliminan bonos por antig\u00fcedad, pago de gratificaciones anuales, seguro de vida y bonos por carga familiar.<br \/>Por su parte el presidente Humala justifica la promulgaci\u00f3n de la ley en el marco de una serie de medidas tomadas para reimpulsar la econom\u00eda, reducir los \u00edndices de desempleo e incrementar la contrataci\u00f3n formal.<\/span><br \/><span style=\"color: blue;font-family: Verdana\">Fuente: Telesur, Producci\u00f3n Riachuelo<\/span><\/p>\n<div style=\"clear: both;text-align: center\"><a href=\"http:\/\/2.bp.blogspot.com\/-YFdHI71qnDI\/VJQlXebyn7I\/AAAAAAAACDI\/cNCkmcYP6e0\/s1600\/COOP%2BRIACHIUELO%2BPRODUCCIONES.jpg\" style=\"clear: left;float: left;margin-bottom: 1em;margin-right: 1em\"><img loading=\"lazy\" decoding=\"async\" border=\"0\" src=\"http:\/\/2.bp.blogspot.com\/-YFdHI71qnDI\/VJQlXebyn7I\/AAAAAAAACDI\/cNCkmcYP6e0\/s1600\/COOP%2BRIACHIUELO%2BPRODUCCIONES.jpg\" height=\"58\" width=\"200\" \/><\/a><\/div>\n","protected":false},"excerpt":{"rendered":"<p>CONTRA LA EXPLOTACI\u00d3N&nbsp; Unas tres mil personas se concentraron el jueves en la Plaza San Mart\u00edn de Lima para rechazar la promulgaci\u00f3n de la nueva ley de trabajo juvenil.Los manifestantes expresaron su descontento con pancartas en contra de la decisi\u00f3n tomada por el presidente Ollanta Humala y el Congreso nacional. La movilizaci\u00f3n intent\u00f3 desplazarse hasta [&hellip;]<\/p>\n","protected":false},"author":4,"featured_media":0,"comment_status":"open","ping_status":"open","sticky":false,"template":"","format":"standard","meta":{"_monsterinsights_skip_tracking":false,"_monsterinsights_sitenote_active":false,"_monsterinsights_sitenote_note":"","_monsterinsights_sitenote_category":0,"jnews-multi-image_gallery":[],"jnews_single_post":{"format":"standard"},"jnews_primary_category":[],"_joinchat":[],"footnotes":""},"categories":[58],"tags":[70],"class_list":["post-854","post","type-post","status-publish","format-standard","hentry","category-noticiariachuelo","tag-de-la-patria-grande"],"_links":{"self":[{"href":"http:\/\/fmriachuelo.it10.com.ar\/index.php\/wp-json\/wp\/v2\/posts\/854","targetHints":{"allow":["GET"]}}],"collection":[{"href":"http:\/\/fmriachuelo.it10.com.ar\/index.php\/wp-json\/wp\/v2\/posts"}],"about":[{"href":"http:\/\/fmriachuelo.it10.com.ar\/index.php\/wp-json\/wp\/v2\/types\/post"}],"author":[{"embeddable":true,"href":"http:\/\/fmriachuelo.it10.com.ar\/index.php\/wp-json\/wp\/v2\/users\/4"}],"replies":[{"embeddable":true,"href":"http:\/\/fmriachuelo.it10.com.ar\/index.php\/wp-json\/wp\/v2\/comments?post=854"}],"version-history":[{"count":1,"href":"http:\/\/fmriachuelo.it10.com.ar\/index.php\/wp-json\/wp\/v2\/posts\/854\/revisions"}],"predecessor-version":[{"id":22064,"href":"http:\/\/fmriachuelo.it10.com.ar\/index.php\/wp-json\/wp\/v2\/posts\/854\/revisions\/22064"}],"wp:attachment":[{"href":"http:\/\/fmriachuelo.it10.com.ar\/index.php\/wp-json\/wp\/v2\/media?parent=854"}],"wp:term":[{"taxonomy":"category","embeddable":true,"href":"http:\/\/fmriachuelo.it10.com.ar\/index.php\/wp-json\/wp\/v2\/categories?post=854"},{"taxonomy":"post_tag","embeddable":true,"href":"http:\/\/fmriachuelo.it10.com.ar\/index.php\/wp-json\/wp\/v2\/tags?post=854"}],"curies":[{"name":"wp","href":"https:\/\/api.w.org\/{rel}","templated":true}]}}