{"id":8531,"date":"2018-11-09T13:02:50","date_gmt":"2018-11-09T13:02:50","guid":{"rendered":"http:\/\/fmriachuelo.com.ar\/?p=8531"},"modified":"2018-11-09T13:02:50","modified_gmt":"2018-11-09T13:02:50","slug":"nehuen-rodriguez-cumplir-anos-con-quienes-ya-no-estan","status":"publish","type":"post","link":"http:\/\/fmriachuelo.it10.com.ar\/index.php\/2018\/11\/09\/nehuen-rodriguez-cumplir-anos-con-quienes-ya-no-estan\/","title":{"rendered":"NEHU\u00c9N RODRIGUEZ: CUMPLIR A\u00d1OS CON QUIENES YA NO EST\u00c1N"},"content":{"rendered":"<p><strong>[ Por Colectivo de Medios Populares* 9\/11\/2018]Un nuevo festival en la fecha de su cumplea\u00f1os, en el barrio que lo vio crecer, nos dio la oportunidad de recordarlo en plena alegr\u00eda. Su vida nos sigue iluminando, en el camino en que continuamos buscando justicia. <\/strong><\/p>\n<p>La calle Palos, casi esquina Pinz\u00f3n, en La Boca, ya comienza a convertirse en un punto de referencia barrial. Es que el Merendero Madres en Lucha brinda una ayuda fundamental en estos tiempos de macrisis, donde la comida escasea, y m\u00e1s a\u00fan la solidaridad. Un espacio de encuentro y de acci\u00f3n para quienes pasaron de ser \u201csimples vecinas de barrio\u201d a mujeres en b\u00fasqueda de justicia por sus pibes, y, en ese camino, por todxs.<\/p>\n<p>Pero adem\u00e1s, porque cada 7 de noviembre se celebra la vida de un vecino inolvidable: Neuhen Rodr\u00edguez. Este quemero que vivi\u00f3 en el barrio de La Boca, hasta diciembre de 2014, cuando Daniel Castagnasso y Jos\u00e9 Daniel Soria Barba a bordo de una camioneta de la por entonces Polic\u00eda Metropolitana, lo atropellaron y mataron casi en el acto mientras circulaban sin sirenas, a alta velocidad y por momentos en contramano por la calle Ram\u00f3n Carrillo.<\/p>\n<p>Los 7 de noviembre entonces se ocupa la calle y se la convierte en fiesta, para \u201ccumplir a\u00f1os con los que no est\u00e1n\u201d, como dir\u00e1 Ang\u00e9lica, la mam\u00e1 del Kiki Lezcano, quien tambi\u00e9n cumple en este mes y que ser\u00e1 celebrado el pr\u00f3ximo s\u00e1bado 10 en Villa 20 de Lugano.<\/p>\n<p>Nos encontramos en La Boca en una fiesta callejera, con toda la fuerza y la bronca que se necesita en un contexto signado por los efectos de la doctrina Chocobar. Con \u201ceste gobierno que hoy tenemos que les dict\u00f3 la pena de muerte a nuestros pibes, y es cuando m\u00e1s tenemos que cuidarlos. No s\u00f3lo con balas los est\u00e1n matando, les sacaron todos los derechos, la educaci\u00f3n, la salud y hasta la comida\u201d dir\u00e1 Dolores, la mam\u00e1 de Ezequiel Demonty, a quien en 2002 la Polic\u00eda Federal oblig\u00f3, luego de torturarlo, a tirarse al Riachuelo. Su cuerpo aparecer\u00eda ya sin vida d\u00edas despu\u00e9s.<\/p>\n<p>Los festejos de cumplea\u00f1os, las pintadas de murales, las marchas, los festivales, en fin, las m\u00faltiples formas de ocupar la calle, son parte del proceso en el que esa lucha, que comienza con la p\u00e9rdida como algo individual, se transforma en un reclamo colectivo. Nehuen es del barrio, de las amigas, las primas, las bandas, las organizaciones. Y es el hijo de las otras madres, que han sufrido esta misma violencia por parte del Estado. Eso se siente en este festejo. Casi no hay persona que no tenga en el cuello o en el pecho la cara de Nehuen.<\/p>\n<p>Este encuentro fue tambi\u00e9n de alegr\u00eda y amor, de ese que sentimos cuando vemos a este quemerito en las pintadas callejeras, o cuando escuchamos sus historias contadas por familiares y amigues. Encontrarnos para celebrar lo que fue la vida de Nehuen nos llena de impulso para seguir batallando contra la represi\u00f3n policial y el gatillo f\u00e1cil. Y, como dir\u00e1 Roxy, su mam\u00e1, para pelear por cada uno de los derechos arrebatados: \u201cestamos ac\u00e1 para festejar la vida, que a nuestros pibes no los arrebate m\u00e1s la polic\u00eda. La idea es que todos tomemos conciencia, como yo en un principio lo mir\u00e9 por televisi\u00f3n, y despu\u00e9s como una vecina com\u00fan, cuando me sucedi\u00f3, hay que salir a las calles, hay que pelear por todos los derechos que nos arrebatan todos los d\u00edas\u201d.<\/p>\n<p>Roxana se emociona cuando habla de las \u201cmadres que le abrazan el alma\u201d y que aqu\u00ed est\u00e1n, y con ellas tambi\u00e9n el Kiki Lezcano, el Paly Alcorta, Juan Pablo Kukoc, Dar\u00edo Santill\u00e1n, el Bocha Rego y tantos\/as otras\/os. Hoy los vemos felices aqu\u00ed, en esta comunidad que ha sabido transformar el dolor en lucha, lo individual en colectivo, el recuerdo en acci\u00f3n. La potencia de lo colectivo y la necesidad de estar en la calle se repite en las intervenciones de las mam\u00e1s y el pap\u00e1 que pasan por el micr\u00f3fono. Alberto Santill\u00e1n, el pap\u00e1 de Dar\u00edo, se expresar\u00e1 tambi\u00e9n en ese sentido: \u201cnuestro lugar son las calles, donde presentamos la lucha, donde nos hacemos fuertes, donde hemos conseguido muchas cosas. Estoy seguro que Dar\u00edo estar\u00eda ac\u00e1, yo estoy como padre, al lado de estas madres que lo dan todo\u201d.<\/p>\n<p>As\u00ed, con el recuerdo de lxs pibes y ocupando la calle, los 7\/11 ya no ser\u00e1n iguales en el barrio de La Boca. Hay un nuevo momento de encuentro, para que no nos arrebaten las sonrisas. Hay un nuevo santito al que venir a celebrar. Hay una nueva historia que comienza a ser escrita.<\/p>\n<p><strong>*FM Riachuelo\/FM La Caterva\/La Retaguardia\/Agencia Paco Urondo\/Sur Capitalino\/Radio Gr\u00e1fica\/Radio Presente<\/strong><br \/>\n<strong>(Desde el Colectivo de Medios Populares producimos en unidad como urgencia y como apuesta. Coincidimos en que la comunicaci\u00f3n no es mercanc\u00eda. Nos encontramos, ensamblamos, complementamos, potenciamos y existimos, intentando romper con una m\u00e1xima que buscan imponer como natural: que entre iguales, solo queda competir)<\/strong><\/p>\n","protected":false},"excerpt":{"rendered":"<p>[ Por Colectivo de Medios Populares* 9\/11\/2018]Un nuevo festival en la fecha de su cumplea\u00f1os, en el barrio que lo vio crecer, nos dio la oportunidad de recordarlo en plena alegr\u00eda. Su vida nos sigue iluminando, en el camino en que continuamos buscando justicia. La calle Palos, casi esquina Pinz\u00f3n, en La Boca, ya comienza [&hellip;]<\/p>\n","protected":false},"author":5,"featured_media":8549,"comment_status":"open","ping_status":"open","sticky":false,"template":"","format":"standard","meta":{"_monsterinsights_skip_tracking":false,"_monsterinsights_sitenote_active":false,"_monsterinsights_sitenote_note":"","_monsterinsights_sitenote_category":0,"jnews-multi-image_gallery":[],"jnews_single_post":[],"jnews_primary_category":[],"_joinchat":[],"footnotes":""},"categories":[78,76,77],"tags":[],"class_list":["post-8531","post","type-post","status-publish","format-standard","has-post-thumbnail","hentry","category-economia-popular","category-salud-comunitaria","category-soberania"],"_links":{"self":[{"href":"http:\/\/fmriachuelo.it10.com.ar\/index.php\/wp-json\/wp\/v2\/posts\/8531","targetHints":{"allow":["GET"]}}],"collection":[{"href":"http:\/\/fmriachuelo.it10.com.ar\/index.php\/wp-json\/wp\/v2\/posts"}],"about":[{"href":"http:\/\/fmriachuelo.it10.com.ar\/index.php\/wp-json\/wp\/v2\/types\/post"}],"author":[{"embeddable":true,"href":"http:\/\/fmriachuelo.it10.com.ar\/index.php\/wp-json\/wp\/v2\/users\/5"}],"replies":[{"embeddable":true,"href":"http:\/\/fmriachuelo.it10.com.ar\/index.php\/wp-json\/wp\/v2\/comments?post=8531"}],"version-history":[{"count":0,"href":"http:\/\/fmriachuelo.it10.com.ar\/index.php\/wp-json\/wp\/v2\/posts\/8531\/revisions"}],"wp:featuredmedia":[{"embeddable":true,"href":"http:\/\/fmriachuelo.it10.com.ar\/index.php\/wp-json\/"}],"wp:attachment":[{"href":"http:\/\/fmriachuelo.it10.com.ar\/index.php\/wp-json\/wp\/v2\/media?parent=8531"}],"wp:term":[{"taxonomy":"category","embeddable":true,"href":"http:\/\/fmriachuelo.it10.com.ar\/index.php\/wp-json\/wp\/v2\/categories?post=8531"},{"taxonomy":"post_tag","embeddable":true,"href":"http:\/\/fmriachuelo.it10.com.ar\/index.php\/wp-json\/wp\/v2\/tags?post=8531"}],"curies":[{"name":"wp","href":"https:\/\/api.w.org\/{rel}","templated":true}]}}