{"id":8525,"date":"2018-11-08T17:14:33","date_gmt":"2018-11-08T17:14:33","guid":{"rendered":"http:\/\/fmriachuelo.com.ar\/?p=8525"},"modified":"2018-11-08T17:14:33","modified_gmt":"2018-11-08T17:14:33","slug":"nehuen-presente-en-la-memoria-del-barrio","status":"publish","type":"post","link":"http:\/\/fmriachuelo.it10.com.ar\/index.php\/2018\/11\/08\/nehuen-presente-en-la-memoria-del-barrio\/","title":{"rendered":"NEHU\u00c9N PRESENTE EN LA MEMORIA DEL BARRIO"},"content":{"rendered":"<p><strong>[FM Riachuelo 8\/11\/2018]<\/strong>\u00a0El mi\u00e9rcoles 7 de noviembre, se realiz\u00f3 un festival en la calle Palos, en el cruce de Brandsen y Pinz\u00f3n, para recordar y pedir justicia por Nehu\u00e9n Rodr\u00edguez en un nuevo aniversario de su cumplea\u00f1os. Esta actividad se llev\u00f3 a cabo con el objetivo de visibilizar los reclamos de las madres que luchan contra el gatillo f\u00e1cil.<\/p>\n<p>El 15 de Diciembre del a\u00f1o 2014, a las 0,30 Nehu\u00e9n volv\u00eda de festejar el ascenso de su Club en su moto, y una Ford Ranger de la polic\u00eda metropolitana, que ven\u00eda alta velocidad y a contramano, y era conducida por el oficial Germ\u00e1n Castagnasso, que estaba acompa\u00f1ado por el inspector Daniel Soria Barba, lo atropell\u00f3 y mat\u00f3 en la intersecci\u00f3n de Brandsen y Carrillo, en el barrio de Barracas.<\/p>\n<p>El festival se llev\u00f3 adelante con mucha participaci\u00f3n popular y el apoyo de las Organizaciones sociales del barrio de La Boca y cont\u00f3 con la presentaci\u00f3n de una muestra fotogr\u00e1fica y tambi\u00e9n con bandas que actuaron en vivo.<\/p>\n<p>Alberto Santill\u00e1n, padre de Dar\u00edo Santill\u00e1n, fusilado en la Estaci\u00f3n de Avellaneda se hizo presente para acompa\u00f1ar a Roxana Cainzos, mam\u00e1 de Nehu\u00e9n, que desde la muerte de su hijo se transform\u00f3 en una luchadora incansable de la justicia y de la batalla en contra del gatillo f\u00e1cil. Durante la jornada, Santill\u00e1n expres\u00f3<em><strong> \u00abEl hecho de estar ac\u00e1 es reafirmar y mostrar la cara y siempre estaremos por una cuesti\u00f3n de compromiso y de saber que no nos van a correr, que los vamos a se\u00f1alar y los vamos a escarchar, para que sepan que no van a caminar tranquilos. Por eso mismo, cuando las mam\u00e1s decidan, iremos a decirle: pedazo de asesino, vos mataste a mi hijo, y por eso estamos, para hacernos fuertes\u201d.<\/strong><\/em><\/p>\n<p><img loading=\"lazy\" decoding=\"async\" class=\"aligncenter wp-image-8527 size-large\" src=\"http:\/\/fmriachuelo.com.ar\/wp-content\/uploads\/2018\/11\/WhatsApp-Image-2018-11-08-at-13.53.41-1024x768.jpeg\" alt=\"\" width=\"640\" height=\"480\" \/><\/p>\n<p>No hace falta mencionar que es llamativo el n\u00famero de v\u00edctimas de gatillo f\u00e1cil que se fueron dando en el barrio de La Boca, una de las madres que no quiso estar ausente fue Ivone Kukok, mam\u00e1 de Juan Pablo. El caso de su hijo es resonante por ser uno de los m\u00e1s recientes y por la contradicci\u00f3n que manifest\u00f3 el gobierno al felicitar al polic\u00eda Chocobar al que se lo imputa de homicidio agravado. Ivonne manifest\u00f3<em><strong>\u00bb Estoy ac\u00e1 para acompa\u00f1ar a Roxana, porque la conozco y tenemos un merendero muy hermoso, se llama \u00abMadres en lucha\u201d, decirle que es un momento dif\u00edcil, con mucho dolor. A nosotras nos arrebataron un hijo y seguimos aqu\u00ed de pie y doy gracias a todas las organizaciones y vecinos que nos fortalecen\u201d.<\/strong><\/em><\/p>\n<p>En este festival se vio el compromiso de muchas otras madres que perdieron a sus hijos en diferentes circunstancias que involucran los abusos de la Fuerza policial. Entre ellas, Dolores Sigampa, mam\u00e1 de Ezequiel de Monti, que fue obligado a arrojarse al riachuelo por efectivos de la polic\u00eda y como consecuencia, Ezequiel muri\u00f3 ahogado. Dolores afirm\u00f3<em><strong>\u201dEste gobierno que tenemos le dict\u00f3 la pena de muerte a nuestros pibes y es cuando m\u00e1s los tenemos que cuidarlos porque nosotros no somos parte del proyecto de ellos, porque ac\u00e1 hay dos proyectos, ricos y pobres, en el proyecto de los pobres donde nos tenemos que cuidar porque no solamente con balas est\u00e1n matando a nuestros pibes, sino tambi\u00e9n le sacaron todos los derechos, la educaci\u00f3n, la salud y hasta la comida\u201d.<\/strong><\/em><\/p>\n<p><img loading=\"lazy\" decoding=\"async\" class=\"aligncenter wp-image-8528 size-large\" src=\"http:\/\/fmriachuelo.com.ar\/wp-content\/uploads\/2018\/11\/WhatsApp-Image-2018-11-08-at-13.33.35-1024x683.jpeg\" alt=\"\" width=\"640\" height=\"427\" \/><\/p>\n<p>Tambi\u00e9n acompa\u00f1\u00f3 con su presencia, Carolina Vila, mam\u00e1 de Lucas Cabello, el joven de La Boca que lucha contra las secuelas de los disparos que sufri\u00f3, mientras su atacante, un polic\u00eda de la metropolitana llegar\u00e1 a la fecha del juicio en libertad. En un marco de emotividad, Carolina dijo<em><strong>\u00abQueremos recordar a Nehu\u00e9n en vida, por eso este festejo es en el d\u00eda de su cumplea\u00f1os y estamos todos unidos porque las mam\u00e1s tenemos memoria, las mam\u00e1s no abandonamos, no perdonamos ni olvidamos\u201d.<\/strong><\/em><\/p>\n<p>Al cierre de la actividad, la Murga \u201cLos Gardelitos\u201d, que siempre acompa\u00f1a a los familiares de v\u00edctimas de violencia institucional, dio una expresi\u00f3n genuina de la cultura y del coraz\u00f3n popular<strong>.<\/strong><\/p>\n<p>&nbsp;<\/p>\n","protected":false},"excerpt":{"rendered":"<p>[FM Riachuelo 8\/11\/2018]\u00a0El mi\u00e9rcoles 7 de noviembre, se realiz\u00f3 un festival en la calle Palos, en el cruce de Brandsen y Pinz\u00f3n, para recordar y pedir justicia por Nehu\u00e9n Rodr\u00edguez en un nuevo aniversario de su cumplea\u00f1os. Esta actividad se llev\u00f3 a cabo con el objetivo de visibilizar los reclamos de las madres que luchan [&hellip;]<\/p>\n","protected":false},"author":5,"featured_media":8526,"comment_status":"open","ping_status":"open","sticky":false,"template":"","format":"standard","meta":{"_monsterinsights_skip_tracking":false,"_monsterinsights_sitenote_active":false,"_monsterinsights_sitenote_note":"","_monsterinsights_sitenote_category":0,"jnews-multi-image_gallery":[],"jnews_single_post":[],"jnews_primary_category":[],"_joinchat":[],"footnotes":""},"categories":[78,80,76,77],"tags":[],"class_list":["post-8525","post","type-post","status-publish","format-standard","has-post-thumbnail","hentry","category-economia-popular","category-educacion","category-salud-comunitaria","category-soberania"],"_links":{"self":[{"href":"http:\/\/fmriachuelo.it10.com.ar\/index.php\/wp-json\/wp\/v2\/posts\/8525","targetHints":{"allow":["GET"]}}],"collection":[{"href":"http:\/\/fmriachuelo.it10.com.ar\/index.php\/wp-json\/wp\/v2\/posts"}],"about":[{"href":"http:\/\/fmriachuelo.it10.com.ar\/index.php\/wp-json\/wp\/v2\/types\/post"}],"author":[{"embeddable":true,"href":"http:\/\/fmriachuelo.it10.com.ar\/index.php\/wp-json\/wp\/v2\/users\/5"}],"replies":[{"embeddable":true,"href":"http:\/\/fmriachuelo.it10.com.ar\/index.php\/wp-json\/wp\/v2\/comments?post=8525"}],"version-history":[{"count":0,"href":"http:\/\/fmriachuelo.it10.com.ar\/index.php\/wp-json\/wp\/v2\/posts\/8525\/revisions"}],"wp:featuredmedia":[{"embeddable":true,"href":"http:\/\/fmriachuelo.it10.com.ar\/index.php\/wp-json\/"}],"wp:attachment":[{"href":"http:\/\/fmriachuelo.it10.com.ar\/index.php\/wp-json\/wp\/v2\/media?parent=8525"}],"wp:term":[{"taxonomy":"category","embeddable":true,"href":"http:\/\/fmriachuelo.it10.com.ar\/index.php\/wp-json\/wp\/v2\/categories?post=8525"},{"taxonomy":"post_tag","embeddable":true,"href":"http:\/\/fmriachuelo.it10.com.ar\/index.php\/wp-json\/wp\/v2\/tags?post=8525"}],"curies":[{"name":"wp","href":"https:\/\/api.w.org\/{rel}","templated":true}]}}