{"id":8518,"date":"2018-11-07T11:56:29","date_gmt":"2018-11-07T11:56:29","guid":{"rendered":"http:\/\/fmriachuelo.com.ar\/?p=8518"},"modified":"2018-11-07T11:56:29","modified_gmt":"2018-11-07T11:56:29","slug":"festival-por-nehuen-rodriguez-elegimos-festejar-porque-era-un-chico-lleno-de-vida","status":"publish","type":"post","link":"http:\/\/fmriachuelo.it10.com.ar\/index.php\/2018\/11\/07\/festival-por-nehuen-rodriguez-elegimos-festejar-porque-era-un-chico-lleno-de-vida\/","title":{"rendered":"FESTIVAL POR NEHUEN RODRIGUEZ: \u00abELEGIMOS FESTEJAR PORQUE ERA UN CHICO LLENO DE VIDA\u00bb"},"content":{"rendered":"<p><strong>[Por Colectivo de Medios Populares* 7\/11\/2018]\u00a0 Hoy cumplir\u00eda a\u00f1os Nehuen Rodr\u00edguez, asesinado en 2014 por el polic\u00eda de la entonces Metropolitana Daniel Germ\u00e1n Castagnasso. Para homenajear al joven y denunciar el gatillo f\u00e1cil habr\u00e1 un festival desde las 18 en la calle Palos entre Brandsen y Pinz\u00f3n, en el barrio de La Boca. Dialogamos con Roxana Cainzos, mam\u00e1 de Nehuen. <\/strong><\/p>\n<p>Este mi\u00e9rcoles se realizar\u00e1 un festival para celebrar la vida de Nehuen y al mismo tiempo denunciar la problem\u00e1tica que origin\u00f3 el hecho que termin\u00f3 en su asesinato. Aquella noche del 15 de diciembre de 2014, Daniel Germ\u00e1n Castagnasso, condenado a 3 a\u00f1os de prisi\u00f3n en suspenso por el juez Julio Baez este a\u00f1o, conduc\u00eda de contramano, a alta velocidad y sin las balizas y sirenas reglamentarias la camioneta policial con la que atropell\u00f3 y mat\u00f3 a Nehuen, que iba a bordo de su moto hacia el festejo por el campeonato que acababa de obtener su querido Hurac\u00e1n. Quien acompa\u00f1aba a Castagnasso en el m\u00f3vil policial era su superior, Jos\u00e9 Daniel Soria Barba, que lleg\u00f3 al juicio en calidad de testigo, pero que hoy est\u00e1 preso por quedarse con drogas secuestradas por la polic\u00eda. Como inform\u00f3 en su momento el Colectivo de Medios Populares, Soria Barba tiene adem\u00e1s una causa por falso testimonio en la causa de Nehuen.<br \/>\nRoxana Cainzos, la mam\u00e1 del joven asesinado, se va convirtiendo en una referencia entre las madres que pelean contra el gatillo f\u00e1cil. A pesar de todo tiene empuje, alegr\u00eda y una gran claridad para analizar la situaci\u00f3n m\u00e1s all\u00e1 de su propia historia. En di\u00e1logo con el Colectivo de Medios Populares, adelant\u00f3:<em><strong> \u201cAc\u00e1 estamos, preparando todo para el mi\u00e9rcoles 7 de noviembre a las 18 horas que vamos a estar sobre Palos, entre Brandsen y Pinz\u00f3n. Habr\u00e1 bandas, murgas, Los Gardelitos, Pelotero y Payasa. Un d\u00eda para festejar. Elegimos esa fecha porque era su cumplea\u00f1os, y siempre fue un chico lleno de vida, lleno de actividades. Mi hijo ten\u00eda mucho amor por la vida. Por eso pienso que eso nos impulsa a festejar y hacer algo el d\u00eda de su cumplea\u00f1os, y no el d\u00eda que lo asesinaron. Ese es un d\u00eda muy triste. Su nacimiento sigue por todo lo que nos dio\u00bb<\/strong><\/em>, asegur\u00f3. <em><strong>\u00abLos esperamos a todos los que puedan acompa\u00f1ar. Siempre decimos que nuestros hijos, todos los que partieron tan pronto, como que ten\u00edan mucha energ\u00eda y muchas ganas de vivir. Eran todos muy sociables. Parece que sab\u00edan que su vida iba a ser corta y que nos les alcanzaban las 24 horas del d\u00eda y las viv\u00edan a full. Muchas gracias por estar recordando esta fecha y tenerlo siempre presente\u201d,<\/strong><\/em> dijo Roxi, como la reconoce la gente que la quiere.<br \/>\nLa mam\u00e1 de Nehuen se refiri\u00f3 a la reciente participaci\u00f3n en la lucha de otras dos mam\u00e1s del barrio de La Boca:<em><strong> \u201cPara m\u00ed fue muy importante que se puedan sumar Ivonne (mam\u00e1 de Juan Pablo Kukoc, el joven asesinado por Luis Chocobar, polic\u00eda local de Avellaneda) y Carolina (mam\u00e1 de Lucas Cabello, el joven baleado por la espalda en el barrio de La Boca por un polic\u00eda tambi\u00e9n de la por entonces Metropolitana en noviembre de 2015, que a\u00fan se rehabilita). La Marcha Nacional contra el Gatillo F\u00e1cil fue su primera movilizaci\u00f3n y creo que estuvo bueno porque pudieron darse cuenta de la cantidad de casos que hay. No solo somos nosotras, sino que somos miles de madres. Organizadas y en lucha es la \u00fanica forma de darle batalla a este pa\u00eds que est\u00e1 con las fuerzas represivas cada vez peor y atacando a nuestros j\u00f3venes sin darnos ninguna explicaci\u00f3n\u00bb<\/strong><\/em>, consider\u00f3. <em><strong>\u00abEs muy triste lo que est\u00e1 pasando. Yo siempre digo que el ejemplo de lucha son las Madres de Plaza de Mayo, esas madres que reclamaron en el peor momento de nuestro pa\u00eds por sus hijos desaparecidos. Creo que es la mejor manera que encontramos de descargar tanto dolor e injusticia cuando el Estado te abandona totalmente y te sent\u00eds desamparado. Siempre pasan estos casos en los barrios m\u00e1s bajos desgraciadamente, m\u00e1s golpeados, con vecinas comunes que de la nada tenemos que salir a la calle a reclamar. Vos tuviste a tu hijo en la panza por nueve meses, lo criaste, le diste lo mejor que pudiste, y que vengan y te lo maten a sangre fr\u00eda es muy triste\u00bb<\/strong><\/em>, agreg\u00f3 Roxana.<br \/>\nPor \u00faltimo, se refiri\u00f3 a Carolina, que a\u00fan tiene a su hijo con vida y en recuperaci\u00f3n: <em><strong>\u00abHoy no pudo estar porque se tiene que quedar al cuidado de \u00e9l. Est\u00e1 bien, no lo mataron pero s\u00ed mataron toda su vida anterior. Es un chico que sufre mucho. Con 23 a\u00f1os, \u00e9l tiene que estar en silla de ruedas y depender de otra persona. Pero sabe que luchando y junt\u00e1ndose con otras mam\u00e1s, como nosotras, que estamos en la misma porque sabemos lo que es ese dolor, nos podemos consolar. La mejor forma de superar esa falta, esa ausencia, es haciendo cosas y saliendo a la calle. Hay que ense\u00f1arles a nuestros hijos, que tambi\u00e9n tenemos en nuestras casas, que esto se gana luchando y no bajando la cabeza. Hay que ense\u00f1arles de chicos que ellos tienen que luchar por sus derechos, es una ense\u00f1anza muy buena. Todos tenemos derechos y la verdad es que son vulnerados en este gobierno terrible que tenemos. Hay que darle lucha y dar vuelta la cosa. Al menos en un futuro, como hicieron ellas, las madres, y no se cansan y siguen pidiendo justicia. Las madres siguen luchando por los hijos de todas\u201d<\/strong><\/em>, reivindic\u00f3.<\/p>\n<p>Festival en la calle por Nehuen Rodriguez<\/p>\n<p>Mi\u00e9rcoles 7 de Noviembre 18hs<br \/>\nPalos entre Brandsen y Pinz\u00f3n, La Boca.<br \/>\nInvita Justicia por Nehuen.<\/p>\n<p><strong>*FM Riachuelo\/FM La Caterva\/La Retaguardia\/Sur Capitalino\/Agencia Paco Urondo\/Radio Gr\u00e1fica\/Radio Presente<\/strong><br \/>\n<strong>(Desde el colectivo de medios populares producimos en unidad como urgencia y como apuesta. Coincidimos en que la comunicaci\u00f3n no es mercanc\u00eda. Nos encontramos, ensamblamos, complementamos, potenciamos y existimos, intentando romper con una m\u00e1xima natural: que entre iguales, solo queda competir).<\/strong><\/p>\n<p>&nbsp;<\/p>\n","protected":false},"excerpt":{"rendered":"<p>[Por Colectivo de Medios Populares* 7\/11\/2018]\u00a0 Hoy cumplir\u00eda a\u00f1os Nehuen Rodr\u00edguez, asesinado en 2014 por el polic\u00eda de la entonces Metropolitana Daniel Germ\u00e1n Castagnasso. Para homenajear al joven y denunciar el gatillo f\u00e1cil habr\u00e1 un festival desde las 18 en la calle Palos entre Brandsen y Pinz\u00f3n, en el barrio de La Boca. Dialogamos con [&hellip;]<\/p>\n","protected":false},"author":5,"featured_media":8519,"comment_status":"open","ping_status":"open","sticky":false,"template":"","format":"standard","meta":{"_monsterinsights_skip_tracking":false,"_monsterinsights_sitenote_active":false,"_monsterinsights_sitenote_note":"","_monsterinsights_sitenote_category":0,"jnews-multi-image_gallery":[],"jnews_single_post":[],"jnews_primary_category":[],"_joinchat":[],"footnotes":""},"categories":[80,76,77],"tags":[],"class_list":["post-8518","post","type-post","status-publish","format-standard","has-post-thumbnail","hentry","category-educacion","category-salud-comunitaria","category-soberania"],"_links":{"self":[{"href":"http:\/\/fmriachuelo.it10.com.ar\/index.php\/wp-json\/wp\/v2\/posts\/8518","targetHints":{"allow":["GET"]}}],"collection":[{"href":"http:\/\/fmriachuelo.it10.com.ar\/index.php\/wp-json\/wp\/v2\/posts"}],"about":[{"href":"http:\/\/fmriachuelo.it10.com.ar\/index.php\/wp-json\/wp\/v2\/types\/post"}],"author":[{"embeddable":true,"href":"http:\/\/fmriachuelo.it10.com.ar\/index.php\/wp-json\/wp\/v2\/users\/5"}],"replies":[{"embeddable":true,"href":"http:\/\/fmriachuelo.it10.com.ar\/index.php\/wp-json\/wp\/v2\/comments?post=8518"}],"version-history":[{"count":0,"href":"http:\/\/fmriachuelo.it10.com.ar\/index.php\/wp-json\/wp\/v2\/posts\/8518\/revisions"}],"wp:featuredmedia":[{"embeddable":true,"href":"http:\/\/fmriachuelo.it10.com.ar\/index.php\/wp-json\/"}],"wp:attachment":[{"href":"http:\/\/fmriachuelo.it10.com.ar\/index.php\/wp-json\/wp\/v2\/media?parent=8518"}],"wp:term":[{"taxonomy":"category","embeddable":true,"href":"http:\/\/fmriachuelo.it10.com.ar\/index.php\/wp-json\/wp\/v2\/categories?post=8518"},{"taxonomy":"post_tag","embeddable":true,"href":"http:\/\/fmriachuelo.it10.com.ar\/index.php\/wp-json\/wp\/v2\/tags?post=8518"}],"curies":[{"name":"wp","href":"https:\/\/api.w.org\/{rel}","templated":true}]}}