{"id":8512,"date":"2018-11-06T20:41:13","date_gmt":"2018-11-06T20:41:13","guid":{"rendered":"http:\/\/fmriachuelo.com.ar\/?p=8512"},"modified":"2018-11-06T20:41:13","modified_gmt":"2018-11-06T20:41:13","slug":"vive-sonando-la-orquesta-para-que-no-escuchemos-a-los-que-sufren","status":"publish","type":"post","link":"http:\/\/fmriachuelo.it10.com.ar\/index.php\/2018\/11\/06\/vive-sonando-la-orquesta-para-que-no-escuchemos-a-los-que-sufren\/","title":{"rendered":"\u00abVIVE SONANDO LA ORQUESTA, PARA QUE NO ESCUCHEMOS A LOS QUE SUFREN\u00bb"},"content":{"rendered":"<p><strong>[FM Riachuelo 6\/11\/2018] El lunes 5 de noviembre, en el Sal\u00f3n Verde de la Facultad de Derecho de la Universidad de Buenos aires, Roberto Andr\u00e9s Gallardo, referente del centro de Estudios por el Derecho a la Comunicaci\u00f3n, presento su libro<em> \u201cFrancisco Vs. Moloch Ideas para una revoluci\u00f3n eco social\u201d<\/em>. La presentaci\u00f3n cont\u00f3 con un panel de oradores integrado por: Juan Grabois de la CTEP y Carlos Romero, periodista y realizador del pr\u00f3logo del libro.<\/strong><\/p>\n<p>La actividad recibi\u00f3 un saludo del Papa Francisco, que fue le\u00eddo por referentes de las Organizaciones populares de La Boca y Avellaneda que acompa\u00f1aron esta presentaci\u00f3n. M\u00e1s precisamente, la lectura de la emotiva carta que mencionaba que el libro no disfraza la realidad, estuvo a cargo de El Secretario de Derechos Humanos de la CTEP Lito Borello y de Graciela Flores de kallpa Huayna.<\/p>\n<p><img loading=\"lazy\" decoding=\"async\" class=\"aligncenter wp-image-8514 size-large\" src=\"http:\/\/fmriachuelo.com.ar\/wp-content\/uploads\/2018\/11\/WhatsApp-Image-2018-11-05-at-7.13.37-PM-1024x683.jpeg\" alt=\"\" width=\"640\" height=\"427\" \/><br \/>\nDentro de este marco cultural de integraci\u00f3n, La CTEP, La Organizaci\u00f3n Social y pol\u00edtica Los Pibes, La casa popular El Fog\u00f3n, demostraron una vez m\u00e1s, que lxs trabajadores del sector popular tienen el compromiso de articular de distintas formas con las universidades y diferentes actores de la sociedad, con la mirada puesta en construir un modelo alternativo de inclusi\u00f3n, distinto al que propone este gobierno.<\/p>\n<p>La jornada cont\u00f3 tambi\u00e9n con un mensaje de Juan Pablo Velez, Vice Rector de la Universidad, en el que afirm\u00f3 <strong><em>\u00ab<\/em><em>No hay cambio posible sin cuestionar lo presente\u201d<\/em><\/strong>, refiriendose al autor y al libro.<br \/>\nJuan Grabois dijo en su disertaci\u00f3n<strong> \u00ab<em>El poder judicial aliado con los grandes medios de comunicaci\u00f3n y el poder financiero, han construido un dispositivo para terminar de hacer ficcional la democracia y a que me refiero con eso, es que ya no ni hay que votar, por ejemplo en Brasil, el candidato que era favorito en las elecciones fue proscripto, por esta alianza de los grandes medios de comunicaci\u00f3n, el poder judicial y los sectores econ\u00f3mico financieros.\u201d<\/em><\/strong><\/p>\n<p>Cada voz que defin\u00eda el contenido del libro, sumaba criterios que lo ergu\u00edan en lo at\u00edpico, pero adem\u00e1s, sintetizaron que el argumento propone mirar de frente la realidad e intenta traer certezas y formula la necesidad urgente de hacer algo a trav\u00e9s de propuestas concretas, de l\u00edneas de acci\u00f3n que replanteen la posibilidad de alterar el status quo.<\/p>\n<p>El autor expres\u00f3 en primer lugar<strong><em> \u00ab<\/em><em>Gracias a todos por los colores, en esta universidad que siempre est\u00e1 tan guaser\u00ed, tan color madera\u00bb,<\/em><\/strong> refiri\u00e9ndose a las banderas que llevaron lxs presentes y que adornaban el sal\u00f3n . Esta expresi\u00f3n refleja el pensamiento e implicaci\u00f3n de Gallardo, sobre la participaci\u00f3n popular.<\/p>\n<p>Andr\u00e9s Gallardo fue expresando como relata en su libro distintos hitos de dominaci\u00f3n simb\u00f3lica y manifest\u00f3 su esperanza de poder romper el cerco intelectual con este aporte y tambi\u00e9n, record\u00f3 al Papa Francisco, cuando en Santa Cruz de la Sierra expres\u00f3 en un discurso en el que respaldo a los movimientos sociales y repiti\u00f3 las palabras de Francisco diciendo<strong><em> \u201dEste sistema est\u00e1 agotado, el capitalismo no da para m\u00e1s\u201d<\/em><\/strong><\/p>\n<p>Seg\u00fan el autor <strong><em>\u201cEl libro refleja un pensamiento generalizado del fracaso de las instituciones en la democracia\u201d.<\/em><\/strong><\/p>\n<p><img loading=\"lazy\" decoding=\"async\" class=\"aligncenter wp-image-8516 size-large\" src=\"http:\/\/fmriachuelo.com.ar\/wp-content\/uploads\/2018\/11\/WhatsApp-Image-2018-11-05-at-7.00.41-PM-1-1024x393.jpeg\" alt=\"\" width=\"640\" height=\"246\" \/><\/p>\n","protected":false},"excerpt":{"rendered":"<p>[FM Riachuelo 6\/11\/2018] El lunes 5 de noviembre, en el Sal\u00f3n Verde de la Facultad de Derecho de la Universidad de Buenos aires, Roberto Andr\u00e9s Gallardo, referente del centro de Estudios por el Derecho a la Comunicaci\u00f3n, presento su libro \u201cFrancisco Vs. Moloch Ideas para una revoluci\u00f3n eco social\u201d. La presentaci\u00f3n cont\u00f3 con un panel [&hellip;]<\/p>\n","protected":false},"author":5,"featured_media":8513,"comment_status":"open","ping_status":"open","sticky":false,"template":"","format":"standard","meta":{"_monsterinsights_skip_tracking":false,"_monsterinsights_sitenote_active":false,"_monsterinsights_sitenote_note":"","_monsterinsights_sitenote_category":0,"jnews-multi-image_gallery":[],"jnews_single_post":[],"jnews_primary_category":[],"_joinchat":[],"footnotes":""},"categories":[78,76,77],"tags":[],"class_list":["post-8512","post","type-post","status-publish","format-standard","has-post-thumbnail","hentry","category-economia-popular","category-salud-comunitaria","category-soberania"],"_links":{"self":[{"href":"http:\/\/fmriachuelo.it10.com.ar\/index.php\/wp-json\/wp\/v2\/posts\/8512","targetHints":{"allow":["GET"]}}],"collection":[{"href":"http:\/\/fmriachuelo.it10.com.ar\/index.php\/wp-json\/wp\/v2\/posts"}],"about":[{"href":"http:\/\/fmriachuelo.it10.com.ar\/index.php\/wp-json\/wp\/v2\/types\/post"}],"author":[{"embeddable":true,"href":"http:\/\/fmriachuelo.it10.com.ar\/index.php\/wp-json\/wp\/v2\/users\/5"}],"replies":[{"embeddable":true,"href":"http:\/\/fmriachuelo.it10.com.ar\/index.php\/wp-json\/wp\/v2\/comments?post=8512"}],"version-history":[{"count":0,"href":"http:\/\/fmriachuelo.it10.com.ar\/index.php\/wp-json\/wp\/v2\/posts\/8512\/revisions"}],"wp:featuredmedia":[{"embeddable":true,"href":"http:\/\/fmriachuelo.it10.com.ar\/index.php\/wp-json\/"}],"wp:attachment":[{"href":"http:\/\/fmriachuelo.it10.com.ar\/index.php\/wp-json\/wp\/v2\/media?parent=8512"}],"wp:term":[{"taxonomy":"category","embeddable":true,"href":"http:\/\/fmriachuelo.it10.com.ar\/index.php\/wp-json\/wp\/v2\/categories?post=8512"},{"taxonomy":"post_tag","embeddable":true,"href":"http:\/\/fmriachuelo.it10.com.ar\/index.php\/wp-json\/wp\/v2\/tags?post=8512"}],"curies":[{"name":"wp","href":"https:\/\/api.w.org\/{rel}","templated":true}]}}