{"id":8506,"date":"2018-11-05T16:14:10","date_gmt":"2018-11-05T16:14:10","guid":{"rendered":"http:\/\/fmriachuelo.com.ar\/?p=8506"},"modified":"2018-11-05T16:14:10","modified_gmt":"2018-11-05T16:14:10","slug":"festival-homenaje-a-nehuen-rodriguez-movil-con-roxana-cainzos","status":"publish","type":"post","link":"http:\/\/fmriachuelo.it10.com.ar\/index.php\/2018\/11\/05\/festival-homenaje-a-nehuen-rodriguez-movil-con-roxana-cainzos\/","title":{"rendered":"FESTIVAL HOMENAJE A NEHU\u00c9N RODR\u00cdGUEZ MOVIL CON ROXANA CAINZOS"},"content":{"rendered":"<p><strong>[FM Riachuelo, 5\/11\/2018]\u00a0 Hoy en el programa \u00abMateando en el Riachuelo\u00bb hicimos un m\u00f3vil conjunto con los compa\u00f1eros de La Caterva,\u00a0 hablando sobre el Festival en Homenaje a Nehu\u00e9n Rodr\u00edguez que se realizar\u00e1 el 7 de noviembre a las 18 horas, para recordarlo el d\u00eda de su cumplea\u00f1os. Estuvimos en la casa de Ivonne Kucok otra madre v\u00edctima de violencia institucional quien junto a Roxana Cainzos, mam\u00e1 de Nehu\u00e9n siguen luchando a pesar de su dolor, para combatir al gatillo f\u00e1cil.<\/strong><\/p>\n<p>Ellas nos contaron sobre la organizaci\u00f3n del Festival y adem\u00e1s sobre su proyecto del merendero que ya est\u00e1 funcionando en el barrio, para transformar con lucha el dolor y ayudar a los pibxs que m\u00e1s lo necesitan. Roxana Cainzos nos dijo <strong><em>\u00abVamos a estar\u00a0 haciendo el festival para festejar el cumplea\u00f1os de Nehu\u00e9n porque festejamos su vida,\u00a0 Nehu\u00e9n era un chico lleno de vida\u00a0 y eso nos impulsa a festejar su cumplea\u00f1os\u00bb.<\/em><\/strong><\/p>\n<p>Ivonne Kucok mam\u00e1 de Juan Pablo quien fue v\u00edctima de asesinato a manos del polic\u00eda Chocobar, comparte el merendero con Roxana para transformar el dolor en ayuda para los pibxs del barrio , Ivonne nos dijo: <em><strong>\u00abCumplimos un mes del merendero\u00a0 el dolor nos uni\u00f3 y dijimos vamos a hacer algo para salir de este dolor, y ayudar a los dem\u00e1s\u00a0 y para ver a los chicxs sonrientes\u00bb.<\/strong><\/em><\/p>\n<p><img loading=\"lazy\" decoding=\"async\" class=\"wp-image-8508 size-large aligncenter\" src=\"http:\/\/fmriachuelo.com.ar\/wp-content\/uploads\/2018\/11\/WhatsApp-Image-2018-11-05-at-13.08.09-1024x682.jpeg\" alt=\"\" width=\"640\" height=\"426\" \/><\/p>\n<p>Esperamos a todxs los vecinxs del barrio para recordar a Nehu\u00e9n en el d\u00eda de su cumplea\u00f1os: el 7 de noviembre a las 18 horas en Palos y Pinz\u00f3n en el barrio de La Boca.<\/p>\n<p>Escuch\u00e1 el m\u00f3vil completo<\/p>\n<p><a href=\"https:\/\/radiocut.fm\/audiocut\/movil-de-mateando-en-conjunto-con-la-caterva-por-el-festival-homenaje-a-nehuen-rodriguez\/#f=show&amp;l=recent\">Escucha la entrevista completa haciendo clic aqu\u00ed<\/a><\/p>\n","protected":false},"excerpt":{"rendered":"<p>[FM Riachuelo, 5\/11\/2018]\u00a0 Hoy en el programa \u00abMateando en el Riachuelo\u00bb hicimos un m\u00f3vil conjunto con los compa\u00f1eros de La Caterva,\u00a0 hablando sobre el Festival en Homenaje a Nehu\u00e9n Rodr\u00edguez que se realizar\u00e1 el 7 de noviembre a las 18 horas, para recordarlo el d\u00eda de su cumplea\u00f1os. Estuvimos en la casa de Ivonne Kucok [&hellip;]<\/p>\n","protected":false},"author":5,"featured_media":8507,"comment_status":"open","ping_status":"open","sticky":false,"template":"","format":"standard","meta":{"_monsterinsights_skip_tracking":false,"_monsterinsights_sitenote_active":false,"_monsterinsights_sitenote_note":"","_monsterinsights_sitenote_category":0,"jnews-multi-image_gallery":[],"jnews_single_post":[],"jnews_primary_category":[],"_joinchat":[],"footnotes":""},"categories":[78,80,76],"tags":[],"class_list":["post-8506","post","type-post","status-publish","format-standard","has-post-thumbnail","hentry","category-economia-popular","category-educacion","category-salud-comunitaria"],"_links":{"self":[{"href":"http:\/\/fmriachuelo.it10.com.ar\/index.php\/wp-json\/wp\/v2\/posts\/8506","targetHints":{"allow":["GET"]}}],"collection":[{"href":"http:\/\/fmriachuelo.it10.com.ar\/index.php\/wp-json\/wp\/v2\/posts"}],"about":[{"href":"http:\/\/fmriachuelo.it10.com.ar\/index.php\/wp-json\/wp\/v2\/types\/post"}],"author":[{"embeddable":true,"href":"http:\/\/fmriachuelo.it10.com.ar\/index.php\/wp-json\/wp\/v2\/users\/5"}],"replies":[{"embeddable":true,"href":"http:\/\/fmriachuelo.it10.com.ar\/index.php\/wp-json\/wp\/v2\/comments?post=8506"}],"version-history":[{"count":0,"href":"http:\/\/fmriachuelo.it10.com.ar\/index.php\/wp-json\/wp\/v2\/posts\/8506\/revisions"}],"wp:featuredmedia":[{"embeddable":true,"href":"http:\/\/fmriachuelo.it10.com.ar\/index.php\/wp-json\/"}],"wp:attachment":[{"href":"http:\/\/fmriachuelo.it10.com.ar\/index.php\/wp-json\/wp\/v2\/media?parent=8506"}],"wp:term":[{"taxonomy":"category","embeddable":true,"href":"http:\/\/fmriachuelo.it10.com.ar\/index.php\/wp-json\/wp\/v2\/categories?post=8506"},{"taxonomy":"post_tag","embeddable":true,"href":"http:\/\/fmriachuelo.it10.com.ar\/index.php\/wp-json\/wp\/v2\/tags?post=8506"}],"curies":[{"name":"wp","href":"https:\/\/api.w.org\/{rel}","templated":true}]}}