{"id":8500,"date":"2018-11-05T14:20:00","date_gmt":"2018-11-05T14:20:00","guid":{"rendered":"http:\/\/fmriachuelo.com.ar\/?p=8500"},"modified":"2018-11-05T14:20:00","modified_gmt":"2018-11-05T14:20:00","slug":"olla-popular-y-radio-abierta-en-defensa-de-la-feria-los-patos","status":"publish","type":"post","link":"http:\/\/fmriachuelo.it10.com.ar\/index.php\/2018\/11\/05\/olla-popular-y-radio-abierta-en-defensa-de-la-feria-los-patos\/","title":{"rendered":"OLLA POPULAR Y RADIO ABIERTA EN DEFENSA DE LA FERIA LOS PATOS"},"content":{"rendered":"<p><strong>[FM Riachuelo, 5\/11\/2018] Este s\u00e1bado 3 de noviembre desde las 10 horas se realiz\u00f3 una Olla Popular con Radio Abierta desde la feria de parque patricios en defensa del lugar de trabajo de los vendedores ambulantes organizados, a quienes el gobierno neoliberal de CABA quiere desalojar<\/strong>.<\/p>\n<p>FM Riachuelo estuvo presente acompa\u00f1ando estas acciones de lucha, junto a Organizaciones de Vendedores Ambulantes de las ferias de Liniers, Once y con la presencia de movimientos populares como el Movimiento Por La Dignidad entre otros, porque el Gobierno de Horacio Larreta con las fuerzas de seguridad y la Direcci\u00f3n de Espacios P\u00fablicos, nuevamente atent\u00f3 contra la vida y el \u00fanico medio de subsistencia de los trabajadores de la econom\u00eda popular.<\/p>\n<p>Se hicieron presentes referentes de organizaciones populares all\u00ed pudimos hablar con Lita de MP la Dignidad quien dijo:<strong><em>\u201d Lo \u00fanico que queremos es una respuesta, nos vamos a quedar ya campar para defender el laburo de los compa\u00f1eros de la feria para que puedan defender sus ingresos para poder comer y vivir\u201d.<\/em><\/strong><\/p>\n<p>Tambi\u00e9n los referentes de los vendedores de la Feria de Liniers se hicieron presentes y dijeron<strong>: <em>\u201cNo somos delincuentes se\u00f1ores, somos trabajadores, por eso estamos ac\u00e1 apoyando y defendiendo a nuestros compa\u00f1eros, sabemos que la uni\u00f3n hace la fuerza\u201d.\u00a0<\/em><\/strong>La compa\u00f1era Villanueva de la Feria de Once dijo<em>:<strong>\u201d Hoy hemos comprendido que por no perder un d\u00eda de laburo podemos perder todo, solo peleando en la calle podemos defendernos, ellos se tienen que ir no nosotros\u201d<\/strong><\/em><\/p>\n<p><img loading=\"lazy\" decoding=\"async\" class=\"aligncenter wp-image-8502 \" src=\"http:\/\/fmriachuelo.com.ar\/wp-content\/uploads\/2018\/11\/WhatsApp-Image-2018-11-05-at-11.13.19-682x1024.jpeg\" alt=\"\" width=\"295\" height=\"443\" \/><\/p>\n<p>Hace un a\u00f1o que los trabajadores y trabajadoras est\u00e1n en la misma situaci\u00f3n, y a pesar de los esfuerzos de organizaci\u00f3n y lucha por medios legales con los cuales intentaron resolver esta situaci\u00f3n, el gobierno de la ciudad se neg\u00f3 a solucionar la cuesti\u00f3n de fondo que es el trabajo y la fuente de ingresos de m\u00e1s de 300 familias.<\/p>\n<p>La feria funciona hace m\u00e1s de 7 a\u00f1os y es la fuente de trabajo que los trabajadores y trabajadoras, entre ellos m\u00e1s de 20 discapacitados, se supieron construir para poder llevar el pan de cada d\u00eda a su hogar.<\/p>\n<p>Ante esta situaci\u00f3n los feriantes decidieron en asamblea resistir pac\u00edficamente y organizarse para defender en unidad sus puestos de trabajo, por ello organizaron esta jornada con olla popular y radio abierta para ser visibilizados en su pelea.<\/p>\n<p><strong>LUCHA Y RESISTENCIA POR NUESTRO LUGAR DE TRABAJO Y NUESTRA DIGNIDAD.<\/strong><\/p>\n<p><strong>\u00a1LA FERIA NO SE TOCA!<\/strong><\/p>\n<p><strong>\u00a1EL TRABAJO NO ES DELITO<\/strong>!<\/p>\n<p>Escuch\u00e1 los testimonios<br \/>\n<iframe loading=\"lazy\" title=\"FMR\" width=\"500\" height=\"450\" scrolling=\"no\" frameborder=\"no\" src=\"https:\/\/w.soundcloud.com\/player\/?visual=true&#038;url=https%3A%2F%2Fapi.soundcloud.com%2Fusers%2F214668151&#038;show_artwork=true&#038;maxheight=750&#038;maxwidth=500\"><\/iframe><\/p>\n","protected":false},"excerpt":{"rendered":"<p>[FM Riachuelo, 5\/11\/2018] Este s\u00e1bado 3 de noviembre desde las 10 horas se realiz\u00f3 una Olla Popular con Radio Abierta desde la feria de parque patricios en defensa del lugar de trabajo de los vendedores ambulantes organizados, a quienes el gobierno neoliberal de CABA quiere desalojar. FM Riachuelo estuvo presente acompa\u00f1ando estas acciones de lucha, [&hellip;]<\/p>\n","protected":false},"author":5,"featured_media":8501,"comment_status":"open","ping_status":"open","sticky":false,"template":"","format":"standard","meta":{"_monsterinsights_skip_tracking":false,"_monsterinsights_sitenote_active":false,"_monsterinsights_sitenote_note":"","_monsterinsights_sitenote_category":0,"jnews-multi-image_gallery":[],"jnews_single_post":[],"jnews_primary_category":[],"_joinchat":[],"footnotes":""},"categories":[78,76,74,75],"tags":[],"class_list":["post-8500","post","type-post","status-publish","format-standard","has-post-thumbnail","hentry","category-economia-popular","category-salud-comunitaria","category-san-cayetano","category-trabajo"],"_links":{"self":[{"href":"http:\/\/fmriachuelo.it10.com.ar\/index.php\/wp-json\/wp\/v2\/posts\/8500","targetHints":{"allow":["GET"]}}],"collection":[{"href":"http:\/\/fmriachuelo.it10.com.ar\/index.php\/wp-json\/wp\/v2\/posts"}],"about":[{"href":"http:\/\/fmriachuelo.it10.com.ar\/index.php\/wp-json\/wp\/v2\/types\/post"}],"author":[{"embeddable":true,"href":"http:\/\/fmriachuelo.it10.com.ar\/index.php\/wp-json\/wp\/v2\/users\/5"}],"replies":[{"embeddable":true,"href":"http:\/\/fmriachuelo.it10.com.ar\/index.php\/wp-json\/wp\/v2\/comments?post=8500"}],"version-history":[{"count":0,"href":"http:\/\/fmriachuelo.it10.com.ar\/index.php\/wp-json\/wp\/v2\/posts\/8500\/revisions"}],"wp:featuredmedia":[{"embeddable":true,"href":"http:\/\/fmriachuelo.it10.com.ar\/index.php\/wp-json\/"}],"wp:attachment":[{"href":"http:\/\/fmriachuelo.it10.com.ar\/index.php\/wp-json\/wp\/v2\/media?parent=8500"}],"wp:term":[{"taxonomy":"category","embeddable":true,"href":"http:\/\/fmriachuelo.it10.com.ar\/index.php\/wp-json\/wp\/v2\/categories?post=8500"},{"taxonomy":"post_tag","embeddable":true,"href":"http:\/\/fmriachuelo.it10.com.ar\/index.php\/wp-json\/wp\/v2\/tags?post=8500"}],"curies":[{"name":"wp","href":"https:\/\/api.w.org\/{rel}","templated":true}]}}