{"id":850,"date":"2014-12-20T19:25:00","date_gmt":"2014-12-20T19:25:00","guid":{"rendered":"http:\/\/fmriachuelo.observatorioess.org.ar\/index.php\/2014\/12\/20\/ciudad-futura-participativa-y-solidaria\/"},"modified":"2025-03-25T12:34:14","modified_gmt":"2025-03-25T15:34:14","slug":"ciudad-futura-participativa-y-solidaria","status":"publish","type":"post","link":"http:\/\/fmriachuelo.it10.com.ar\/index.php\/2014\/12\/20\/ciudad-futura-participativa-y-solidaria\/","title":{"rendered":"CIUDAD FUTURA PARTICIPATIVA Y SOLIDARIA"},"content":{"rendered":"<div style=\"text-align: left\"><span style=\"font-size: large\"><span style=\"font-family: Verdana,sans-serif\"><b><span style=\"color: red\">POR LA UNIDAD DE LOS QUE LUCHAN<\/span><\/b><\/span><\/span><\/div>\n<div style=\"text-align: left\"><span style=\"font-size: small\"><span style=\"font-family: Verdana,sans-serif\"><b>REPRODUCIMOS<\/b><\/span><\/span><\/div>\n<p><span style=\"font-size: small\"><span style=\"font-family: Verdana,sans-serif\"><a href=\"http:\/\/2.bp.blogspot.com\/-FmUGU8Og6xc\/VJXMsyqIjRI\/AAAAAAAACD8\/PdpilnlrrQI\/s1600\/ASAMBLEA.jpg\" style=\"clear: left;float: left;margin-bottom: 1em;margin-right: 1em\"><img loading=\"lazy\" decoding=\"async\" border=\"0\" src=\"http:\/\/2.bp.blogspot.com\/-FmUGU8Og6xc\/VJXMsyqIjRI\/AAAAAAAACD8\/PdpilnlrrQI\/s1600\/ASAMBLEA.jpg\" height=\"227\" width=\"320\" \/><\/a> <\/span><b>Herramienta Pol\u00edtica y Electoral para una Ciudad Futura Participativa y Solidaria&nbsp;&nbsp;<\/b><\/span><\/p>\n<div style=\"text-align: left\">\n<div dir=\"ltr\">\n<div>\n<div dir=\"ltr\">\n<div dir=\"ltr\">\n<div><span style=\"font-size: small\">&nbsp;Somos quienes acompa\u00f1amos la Carpa Villera reclamando urbanizaci\u00f3n y viviendas dignas, quienes acompa\u00f1amos la lucha vecinal para que el ex boliche Junior&nbsp; sea demolido y convertido en plaza, quienes recuperamos la escuela Fuentealba ante el vaciamiento y mercantilizaci\u00f3n de la escuela p\u00fablica, quienes impulsamos la articulaci\u00f3n de puesteros y vecinos para recuperar el Mercado de Pulgas, quienes defendemos las tierras p\u00fablicas ante su enajenaci\u00f3n y entrega a la especulaci\u00f3n inmobiliaria,&nbsp; quienes nos oponemos a la permanente construcci\u00f3n de edificaciones fuera de c\u00f3digo,&nbsp; quienes nos oponemos a las rejas y bares en parques y plazas y a los negociados que acompa\u00f1an el Metrobus, quienes exigimos respuestas y medidas concretas y adecuadas ante las inundaciones, quienes difundimos e impulsamos la sanci\u00f3n legislativa del Plan Verde de Iniciativa Comunal elaborado por los vecinos de la Comuna 9, quienes luchamos en defensa del sistemas p\u00fablico de salud ante su desmantelamiento y privatizaci\u00f3n, quienes nos movilizamos ante la perniciosa inscripci\u00f3n online, el&nbsp;&nbsp;cierre de grados y la falta de vacantes, quienes defendemos el patrimonio de cada uno de los barrios de la ciudad, quienes queremos que se proteja y se den oportunidades reales a la juventud, quienes seguimos disfrutando de la cultura popular a pesar de la clausura de nuestros centros culturales, quienes rechazamos las amenazas y acciones judiciales contra los que defienden lo que es de todos y exigimos el desprocesamiento de los que luchan. <\/span><\/div>\n<p><a name='more'><\/a><span style=\"font-size: small\">Somos quienes, en fin, venimos bregando para que la democracia participativa establecida en la Constituci\u00f3n de la CABA se haga realidad y para contar con las Comunas descentralizadas y participativas que establece la ley 1777, afirmando el derecho de los vecinos a decidir la ciudad que queremos. Y oponi\u00e9ndonos a que nuestra ciudad sea administrada como una empresa, donde cada necesidad se convierte en un negocio para pocos, o se inventan necesidades con ese fin.<\/span><span style=\"font-size: small\">Los&nbsp;&nbsp;que tomamos las calles, accionamos judicialmente y alzamos nuestra voz contra las pol\u00edticas que los malos gobiernos nos imponen con&nbsp;&nbsp;marqueting, acuerdos ocultos&nbsp; y violencia, sin dar lugar a la participaci\u00f3n y el control ciudadano de ellas, nos organizamos hoy en una herramienta pol\u00edtica y electoral para poner en marcha la construcci\u00f3n de una Ciudad Futura Participativa y Solidaria. Una construcci\u00f3n de car\u00e1cter horizontal y democr\u00e1tico, abierta a todas las expresiones, visiones e inquietudes. Concebida como un lugar de encuentro de nuestras diversidades&nbsp;para reconstruir la unidad e identidad colectiva y solidaria del compartir. Fundada en el convencimiento de que la ciudad es un bien com\u00fan,&nbsp;&nbsp;que nos contiene a todos y se construye logrando consensos cada vez m\u00e1s amplios y abarcativos entre todos. Queremos tomar el control y ser protagonistas activos de nuestro destino como porte\u00f1os, participando directamente de una construcci\u00f3n pol\u00edtica para recuperar nuestro derecho a la ciudad.<\/span><br \/><span style=\"font-size: small\">Estamos comprometidos, eso s\u00ed, con la defensa de lo p\u00fablico y el desarrollo de los intereses comunes por encima de cualquier proyecto, mal gobierno o inter\u00e9s privado que atente contra ellos. Porque&nbsp;&nbsp;lo p\u00fablico es de todo el pueblo y para beneficio de la comunidad en su conjunto. <\/span><br \/><span style=\"font-size: small\">La pol\u00edtica de Ciudad Futura Participativa y Solidaria est\u00e1 hecha de Libertad, Democracia, Buen Gobierno, Protagonismo, Comunidad y Dignidad.<span><span style=\"color: #888888\"><br \/><\/span><\/span><\/span><\/div>\n<\/div>\n<p><span style=\"font-size: small\"><span style=\"color: #888888\"><\/span><\/span><span style=\"font-size: small\"><span style=\"color: #888888\"><\/span><\/span><\/div>\n<\/div>\n<p><span style=\"font-size: small\"><span style=\"font-family: Verdana,sans-serif\"><span><span style=\"color: #888888\"><\/span><\/span><\/span><\/span><\/div>\n<div style=\"text-align: left\"><\/div>\n","protected":false},"excerpt":{"rendered":"<p>POR LA UNIDAD DE LOS QUE LUCHAN REPRODUCIMOS Herramienta Pol\u00edtica y Electoral para una Ciudad Futura Participativa y Solidaria&nbsp;&nbsp; &nbsp;Somos quienes acompa\u00f1amos la Carpa Villera reclamando urbanizaci\u00f3n y viviendas dignas, quienes acompa\u00f1amos la lucha vecinal para que el ex boliche Junior&nbsp; sea demolido y convertido en plaza, quienes recuperamos la escuela Fuentealba ante el vaciamiento [&hellip;]<\/p>\n","protected":false},"author":4,"featured_media":0,"comment_status":"open","ping_status":"open","sticky":false,"template":"","format":"standard","meta":{"_monsterinsights_skip_tracking":false,"_monsterinsights_sitenote_active":false,"_monsterinsights_sitenote_note":"","_monsterinsights_sitenote_category":0,"jnews-multi-image_gallery":[],"jnews_single_post":{"format":"standard"},"jnews_primary_category":[],"_joinchat":[],"footnotes":""},"categories":[58],"tags":[147],"class_list":["post-850","post","type-post","status-publish","format-standard","hentry","category-noticiariachuelo","tag-habitat"],"_links":{"self":[{"href":"http:\/\/fmriachuelo.it10.com.ar\/index.php\/wp-json\/wp\/v2\/posts\/850","targetHints":{"allow":["GET"]}}],"collection":[{"href":"http:\/\/fmriachuelo.it10.com.ar\/index.php\/wp-json\/wp\/v2\/posts"}],"about":[{"href":"http:\/\/fmriachuelo.it10.com.ar\/index.php\/wp-json\/wp\/v2\/types\/post"}],"author":[{"embeddable":true,"href":"http:\/\/fmriachuelo.it10.com.ar\/index.php\/wp-json\/wp\/v2\/users\/4"}],"replies":[{"embeddable":true,"href":"http:\/\/fmriachuelo.it10.com.ar\/index.php\/wp-json\/wp\/v2\/comments?post=850"}],"version-history":[{"count":1,"href":"http:\/\/fmriachuelo.it10.com.ar\/index.php\/wp-json\/wp\/v2\/posts\/850\/revisions"}],"predecessor-version":[{"id":22068,"href":"http:\/\/fmriachuelo.it10.com.ar\/index.php\/wp-json\/wp\/v2\/posts\/850\/revisions\/22068"}],"wp:attachment":[{"href":"http:\/\/fmriachuelo.it10.com.ar\/index.php\/wp-json\/wp\/v2\/media?parent=850"}],"wp:term":[{"taxonomy":"category","embeddable":true,"href":"http:\/\/fmriachuelo.it10.com.ar\/index.php\/wp-json\/wp\/v2\/categories?post=850"},{"taxonomy":"post_tag","embeddable":true,"href":"http:\/\/fmriachuelo.it10.com.ar\/index.php\/wp-json\/wp\/v2\/tags?post=850"}],"curies":[{"name":"wp","href":"https:\/\/api.w.org\/{rel}","templated":true}]}}