{"id":8495,"date":"2018-11-03T03:32:39","date_gmt":"2018-11-03T03:32:39","guid":{"rendered":"http:\/\/fmriachuelo.com.ar\/?p=8495"},"modified":"2018-11-03T03:32:39","modified_gmt":"2018-11-03T03:32:39","slug":"gringo-castronos-echan-la-culpa-a-los-mas-pobres-cuando-es-este-sistema-el-que-no-va-mas","status":"publish","type":"post","link":"http:\/\/fmriachuelo.it10.com.ar\/index.php\/2018\/11\/03\/gringo-castronos-echan-la-culpa-a-los-mas-pobres-cuando-es-este-sistema-el-que-no-va-mas\/","title":{"rendered":"GRINGO CASTRO:\u00bbNOS ECHAN LA CULPA A LOS M\u00c1S POBRES, CUANDO ES ESTE SISTEMA EL QUE NO VA M\u00c1S\u00bb"},"content":{"rendered":"<p><strong>[FM RIACHUELO 02\/11\/2018] Ante la creciente campa\u00f1a de desprestigio y persecuci\u00f3n contra nuestras organizaciones sociales y sindicales, la Confederaci\u00f3n de Trabajadores de la Econom\u00eda Popular responde con m\u00e1s trabajo, organizaci\u00f3n y lucha. As\u00ed lo expres\u00f3 el Secretario General de la CTEP, Esteban \u00abGringo\u00bb Castro, quien en una entrevista con Rompe el Cerco Informativo, recalc\u00f3 la necesidad de enfocar la agenda de los movimientos populares en el trabajo territorial que desarrollan con mucho esfuerzo y cotidianamente los y las trabajadoras, que adem\u00e1s se organizan para seguir reclamando por sus derechos en un contexto de profunda crisis.<\/strong><\/p>\n<p>\u00abEstamos con la moral muy alta, a pesar de la situacion econ\u00f3mica y social, porque los trabajadores en Argentina estamos haciendo lo que hay que hacer, nos organizamos cuando nos dejan fuera del trabajo y la producci\u00f3n formal, y tambi\u00e9n cuando nos toca estar adentro. Podemos estar orgullosos de este movimiento de trabajadores\u00bb, dijo el referente de la CTEP. Tambi\u00e9n se refiri\u00f3 a la aprobaci\u00f3n del presupuesto del FMI y las pol\u00edticas de ajuste del Gobierno nacional: \u00abeste a\u00f1o nos sacaron arriba de 470 mil millones de pesos, m\u00e1s el aumento de d\u00f3lares y precios, nos genera una situaci\u00f3n de asfixia muy grande\u00bb.<\/p>\n<p>\u00abHay un gran esfuerzo de producci\u00f3n y gesto de amor de los compa\u00f1eros que demuestran que en las peores condiciones somos capaces de organizarnos y eso se lo debemos a la lucha hist\u00f3rica de la clase trabajadora argentina\u00bb. Frente a las operaciones medi\u00e1ticas recientes, orquestadas por los voceros del poder concentrado, el Gringo sostuvo: \u00abcuando dicen organizaciones sociales, ellos est\u00e1n tratando de referenciar dirigentes, y se encuentran con un problema, porque los dirigentes vivimos con lo puesto, y ya no saben como pegarnos, y salen con lo de la violencia. Peor violencia que la que reciben los trabajadores de la econom\u00eda popular, no existe y agarrarsela con los que est\u00e1n m\u00e1s abajo, es muy f\u00e1cil y miserable\u00bb.<\/p>\n<p>Para finalizar afirm\u00f3: \u00abnosotros laburamos sin odio, porque eso lo aprendimos del trabajo barrial. Sabemos que no se construye con odio, hay que poner mucho amor. Nadie me va a poder ense\u00f1ar mas que los y las trabajadoras m\u00e1s pobres, como dice el Papa Francisco, ese es el sector de los poetas sociales, que de la nada construyen poes\u00eda. Tenemos que amar profundamente lo que somos, de donde venimos. El papa tambien dijo que los pobres ya no esperan a nadie: estudian trabajan y se organizan. Ac\u00e1 lo tenemos claro, no nos arrodillamo ni nos gusta que nos traten de pobrecitos, ni con lastima, y eso es fundamental para la batalla que se viene\u00bb.<\/p>\n<div class=\"container-fluid\">\n<div class=\"row main_wrapper\">\n<div id=\"contenido\" class=\"col-md-7\">\n<div class=\"audiocut-content card\">\n<div id=\"radio-selected\">\n<div class=\"row\">\n<div class=\"col-sm-8\">\n<div class=\"row cut_description\">\n<div class=\"col-sm-12 description\">\n<p><a href=\"https:\/\/radiocut.fm\/audiocut\/nos-echan-la-culpa-a-los-mas-pobres-cuando-es-este-sistema-el-que-no-va-mas-gringo-castro\/appad\/?ar_from=cut_detail\">ESCUCHA LA ENTREVISTA COMPLETA<\/a><\/p>\n<\/div>\n<\/div>\n<\/div>\n<\/div>\n<\/div>\n<\/div>\n<\/div>\n<\/div>\n<\/div>\n","protected":false},"excerpt":{"rendered":"<p>[FM RIACHUELO 02\/11\/2018] Ante la creciente campa\u00f1a de desprestigio y persecuci\u00f3n contra nuestras organizaciones sociales y sindicales, la Confederaci\u00f3n de Trabajadores de la Econom\u00eda Popular responde con m\u00e1s trabajo, organizaci\u00f3n y lucha. As\u00ed lo expres\u00f3 el Secretario General de la CTEP, Esteban \u00abGringo\u00bb Castro, quien en una entrevista con Rompe el Cerco Informativo, recalc\u00f3 la [&hellip;]<\/p>\n","protected":false},"author":5,"featured_media":8497,"comment_status":"open","ping_status":"open","sticky":false,"template":"","format":"standard","meta":{"_monsterinsights_skip_tracking":false,"_monsterinsights_sitenote_active":false,"_monsterinsights_sitenote_note":"","_monsterinsights_sitenote_category":0,"jnews-multi-image_gallery":[],"jnews_single_post":[],"jnews_primary_category":[],"_joinchat":[],"footnotes":""},"categories":[76],"tags":[],"class_list":["post-8495","post","type-post","status-publish","format-standard","has-post-thumbnail","hentry","category-salud-comunitaria"],"_links":{"self":[{"href":"http:\/\/fmriachuelo.it10.com.ar\/index.php\/wp-json\/wp\/v2\/posts\/8495","targetHints":{"allow":["GET"]}}],"collection":[{"href":"http:\/\/fmriachuelo.it10.com.ar\/index.php\/wp-json\/wp\/v2\/posts"}],"about":[{"href":"http:\/\/fmriachuelo.it10.com.ar\/index.php\/wp-json\/wp\/v2\/types\/post"}],"author":[{"embeddable":true,"href":"http:\/\/fmriachuelo.it10.com.ar\/index.php\/wp-json\/wp\/v2\/users\/5"}],"replies":[{"embeddable":true,"href":"http:\/\/fmriachuelo.it10.com.ar\/index.php\/wp-json\/wp\/v2\/comments?post=8495"}],"version-history":[{"count":0,"href":"http:\/\/fmriachuelo.it10.com.ar\/index.php\/wp-json\/wp\/v2\/posts\/8495\/revisions"}],"wp:featuredmedia":[{"embeddable":true,"href":"http:\/\/fmriachuelo.it10.com.ar\/index.php\/wp-json\/"}],"wp:attachment":[{"href":"http:\/\/fmriachuelo.it10.com.ar\/index.php\/wp-json\/wp\/v2\/media?parent=8495"}],"wp:term":[{"taxonomy":"category","embeddable":true,"href":"http:\/\/fmriachuelo.it10.com.ar\/index.php\/wp-json\/wp\/v2\/categories?post=8495"},{"taxonomy":"post_tag","embeddable":true,"href":"http:\/\/fmriachuelo.it10.com.ar\/index.php\/wp-json\/wp\/v2\/tags?post=8495"}],"curies":[{"name":"wp","href":"https:\/\/api.w.org\/{rel}","templated":true}]}}