{"id":8490,"date":"2018-11-01T23:11:58","date_gmt":"2018-11-01T23:11:58","guid":{"rendered":"http:\/\/fmriachuelo.com.ar\/?p=8490"},"modified":"2018-11-01T23:11:58","modified_gmt":"2018-11-01T23:11:58","slug":"8490","status":"publish","type":"post","link":"http:\/\/fmriachuelo.it10.com.ar\/index.php\/2018\/11\/01\/8490\/","title":{"rendered":"LITO BORELLO: \u00abELLOS SABEN QUE NO ES EL PALACIO EL QUE RESUELVE, SINO LA MOVILIZACI\u00d3N POPULAR\u00bb"},"content":{"rendered":"<p><strong>[FM RIACHUELO 01\/11\/2018]\u00a0 Lito Borello, el Secretario de Derechos Humanos de la CTEP, habl\u00f3 sobre la operaci\u00f3n medi\u00e1tica del Diario La Naci\u00f3n contra los movimientos populares que se movilizaron el pasado 24 de octubre para exigir que no se apruebe en diputados el presupuesto impulsado por el Fondo Monetario Internacional. La nota, plagada de datos falsos, acusa a las organizaciones sociales de instigar a la violencia. Queda en evidencia la estrategia pol\u00edtica del medio, que busca legitimar el accionar represivo, a la vez que invisibilizar el verdadero reclamo: que no se vote una ley que condene al pueblo al hambre.<\/strong><\/p>\n<p><strong>FMR: \u00bfQu\u00e9 an\u00e1lisis haces de la operaci\u00f3n medi\u00e1tica de La Naci\u00f3n?<\/strong><\/p>\n<p><strong>Lito Borello:<\/strong>\u00a0Creo que hay que inscribirlo no en un ataque puntual, de La Naci\u00f3n y de otras notas, que tuvieron la intenci\u00f3n de criminalizar y estigmatizar a las organizaciones y dirigentes y la actitud de resistencia social, no solo al presupuesto, sino a las pol\u00edticas antinacionales y antipopulares del gobierno. Hay que inscribirlo en un nivel de gravedad que pone en riesgo la institucionalidad de la democracia. Est\u00e1n entrando en un tono de accionar, que ni siquiera justifica el contenido ideol\u00f3gico de derecha y de ricos para ricos como se suele decir, que es la caracter\u00edstica mas puntual de gobierno. Me parece que la intenci\u00f3n de llevar un modelo de dominaci\u00f3n est\u00e1 trayendo grandes dolores y sufrimiento a nuestro pueblo y sectores m\u00e1s humildes. Lo de La Naci\u00f3n es de car\u00e1cter estrat\u00e9gico para cuestiones de soberan\u00eda del pa\u00eds, est\u00e1n a tal modo lanzados que est\u00e1n haciendo que est\u00e9 quebrado el estado de derecho, que la utilizaci\u00f3n de la justicia como una artiller\u00eda en contra de los sectores populares, empiece a ser moneda corriente. La construcci\u00f3n de un enemigo interno de la francotiradora y mercenaria al servicio de los poderosos, de la ministra Bullrich, est\u00e1n cruzando un l\u00edmite riesgoso, y hay preocupaci\u00f3n en los sectores populares porque esto se advierte. No hay que hablar a quien agreden con nombre propio, hay que ver la gravedad que tiene el hecho en lo institucional. A esto se lo enfrenta con unidad, organizaci\u00f3n y mayor capacidad de lucha.<\/p>\n<p><strong>FMR: En la marcha detuvieron a dirigentes sociales y a inmigrantes, \u00bfcrees que esto tiene que ver con la construcci\u00f3n de un enemigo interno?<\/strong><\/p>\n<p><strong>LB:<\/strong> Si, las detenciones persiguen eso. La nota habla de que nosotros (como Organizaci\u00f3n Los Pibes) tuvimos una veintena de detenidos. No tuvimos detenidos. Pero les hubiera gustado tenerlos, creo que era el objetivo que estaba prefijado de antes. Hay declaraciones de Daniel Menendez de Barrios de Pie y de Emilio P\u00e9rsico de la CTEP, que antes de que se lleve adelante la represi\u00f3n, denunciaban que era evidente que hab\u00eda un escenario que anunciaba que ven\u00eda una acci\u00f3n represiva. No solo una represi\u00f3n tradicional, porque despu\u00e9s salieron a la caza de dirigentes puntuales. Detuvieron gente a 20 cuadras, en eso algunas cosas son hasta anacr\u00f3nicas, como la detenci\u00f3n del turco que no ten\u00eda nada que ver, y como queda evidente que fue una persecuci\u00f3n y cacer\u00eda, construyen personajes. El turco se convirti\u00f3 en un terrorista internacional porque os\u00f3 tener una foto del Che Guevara o simpat\u00eda con el proceso de Venezuela. Son cosas que tienen que ver con un clima de \u00e9poca que encuentra explicaci\u00f3n al entender lo que pasa en Brasil, Venezuela, Honduras, en toda la regi\u00f3n. Y Tambien de lo que pasa con los compa\u00f1eros en Moreno, que secuestraron a una docente y la tajearon en la panza, las amenazas a Baradell, a otros dirigentes. En ese marco hay que inscribir estas notas. Hay una artiller\u00eda comunicacional dedicada a un objetivo pol\u00edtico de los poderosos. Desde ah\u00ed hay que hacer la interpretaci\u00f3n, sino queda circunscripto a los dirigentes detenidos o a las organizaciones que nombra la nota. El objetivo es mucho m\u00e1s peligroso y pone en riesgo la democracia, donde corren riesgo nuestros hijos e hijas, y cualquiera puede caer bajo el estado gendarme y represor a condici\u00f3n de llevar adelante el modelo de hambre y saqueo.<\/p>\n<p><strong>FMR: \u00bfCual crees que deber\u00eda ser la respuesta de los movimientos populares frente a estos ataques?<\/strong><\/p>\n<p><strong>LB:<\/strong> Hay que responder con notas y declaraciones, pronunci\u00e1ndonos y denunciando la actitud de fondo, de perseguir a las organizaciones, y hay que seguir en la calle, porque de ah\u00ed nos quieren sacar. Ellos saben que en definitiva no es el palacio\u00a0 que resuelve sino la movilizaci\u00f3n y organizaci\u00f3n popular. La din\u00e1mica de estar atentos y movilizados, el ir creciendo en capacidad de autonom\u00eda e independencia y articulaci\u00f3n en unidad entre distintos sectores. Va a haber declaraciones de organismos de derechos humanos y trabajaremos mucho con balances y asambleas, para discutir con los compa\u00f1eros, y no permitir que el balance nos lo haga TN, una nota de La Naci\u00f3n o Clar\u00edn. Tenemos una muy fuerte tarea cultural pol\u00edtica, ideol\u00f3gica y comunicacional que es que nuestros compa\u00f1eros, y el pueblo en su conjunto haga el an\u00e1lisis en ese marco y no a partir de los dise\u00f1os de los laboratorios comunicacionales del enemigo.<\/p>\n<p><a href=\"https:\/\/radiocut.fm\/audiocut\/lito-borello-sec-ddhh-ctep-esta-en-riesgo-la-democracia\/?replay=11#evtCat=AudioCutDetail&amp;evtAct=Progress&amp;evtLabel=ExitReplay\">ENTREVISTA COMPLETA<\/a><\/p>\n","protected":false},"excerpt":{"rendered":"<p>[FM RIACHUELO 01\/11\/2018]\u00a0 Lito Borello, el Secretario de Derechos Humanos de la CTEP, habl\u00f3 sobre la operaci\u00f3n medi\u00e1tica del Diario La Naci\u00f3n contra los movimientos populares que se movilizaron el pasado 24 de octubre para exigir que no se apruebe en diputados el presupuesto impulsado por el Fondo Monetario Internacional. La nota, plagada de datos [&hellip;]<\/p>\n","protected":false},"author":5,"featured_media":8491,"comment_status":"open","ping_status":"open","sticky":false,"template":"","format":"standard","meta":{"_monsterinsights_skip_tracking":false,"_monsterinsights_sitenote_active":false,"_monsterinsights_sitenote_note":"","_monsterinsights_sitenote_category":0,"jnews-multi-image_gallery":[],"jnews_single_post":[],"jnews_primary_category":[],"_joinchat":[],"footnotes":""},"categories":[76],"tags":[],"class_list":["post-8490","post","type-post","status-publish","format-standard","has-post-thumbnail","hentry","category-salud-comunitaria"],"_links":{"self":[{"href":"http:\/\/fmriachuelo.it10.com.ar\/index.php\/wp-json\/wp\/v2\/posts\/8490","targetHints":{"allow":["GET"]}}],"collection":[{"href":"http:\/\/fmriachuelo.it10.com.ar\/index.php\/wp-json\/wp\/v2\/posts"}],"about":[{"href":"http:\/\/fmriachuelo.it10.com.ar\/index.php\/wp-json\/wp\/v2\/types\/post"}],"author":[{"embeddable":true,"href":"http:\/\/fmriachuelo.it10.com.ar\/index.php\/wp-json\/wp\/v2\/users\/5"}],"replies":[{"embeddable":true,"href":"http:\/\/fmriachuelo.it10.com.ar\/index.php\/wp-json\/wp\/v2\/comments?post=8490"}],"version-history":[{"count":0,"href":"http:\/\/fmriachuelo.it10.com.ar\/index.php\/wp-json\/wp\/v2\/posts\/8490\/revisions"}],"wp:featuredmedia":[{"embeddable":true,"href":"http:\/\/fmriachuelo.it10.com.ar\/index.php\/wp-json\/"}],"wp:attachment":[{"href":"http:\/\/fmriachuelo.it10.com.ar\/index.php\/wp-json\/wp\/v2\/media?parent=8490"}],"wp:term":[{"taxonomy":"category","embeddable":true,"href":"http:\/\/fmriachuelo.it10.com.ar\/index.php\/wp-json\/wp\/v2\/categories?post=8490"},{"taxonomy":"post_tag","embeddable":true,"href":"http:\/\/fmriachuelo.it10.com.ar\/index.php\/wp-json\/wp\/v2\/tags?post=8490"}],"curies":[{"name":"wp","href":"https:\/\/api.w.org\/{rel}","templated":true}]}}