{"id":849,"date":"2014-12-20T20:34:00","date_gmt":"2014-12-20T20:34:00","guid":{"rendered":"http:\/\/fmriachuelo.observatorioess.org.ar\/index.php\/2014\/12\/20\/reflexiones-la-rebelion-del-2001\/"},"modified":"2025-03-25T12:38:00","modified_gmt":"2025-03-25T15:38:00","slug":"reflexiones-la-rebelion-del-2001","status":"publish","type":"post","link":"http:\/\/fmriachuelo.it10.com.ar\/index.php\/2014\/12\/20\/reflexiones-la-rebelion-del-2001\/","title":{"rendered":"REFLEXIONES: LA REBELI\u00d3N DEL 2001"},"content":{"rendered":"<p><span style=\"color: red;font-family: Verdana, sans-serif;font-size: large\"><b>2001 MARCO LA EVOLUCI<span style=\"font-size: large\">\u00d3<\/span>N POL<span style=\"font-size: large\">\u00cd<\/span>TICA DEL PA<span style=\"font-size: large\">\u00cd<\/span>S<\/b><\/span><br \/><span style=\"color: black;font-family: Times New Roman;font-size: large\"><span style=\"font-family: Verdana;font-size: x-small\">*<span style=\"font-size: small\"><b>Ezequiel Adamovsky: \u201cEl papel de las masas no encuadradas fue el rasgo dominante\u201d<\/b><\/span><\/span><\/span><br \/><span style=\"font-family: Verdana, sans-serif\">Pasados 13 a\u00f1os del 19 y 20 de diciembre y la ca\u00edda de De la R\u00faa, \u00bfcu\u00e1l es su evaluaci\u00f3n de los acontecimientos en cuanto al rol de las masas, los partidos y  los sindicatos?<\/span><br \/><a name='more'><\/a><span style=\"font-family: Verdana, sans-serif\"><img decoding=\"async\" src=\"http:\/\/www.laizquierdadiario.com\/local\/cache-vignettes\/L8xH11\/puce-32883.gif\" \/> Lo del 19 y 20 hay que entenderlo como parte de una trama de acontecimientos. La secuencia comenz\u00f3 el d\u00eda 12, con protestas de piqueteros, estatales, taxistas, comerciantes y estudiantes en todo el pa\u00eds que ya exig\u00edan la renuncia de Cavallo (y algunos de De la R\u00faa). Al d\u00eda siguiente las dos facciones de la CGT y la CTA decretaron un paro general contra el corralito y hubo marchas con enfrentamientos en varias ciudades. Desde el 14 se sumaron los saqueos, que son tambi\u00e9n una forma de acci\u00f3n colectiva. As\u00ed se llega al 19 con la salida espont\u00e1nea de cientos de miles de personas de toda condici\u00f3n en Capital y otros puntos del pa\u00eds, ante el anuncio de estado de sitio. Y el 20 continu\u00f3 con combates en Plaza de Mayo y fuertes manifestaciones en otros puntos del pa\u00eds, protagonizados tanto por trabajadores y desocupados, como por peque\u00f1os productores, estudiantes, docentes, organizaciones de derechos humanos y comerciantes. A diferencia del 19, el d\u00eda 20 s\u00ed hubo algunos partidos y sindicatos presentes e identificados como tales. Esta combinaci\u00f3n de formas de acci\u00f3n y de actores m\u00faltiples fue una marca de todo el 2002.<br \/>Visto en su conjunto, el papel de las masas no encuadradas en las calles fue el rasgo dominante. Las organizaciones de desocupados y algunos sindicatos del sector p\u00fablico tuvieron un papel visible antes, pero no tanto el 19 y 20. Los partidos pol\u00edticos no desempe\u00f1aron un papel de importancia en la lucha de esos d\u00edas; no fueron los que la convocaron ni tuvieron una actuaci\u00f3n decisiva en los combates callejeros. Creo que las masas desbordaron a todas las organizaciones y estuvieron pol\u00edtica y organizativamente por delante de ellas.<br \/>\u00bfEra correcta la consigna \u00ab\u00a1Que se vayan todos!\u00bb? \u00bfCu\u00e1l fue el resultado y porqu\u00e9?<\/span><br \/><span style=\"font-family: Verdana, sans-serif\"><img decoding=\"async\" src=\"http:\/\/www.laizquierdadiario.com\/local\/cache-vignettes\/L8xH11\/puce-32883.gif\" \/> No estoy de acuerdo con la pregunta, porque supone que existe alguna verdad pol\u00edtica exterior a las luchas sociales y que \u00e9stas deben adecuarse a ella. Las consignas, cuando encarnan masivamente, no son \u201ccorrectas\u201d ni \u201cincorrectas\u201d: reflejan el horizonte pol\u00edtico que las masas han sabido construir. Si no sabe conectar con ese horizonte, ninguna consigna, por m\u00e1s inteligente que parezca, es \u201ccorrecta\u201d.<br \/>Creo que no hay que interpretar el \u00abQue se vayan todos\u00bb en sentido literal, como una manifestaci\u00f3n de antipol\u00edtica, sino todo lo contrario. La multitud que la cantaba exig\u00eda la dimisi\u00f3n de los gobernantes de cualquier signo, pero su propia presencia en las calles, buscando e inventando otros canales de participaci\u00f3n y organizaci\u00f3n, la dotaba de un sentido de apertura. Apuntaba a alguna nueva pol\u00edtica (aunque por entonces nadie sab\u00eda bien qu\u00e9 ser\u00eda eso). Fue una consigna vaga, pero que trazaba una l\u00ednea clara respecto del pasado: lo que sea que venga no puede ser m\u00e1s de lo mismo.<br \/>\u00bfQu\u00e9 se conquist\u00f3 y qu\u00e9 tareas quedaron inconclusas?<br \/><img decoding=\"async\" src=\"http:\/\/www.laizquierdadiario.com\/local\/cache-vignettes\/L8xH11\/puce-32883.gif\" \/> Aunque hoy est\u00e1 de moda minimizarlo, 2001 marc\u00f3 muy poderosamente la evoluci\u00f3n pol\u00edtica del pa\u00eds y creo que lo seguir\u00e1 haciendo. Cierto: lo que vino no fue ni remotamente tan novedoso o diferente como lo que esper\u00e1bamos quienes ven\u00edamos de un activismo de izquierda. Pero eso no debe conducir a invisibilizar los efectos de esas luchas. La raz\u00f3n fundamental por la que la econom\u00eda argentina comenz\u00f3 una temprana recuperaci\u00f3n se relaciona con la rebeli\u00f3n. Fue ella la que puso fin al ajuste eterno y forz\u00f3 al Estado a un aumento sin precedentes en el gasto social, una de las primeras medidas del interinato de Duhalde. Las bases fiscales que lo permitieron tambi\u00e9n fueron posibles gracias a la movilizaci\u00f3n, que impuso una moratoria de la deuda externa y la reinstauraci\u00f3n de las retenciones a las exportaciones. Ninguna de estas medidas estaba en el horizonte de lo posible antes de 2001 (en todo caso, no las propon\u00edan ninguna de las fuerzas pol\u00edticas principales). En t\u00e9rminos bien concretos, la recuperaci\u00f3n deriva de la porci\u00f3n mayor del excedente econ\u00f3mico que qued\u00f3 en suelo argentino y se redistribuy\u00f3. Nada de eso habr\u00eda sido posible si la rebeli\u00f3n de 2001 no bloqueaba la salida \u201cespont\u00e1nea\u201d a la que se encaminaba el sistema: la profundizaci\u00f3n de las medidas antipopulares v\u00eda shock devaluatorio.<br \/>Adem\u00e1s, la rebeli\u00f3n y la crisis de legitimidad que la enmarc\u00f3 produjeron una profunda desorganizaci\u00f3n en el sistema de partidos. En estos a\u00f1os hemos visto la irrupci\u00f3n de fuerzas de primer orden como el ARI o Proyecto Sur, que hoy se encuentran en desaparici\u00f3n; recorridos sinuosos en la UCR, que sigue sin encontrar un rumbo; auges y ca\u00eddas vertiginosas de l\u00edderes pol\u00edticos; b\u00fasquedas de la derecha neoliberal tradicional de canales y discursos que le permitan un regreso. En 2001 el peronismo se debat\u00eda entre la orientaci\u00f3n neoliberal que le imprimiera Menem, y la neoconservadora que ofrec\u00eda Duhalde. Nada permit\u00eda sospechar que hubiese espacio para el giro que propondr\u00eda N\u00e9stor Kirchner poco despu\u00e9s, cuando asoci\u00f3 el legado hist\u00f3rico del peronismo con consignas \u201cprogresistas\u201d a las que esa tradici\u00f3n hab\u00eda sido ajena. La llegada m\u00e1s bien fortuita de Kirchner al poder en 2003 es impensable sin el vac\u00edo pol\u00edtico que fabric\u00f3 el 2001. Y es un hecho que en su campa\u00f1a y en sus primeras medidas de gobierno gan\u00f3 apoyo y legitimidad retomando algunas de las consignas de quienes entonces hab\u00edan salido a las calles. Nada en la evoluci\u00f3n del peronismo desde la \u00faltima dictadura militar apuntaba en este sentido. Y nada asegura que el kirchnerismo se estabilice en el punto de \u201ccentroizquierda\u201d del arco pol\u00edtico que hoy pretende. En fin, sigue sin sedimentarse un sistema de partidos m\u00e1s o menos predecible, algo que el r\u00e9gimen del capital necesita imperiosamente. Y m\u00e1s importante: si el kirchnerismo desempolv\u00f3 los s\u00edmbolos y la ret\u00f3rica setentistas, si el propio Macri se dice \u201cprogresista\u201d y se abstiene de proponer abiertamente un programa neoliberal, si los radicales hacen esfuerzos denodados para seguir pretendiendo que son un partido \u201cpopular\u201d, si incluso Carri\u00f3 vocifera que a ella \u201cnadie la corre por izquierda\u201d, es porque sigue teniendo efectos presentes una experiencia y una cultura pol\u00edtica populares, que vienen del momento 2001, que traccionan a todo el arco pol\u00edtico hacia la izquierda (o al menos, hacen dificultosa la obtenci\u00f3n del voto con programas abiertamente de derecha).<br \/>Dicho en otras palabras: el 2001 no cumpli\u00f3 todas sus promesas. Pero las que s\u00ed cumpli\u00f3 no fueron pocas, dado el bajo nivel de organizaci\u00f3n pol\u00edtica por izquierda que exist\u00eda por entonces. El momento 2001, de hecho, abri\u00f3 una ventana de oportunidades para las izquierdas que todav\u00eda no ha sido aprovechada. Aprovecharlas y avanzar por el camino de las promesas incumplidas requerir\u00e1 seguramente cambios muy profundos en las izquierdas, acompa\u00f1ados de niveles de organizaci\u00f3n y de contacto con las mayor\u00edas mucho mayores que los actuales.<\/span><br \/><span style=\"font-family: Verdana, sans-serif;font-size: x-small\">*Es Doctor en Historia por University College London (UCL) y Licenciado en Historia por la Universidad de Buenos Aires. Investigador Independiente del CONICET. Profesor de la Facultad de Filosof\u00eda y Letras de la Universidad de Buenos Aires y autor de varios libros.<\/span><br \/><span style=\"color: blue;font-family: Verdana, sans-serif\">Fuente: La Izquierda Diario, Producci\u00f3n Riachuelo<\/span><\/p>\n<div style=\"clear: both;text-align: center\"><a href=\"http:\/\/4.bp.blogspot.com\/-DKezpVWx2GM\/VJXcy2OUiHI\/AAAAAAAACEM\/qQm0BufPmeQ\/s1600\/COOP%2BRIACHIUELO%2BPRODUCCIONES.jpg\" style=\"clear: left;float: left;margin-bottom: 1em;margin-right: 1em\"><img loading=\"lazy\" decoding=\"async\" border=\"0\" src=\"http:\/\/4.bp.blogspot.com\/-DKezpVWx2GM\/VJXcy2OUiHI\/AAAAAAAACEM\/qQm0BufPmeQ\/s1600\/COOP%2BRIACHIUELO%2BPRODUCCIONES.jpg\" height=\"58\" width=\"200\" \/><\/a><\/div>\n<p><span style=\"color: blue\"><\/span><\/p>\n","protected":false},"excerpt":{"rendered":"<p>2001 MARCO LA EVOLUCI\u00d3N POL\u00cdTICA DEL PA\u00cdS*Ezequiel Adamovsky: \u201cEl papel de las masas no encuadradas fue el rasgo dominante\u201dPasados 13 a\u00f1os del 19 y 20 de diciembre y la ca\u00edda de De la R\u00faa, \u00bfcu\u00e1l es su evaluaci\u00f3n de los acontecimientos en cuanto al rol de las masas, los partidos y los sindicatos? Lo del [&hellip;]<\/p>\n","protected":false},"author":4,"featured_media":0,"comment_status":"open","ping_status":"open","sticky":false,"template":"","format":"standard","meta":{"_monsterinsights_skip_tracking":false,"_monsterinsights_sitenote_active":false,"_monsterinsights_sitenote_note":"","_monsterinsights_sitenote_category":0,"jnews-multi-image_gallery":[],"jnews_single_post":{"format":"standard"},"jnews_primary_category":[],"_joinchat":[],"footnotes":""},"categories":[58],"tags":[72],"class_list":["post-849","post","type-post","status-publish","format-standard","hentry","category-noticiariachuelo","tag-historia-de-la-lucha-de-los-pueblos"],"_links":{"self":[{"href":"http:\/\/fmriachuelo.it10.com.ar\/index.php\/wp-json\/wp\/v2\/posts\/849","targetHints":{"allow":["GET"]}}],"collection":[{"href":"http:\/\/fmriachuelo.it10.com.ar\/index.php\/wp-json\/wp\/v2\/posts"}],"about":[{"href":"http:\/\/fmriachuelo.it10.com.ar\/index.php\/wp-json\/wp\/v2\/types\/post"}],"author":[{"embeddable":true,"href":"http:\/\/fmriachuelo.it10.com.ar\/index.php\/wp-json\/wp\/v2\/users\/4"}],"replies":[{"embeddable":true,"href":"http:\/\/fmriachuelo.it10.com.ar\/index.php\/wp-json\/wp\/v2\/comments?post=849"}],"version-history":[{"count":1,"href":"http:\/\/fmriachuelo.it10.com.ar\/index.php\/wp-json\/wp\/v2\/posts\/849\/revisions"}],"predecessor-version":[{"id":22069,"href":"http:\/\/fmriachuelo.it10.com.ar\/index.php\/wp-json\/wp\/v2\/posts\/849\/revisions\/22069"}],"wp:attachment":[{"href":"http:\/\/fmriachuelo.it10.com.ar\/index.php\/wp-json\/wp\/v2\/media?parent=849"}],"wp:term":[{"taxonomy":"category","embeddable":true,"href":"http:\/\/fmriachuelo.it10.com.ar\/index.php\/wp-json\/wp\/v2\/categories?post=849"},{"taxonomy":"post_tag","embeddable":true,"href":"http:\/\/fmriachuelo.it10.com.ar\/index.php\/wp-json\/wp\/v2\/tags?post=849"}],"curies":[{"name":"wp","href":"https:\/\/api.w.org\/{rel}","templated":true}]}}