{"id":8483,"date":"2018-10-31T13:06:42","date_gmt":"2018-10-31T13:06:42","guid":{"rendered":"http:\/\/fmriachuelo.com.ar\/?p=8483"},"modified":"2018-10-31T13:06:42","modified_gmt":"2018-10-31T13:06:42","slug":"esto-es-un-mensaje-para-el-presidente-macri","status":"publish","type":"post","link":"http:\/\/fmriachuelo.it10.com.ar\/index.php\/2018\/10\/31\/esto-es-un-mensaje-para-el-presidente-macri\/","title":{"rendered":"\u201cEsto es un mensaje para el Presidente Macri\u201d"},"content":{"rendered":"<p><strong>[ Por Colectivo de Medios Populares* 31\/10\/2018] Lo dijo Ivonne, la madre de Juan Pablo Kukoc, asesinado por el polic\u00eda Luis Oscar Chocobar. En el d\u00eda de ayer, la Corte Suprema desestim\u00f3 un recurso de parte del polic\u00eda, que dispar\u00f3 por la espalda a Juan Pablo Kukoc en La Boca, en diciembre de 2017, y que fue reivindicado por su accionar por el Presidente Mauricio Macri y la Ministra de Seguridad Patricia Bullrich.\u00a0<\/strong><\/p>\n<p>Luego de conocerse que, a pesar de las maniobras de la defensa de Chocobar, la causa se encamina a un juicio oral, Ivonne Kukoc, la madre de Juan Pablo, expres\u00f3 sus sensaciones ante la noticia: \u201cEstoy de pie. Con mucha fuerza y ganas de seguir para llegar al juicio. El dolor lo convierto en lucha: esperamos una condena justa\u201d.<\/p>\n<p>La madre de Juan Pablo Kukoc tambi\u00e9n se manifest\u00f3 sobre el decidido respaldo pol\u00edtico que Chocobar recibi\u00f3 por parte del Ejecutivo Nacional: \u201cEsto tambi\u00e9n es un mensaje para el Presidente. Aunque tenga el poder que tenga, esto es un mensaje de la justicia: Chocobar no tendr\u00eda que estar trabajando\u201d.<\/p>\n<p>Ivonne anunci\u00f3 que para el 23 de noviembre, en el barrio de La Boca, a 4 d\u00edas del cumplea\u00f1os de Juan Pablo \u2013el 19 de noviembre-, se est\u00e1 organizando un festival para reivindicar su vida y repudiar las situaciones de violencia y gatillo f\u00e1cil que sistem\u00e1ticamente amenazan la vida de los pibes en los barrios populares: \u201cel 23 lo vamos a festejar con todas las organizaciones del barrio, por la vida de Juan Pablo\u201d.<\/p>\n<p><strong>*FM Riachuelo\/FM La Caterva\/La Retaguardia\/Agencia Paco Urondo\/Sur Capitalino\/Radio Gr\u00e1fica<\/strong><\/p>\n<p>(Desde el colectivo de medios populares producimos en unidad como urgencia y como apuesta. Coincidimos en que la comunicaci\u00f3n que no es mercanc\u00eda. Nos encontramos, ensamblamos, complementamos, potenciamos y existimos, intentando romper con una m\u00e1xima natural: que entre iguales, solo queda competir).<\/p>\n","protected":false},"excerpt":{"rendered":"<p>[ Por Colectivo de Medios Populares* 31\/10\/2018] Lo dijo Ivonne, la madre de Juan Pablo Kukoc, asesinado por el polic\u00eda Luis Oscar Chocobar. En el d\u00eda de ayer, la Corte Suprema desestim\u00f3 un recurso de parte del polic\u00eda, que dispar\u00f3 por la espalda a Juan Pablo Kukoc en La Boca, en diciembre de 2017, y [&hellip;]<\/p>\n","protected":false},"author":5,"featured_media":8480,"comment_status":"open","ping_status":"open","sticky":false,"template":"","format":"standard","meta":{"_monsterinsights_skip_tracking":false,"_monsterinsights_sitenote_active":false,"_monsterinsights_sitenote_note":"","_monsterinsights_sitenote_category":0,"jnews-multi-image_gallery":[],"jnews_single_post":[],"jnews_primary_category":[],"_joinchat":[],"footnotes":""},"categories":[78,79,76],"tags":[],"class_list":["post-8483","post","type-post","status-publish","format-standard","has-post-thumbnail","hentry","category-economia-popular","category-nadie-se-salva-solo","category-salud-comunitaria"],"_links":{"self":[{"href":"http:\/\/fmriachuelo.it10.com.ar\/index.php\/wp-json\/wp\/v2\/posts\/8483","targetHints":{"allow":["GET"]}}],"collection":[{"href":"http:\/\/fmriachuelo.it10.com.ar\/index.php\/wp-json\/wp\/v2\/posts"}],"about":[{"href":"http:\/\/fmriachuelo.it10.com.ar\/index.php\/wp-json\/wp\/v2\/types\/post"}],"author":[{"embeddable":true,"href":"http:\/\/fmriachuelo.it10.com.ar\/index.php\/wp-json\/wp\/v2\/users\/5"}],"replies":[{"embeddable":true,"href":"http:\/\/fmriachuelo.it10.com.ar\/index.php\/wp-json\/wp\/v2\/comments?post=8483"}],"version-history":[{"count":0,"href":"http:\/\/fmriachuelo.it10.com.ar\/index.php\/wp-json\/wp\/v2\/posts\/8483\/revisions"}],"wp:featuredmedia":[{"embeddable":true,"href":"http:\/\/fmriachuelo.it10.com.ar\/index.php\/wp-json\/"}],"wp:attachment":[{"href":"http:\/\/fmriachuelo.it10.com.ar\/index.php\/wp-json\/wp\/v2\/media?parent=8483"}],"wp:term":[{"taxonomy":"category","embeddable":true,"href":"http:\/\/fmriachuelo.it10.com.ar\/index.php\/wp-json\/wp\/v2\/categories?post=8483"},{"taxonomy":"post_tag","embeddable":true,"href":"http:\/\/fmriachuelo.it10.com.ar\/index.php\/wp-json\/wp\/v2\/tags?post=8483"}],"curies":[{"name":"wp","href":"https:\/\/api.w.org\/{rel}","templated":true}]}}