{"id":848,"date":"2014-12-20T21:07:00","date_gmt":"2014-12-20T21:07:00","guid":{"rendered":"http:\/\/fmriachuelo.observatorioess.org.ar\/index.php\/2014\/12\/20\/cuba-clausura-del-iv-periodo-ordinario-de-sesiones-de-la-legislatura-del-poder-popular\/"},"modified":"2025-03-25T12:38:48","modified_gmt":"2025-03-25T15:38:48","slug":"cuba-clausura-del-iv-periodo-ordinario-de-sesiones-de-la-legislatura-del-poder-popular","status":"publish","type":"post","link":"http:\/\/fmriachuelo.it10.com.ar\/index.php\/2014\/12\/20\/cuba-clausura-del-iv-periodo-ordinario-de-sesiones-de-la-legislatura-del-poder-popular\/","title":{"rendered":"CUBA: CLAUSURA DEL IV PER\u00cdODO ORDINARIO DE SESIONES DE LA LEGISLATURA DEL PODER POPULAR"},"content":{"rendered":"<p><\/p>\n<div><b><span style=\"color: red;font-family: Verdana;font-size: large\">Con un pueblo como este se puede llegar al a\u00f1o 570 de la Revoluci\u00f3n<\/span><\/b><span><\/span><\/div>\n<div style=\"clear: both;text-align: center\"><a href=\"http:\/\/4.bp.blogspot.com\/-Xdf48Jv2AoA\/VJXkw1itkkI\/AAAAAAAACEc\/6Q-_99edjJU\/s1600\/parlamento%2Bcubano.jpg\" style=\"clear: left;float: left;margin-bottom: 1em;margin-right: 1em\"><img decoding=\"async\" border=\"0\" src=\"http:\/\/4.bp.blogspot.com\/-Xdf48Jv2AoA\/VJXkw1itkkI\/AAAAAAAACEc\/6Q-_99edjJU\/s1600\/parlamento%2Bcubano.jpg\" \/><\/a><\/div>\n<p><span style=\"font-family: Verdana, sans-serif\">Entramos en el a\u00f1o 57 de la Revoluci\u00f3n y con un pueblo como este se puede llegar al 570\u2026 \u00a1Viva Fidel! \u00a1Patria o Muerte!, as\u00ed se despidi\u00f3 Ra\u00fal de los parlamentarios e invitados que participaron en la jornada de clausura del IV Per\u00edodo Ordinario de Sesiones de la 8va. Legislatura de la Asamblea Nacional del Poder Popular, efectuada en la ma\u00f1ana de este s\u00e1bado.   <br \/>Esta \u00faltima reuni\u00f3n parlamentaria del a\u00f1o tuvo un car\u00e1cter muy especial porque en ella estuvieron presentes por primera vez en un acto p\u00fablico y ante el Parlamento, los Cinco H\u00e9roes de la Rep\u00fablica de Cuba que por m\u00e1s de 15 a\u00f1os permanecieron injustamente encarcelados en los Estados Unidos.<\/span><br \/><a name='more'><\/a><span style=\"font-family: Verdana, sans-serif\">En sus palabras finales, el General de Ej\u00e9rcito Ra\u00fal Castro Ruz, Primer <\/span><br \/><span style=\"font-family: Verdana, sans-serif\">Secretario del Comit\u00e9 Central del Partido y Presidente de los Consejos de Estado y de Ministros, record\u00f3 la reciente celebraci\u00f3n de las cumbres Caricom-Cuba y de la Alianza Bolivariana para los Pueblos de Nuestra Am\u00e9rica, ocasi\u00f3n esta \u00faltima en que rendimos merecido homenaje a sus art\u00edfices: el entra\u00f1able presidente bolivariano Hugo Ch\u00e1vez Fr\u00edas y el Comandante en Jefe de la Revoluci\u00f3n Cubana, Fidel Castro Ruz.<br \/>Al pasar revista al desempe\u00f1o econ\u00f3mico en el a\u00f1o y al Plan y Presupuesto para el 2015, reiter\u00f3 que el PIB, tuvo un crecimiento del 1,3 por ciento, inferior a lo planificado inicialmente, en lo que influy\u00f3 el insuficiente desempe\u00f1o en el primer semestre, durante el cual se afrontaron limitaciones financieras de envergadura a causa del incumplimiento de ingresos externos, condiciones climatol\u00f3gicas adversas e insuficiencias internas en la gesti\u00f3n econ\u00f3mica. No obstante, en la segunda mitad del a\u00f1o se alcanz\u00f3 un resultado superior.<br \/>El Plan del pr\u00f3ximo a\u00f1o consolida y refuerza la direcci\u00f3n de un crecimiento m\u00e1s s\u00f3lido de la econom\u00eda cubana, dijo, proyect\u00e1ndose un crecimiento del PIB de poco m\u00e1s del 4 por ciento, objetivo alcanzable teniendo en cuenta que se dispone con suficiente antelaci\u00f3n de un mejor aseguramiento financiero en comparaci\u00f3n con el inicio del 2014, aun cuando precis\u00f3 que no quiere decir que resultar\u00e1 f\u00e1cil ni mucho menos.<br \/>Deberemos seguir enfrentando los efectos de la crisis econ\u00f3mica global y del bloqueo norteamericano que se mantiene en pie, generando innegables obst\u00e1culos al desarrollo de nuestra econom\u00eda.<br \/>Plante\u00f3 que ha mantenido su avance el proceso de implementaci\u00f3n de los Lineamientos de la Pol\u00edtica Econ\u00f3mica y Social del Partido y la Revoluci\u00f3n, aprobados por el 6to Congreso y puntualiz\u00f3 que nos encontramos en una etapa cualitativamente superior en la que se abordan tareas de extrema complejidad, cuya soluci\u00f3n impactar\u00e1 todas las facetas del quehacer nacional. En este sentido se refiri\u00f3 al proceso de unificaci\u00f3n monetaria, donde se ha progresado s\u00f3lidamente en la segunda mitad del presente a\u00f1o desde el punto de vista conceptual y se ha logrado delinear un abarcador programa de medidas en inter\u00e9s de evitar afectaciones a la econom\u00eda y la poblaci\u00f3n.<\/span><br \/><span style=\"font-family: Verdana, sans-serif\"><b><span style=\"color: #0b5394;font-size: x-small\">FUENTE: GRANMA, PRODUCCI\u00d3N RIACHUELO<\/span><\/b><\/span><br \/><a href=\"http:\/\/2.bp.blogspot.com\/-t9taLB0-8x0\/VJXlBJe40uI\/AAAAAAAACEk\/wQCTMD1oFdE\/s1600\/COOP%2BRIACHIUELO%2BPRODUCCIONES.jpg\" style=\"clear: left;margin-bottom: 1em;margin-right: 1em;text-align: center\"><img loading=\"lazy\" decoding=\"async\" border=\"0\" src=\"http:\/\/2.bp.blogspot.com\/-t9taLB0-8x0\/VJXlBJe40uI\/AAAAAAAACEk\/wQCTMD1oFdE\/s1600\/COOP%2BRIACHIUELO%2BPRODUCCIONES.jpg\" height=\"58\" width=\"200\" \/><\/a><\/p>\n","protected":false},"excerpt":{"rendered":"<p>Con un pueblo como este se puede llegar al a\u00f1o 570 de la Revoluci\u00f3n Entramos en el a\u00f1o 57 de la Revoluci\u00f3n y con un pueblo como este se puede llegar al 570\u2026 \u00a1Viva Fidel! \u00a1Patria o Muerte!, as\u00ed se despidi\u00f3 Ra\u00fal de los parlamentarios e invitados que participaron en la jornada de clausura del [&hellip;]<\/p>\n","protected":false},"author":4,"featured_media":0,"comment_status":"open","ping_status":"open","sticky":false,"template":"","format":"standard","meta":{"_monsterinsights_skip_tracking":false,"_monsterinsights_sitenote_active":false,"_monsterinsights_sitenote_note":"","_monsterinsights_sitenote_category":0,"jnews-multi-image_gallery":[],"jnews_single_post":{"format":"standard"},"jnews_primary_category":[],"_joinchat":[],"footnotes":""},"categories":[58],"tags":[70],"class_list":["post-848","post","type-post","status-publish","format-standard","hentry","category-noticiariachuelo","tag-de-la-patria-grande"],"_links":{"self":[{"href":"http:\/\/fmriachuelo.it10.com.ar\/index.php\/wp-json\/wp\/v2\/posts\/848","targetHints":{"allow":["GET"]}}],"collection":[{"href":"http:\/\/fmriachuelo.it10.com.ar\/index.php\/wp-json\/wp\/v2\/posts"}],"about":[{"href":"http:\/\/fmriachuelo.it10.com.ar\/index.php\/wp-json\/wp\/v2\/types\/post"}],"author":[{"embeddable":true,"href":"http:\/\/fmriachuelo.it10.com.ar\/index.php\/wp-json\/wp\/v2\/users\/4"}],"replies":[{"embeddable":true,"href":"http:\/\/fmriachuelo.it10.com.ar\/index.php\/wp-json\/wp\/v2\/comments?post=848"}],"version-history":[{"count":1,"href":"http:\/\/fmriachuelo.it10.com.ar\/index.php\/wp-json\/wp\/v2\/posts\/848\/revisions"}],"predecessor-version":[{"id":22070,"href":"http:\/\/fmriachuelo.it10.com.ar\/index.php\/wp-json\/wp\/v2\/posts\/848\/revisions\/22070"}],"wp:attachment":[{"href":"http:\/\/fmriachuelo.it10.com.ar\/index.php\/wp-json\/wp\/v2\/media?parent=848"}],"wp:term":[{"taxonomy":"category","embeddable":true,"href":"http:\/\/fmriachuelo.it10.com.ar\/index.php\/wp-json\/wp\/v2\/categories?post=848"},{"taxonomy":"post_tag","embeddable":true,"href":"http:\/\/fmriachuelo.it10.com.ar\/index.php\/wp-json\/wp\/v2\/tags?post=848"}],"curies":[{"name":"wp","href":"https:\/\/api.w.org\/{rel}","templated":true}]}}