{"id":8474,"date":"2018-10-31T02:02:44","date_gmt":"2018-10-31T02:02:44","guid":{"rendered":"http:\/\/fmriachuelo.com.ar\/?p=8474"},"modified":"2018-10-31T02:02:44","modified_gmt":"2018-10-31T02:02:44","slug":"reabrio-la-escuela-49-de-morenonecesitamos-que-las-escuelas-esten-en-condiciones","status":"publish","type":"post","link":"http:\/\/fmriachuelo.it10.com.ar\/index.php\/2018\/10\/31\/reabrio-la-escuela-49-de-morenonecesitamos-que-las-escuelas-esten-en-condiciones\/","title":{"rendered":"REABRI\u00d3 LA ESCUELA 49 DE MORENO:\u00bbNECESITAMOS QUE LAS ESCUELAS EST\u00c9N EN CONDICIONES\u00bb"},"content":{"rendered":"<p><strong>[FM Riachuelo 30\/10\/2018] Hoy en el programa Rompe el Cerco Informativo entrevistamos a Gustavo Mu\u00f1oz del Movimiento Territorial de Liberaci\u00f3n y Secretario Adjunto de la CTA Merlo-Moreno-Marcos Paz, quien se expres\u00f3 acerca de la reapertura de la Escuela 49 de Moreno, donde perdieron la vida dos trabajadores del establecimiento, el pasado 2 de agosto, producto de la desidia estatal.<\/strong><\/p>\n<p>La escuela N\u00ba 49 de Moreno que permaneci\u00f3 89 d\u00edas sin clases, cerrada por obras de mantenimiento, comenz\u00f3 hoy nuevamente a dictar clases, pero con actividades pedag\u00f3gicas como parte de un proceso de transici\u00f3n, tras el terrible hecho en el que murieron la Vicedirectora Sandra Calamano y el auxiliar Rub\u00e9n Rodr\u00edguez, producto de una explosi\u00f3n de gas en el establecimiento antes de que comenzara la cursada de ese d\u00eda. Esto sacudi\u00f3 a toda la comunidad educativa de esa localidad, quienes conformaron un Comit\u00e9 de Crisis y comenzaron a elaborar exigir una serie de reclamos a las autoridades del Ministerio de Educaci\u00f3n, que son los siguientes:<\/p>\n<ul>\n<li>Agua corriente, potable y segura<\/li>\n<li>Instalaciones el\u00e9ctricas legalizadas<\/li>\n<li>Instalaciones de gas legalizadas<\/li>\n<li>Construcci\u00f3n edilicia segura<\/li>\n<li>Instalaciones sanitarias aptas<\/li>\n<li>Red de cloacas<\/li>\n<li>Iluminaci\u00f3n y ventilaci\u00f3n en cantidad y calidad necesarias<\/li>\n<li>Planes de emergencia \u00edgnea y qu\u00edmica<\/li>\n<li>Almacenaje de sustancias qu\u00edmicas<\/li>\n<li>Planes de emergencia zonal; edificios escolares en obra<\/li>\n<li>Botiqu\u00edn de primeros auxilios.<\/li>\n<\/ul>\n<p>Gustavo Mu\u00f1oz, record\u00f3 las distintas denuncias por perdida de gas que hab\u00eda realizado la ex Vicedirectora Sandra, diciendo \u00ab<em>esa p\u00e9rdida de gas la hab\u00eda denunciado 8 veces, pero para los que nos gobiernan somos un numero<\/em>\u00ab. Por otra parte, desminti\u00f3 los dichos del Ministerio de Educaci\u00f3n que afirma que, hay cerca de 200 escuelas en condiciones optimas: \u00ab<em>Es una mentira total. Clar\u00edn hoy saco una nota diciendo que hay 234 escuelas abiertas y la verdad es que, dando clases tenes menos de 15, sobre las 264 que existen en el municipio<\/em>\u00ab.<\/p>\n<p>\u00ab<em>Apostamos fundamentalmente a que todas las escuelas funcionen como corresponde, a que se haga justicia por Sandra y por Rub\u00e9n y a que esto no suceda nunca m\u00e1s. En eso toda la comunidad de Moreno est\u00e1 de acuerdo. Y somos los primeros que queremos que los chicos est\u00e9n en la escuela, no queremos que los chicos se retrasen. Pero los queremos vivos<\/em>\u00bb , as\u00ed lo afirma Gustavo, quien resalta el amplio acompa\u00f1amiento de la comunidad de Moreno.<\/p>\n<p>A su vez, nos informo de que no hay una fecha establecida para el inicio de las clases habituales, ya que tanto los docentes, como estudiantes y trabajadores del establecimiento aun conservan cierto miedo y shock por el tr\u00e1gico hecho que se llevo la vida de sus compa\u00f1eros. Es as\u00ed que, Gustavo argumenta que el inicio de clases ser\u00e1 \u00ab<em>progresivo y de acuerdo a como vayan reaccionando los docentes y estudiantes<\/em>\u00ab.<\/p>\n<p>Finalmente, este viernes a partir de las 8:06 hs, momento en que se produjo el estallido, la comunidad educativa junto a padres y estudiantes, marcharan desde el Monumento Fuentealba, en Ruta 23 y Gaona, hasta la Escuela 49 para exigir justicia por Sandra y Rub\u00e9n, y que sus muertes no queden impunes, bajo las consignas \u00ab<strong><em>Muerte en las escuelas nunca m\u00e1s<\/em><\/strong>\u00ab, \u00ab<strong><em>Sandra y Ruben presentes<\/em><\/strong>\u00ab, \u00ab<strong><em>Vidal es responsable<\/em><\/strong>\u00ab, \u00ab<strong><em>Plata para la educaci\u00f3n, no para el FMI<\/em><\/strong>\u00ab.<\/p>\n<p>Escucha la entrevista\u00a0<span style=\"color: #ff0000\"><strong><a href=\"https:\/\/radiocut.fm\/audiocut\/gustavo-munoz-cta-merlo-moreno-marcos-paz-necesitamos-que-las-escuelas-esten-en-condiciones\/\">ac\u00e1<\/a><\/strong><\/span><\/p>\n","protected":false},"excerpt":{"rendered":"<p>[FM Riachuelo 30\/10\/2018] Hoy en el programa Rompe el Cerco Informativo entrevistamos a Gustavo Mu\u00f1oz del Movimiento Territorial de Liberaci\u00f3n y Secretario Adjunto de la CTA Merlo-Moreno-Marcos Paz, quien se expres\u00f3 acerca de la reapertura de la Escuela 49 de Moreno, donde perdieron la vida dos trabajadores del establecimiento, el pasado 2 de agosto, producto [&hellip;]<\/p>\n","protected":false},"author":5,"featured_media":8475,"comment_status":"open","ping_status":"open","sticky":false,"template":"","format":"standard","meta":{"_monsterinsights_skip_tracking":false,"_monsterinsights_sitenote_active":false,"_monsterinsights_sitenote_note":"","_monsterinsights_sitenote_category":0,"jnews-multi-image_gallery":[],"jnews_single_post":[],"jnews_primary_category":[],"_joinchat":[],"footnotes":""},"categories":[76,77],"tags":[],"class_list":["post-8474","post","type-post","status-publish","format-standard","has-post-thumbnail","hentry","category-salud-comunitaria","category-soberania"],"_links":{"self":[{"href":"http:\/\/fmriachuelo.it10.com.ar\/index.php\/wp-json\/wp\/v2\/posts\/8474","targetHints":{"allow":["GET"]}}],"collection":[{"href":"http:\/\/fmriachuelo.it10.com.ar\/index.php\/wp-json\/wp\/v2\/posts"}],"about":[{"href":"http:\/\/fmriachuelo.it10.com.ar\/index.php\/wp-json\/wp\/v2\/types\/post"}],"author":[{"embeddable":true,"href":"http:\/\/fmriachuelo.it10.com.ar\/index.php\/wp-json\/wp\/v2\/users\/5"}],"replies":[{"embeddable":true,"href":"http:\/\/fmriachuelo.it10.com.ar\/index.php\/wp-json\/wp\/v2\/comments?post=8474"}],"version-history":[{"count":0,"href":"http:\/\/fmriachuelo.it10.com.ar\/index.php\/wp-json\/wp\/v2\/posts\/8474\/revisions"}],"wp:featuredmedia":[{"embeddable":true,"href":"http:\/\/fmriachuelo.it10.com.ar\/index.php\/wp-json\/"}],"wp:attachment":[{"href":"http:\/\/fmriachuelo.it10.com.ar\/index.php\/wp-json\/wp\/v2\/media?parent=8474"}],"wp:term":[{"taxonomy":"category","embeddable":true,"href":"http:\/\/fmriachuelo.it10.com.ar\/index.php\/wp-json\/wp\/v2\/categories?post=8474"},{"taxonomy":"post_tag","embeddable":true,"href":"http:\/\/fmriachuelo.it10.com.ar\/index.php\/wp-json\/wp\/v2\/tags?post=8474"}],"curies":[{"name":"wp","href":"https:\/\/api.w.org\/{rel}","templated":true}]}}