{"id":847,"date":"2014-12-22T02:37:00","date_gmt":"2014-12-22T02:37:00","guid":{"rendered":"http:\/\/fmriachuelo.observatorioess.org.ar\/index.php\/2014\/12\/22\/trabajadores-paraguayos-protestan-frente-a-la-embajada-de-brasil\/"},"modified":"2025-03-25T12:39:29","modified_gmt":"2025-03-25T15:39:29","slug":"trabajadores-paraguayos-protestan-frente-a-la-embajada-de-brasil","status":"publish","type":"post","link":"http:\/\/fmriachuelo.it10.com.ar\/index.php\/2014\/12\/22\/trabajadores-paraguayos-protestan-frente-a-la-embajada-de-brasil\/","title":{"rendered":"TRABAJADORES PARAGUAYOS PROTESTAN FRENTE A LA EMBAJADA DE BRASIL"},"content":{"rendered":"<div style=\"text-align: left\"><span style=\"color: red;font-family: Verdana, sans-serif;font-size: large\"><b>PROTESTA Y HUELGA DE HAMBRE: RECLAMAN LOS MISMOS DERECHOS QUE PARA LOS TRABAJADORES BRASILE\u00d1OS<\/b><\/span><\/div>\n<div style=\"clear: both;text-align: center\"><a href=\"http:\/\/2.bp.blogspot.com\/-vxfzqnogHrI\/VJeDg4cHJGI\/AAAAAAAACE4\/6hjTbj6G53g\/s1600\/paraguaycrucificados_jpg_1718483346.jpg\" style=\"clear: left;float: left;margin-bottom: 1em;margin-right: 1em\"><img loading=\"lazy\" decoding=\"async\" border=\"0\" src=\"http:\/\/2.bp.blogspot.com\/-vxfzqnogHrI\/VJeDg4cHJGI\/AAAAAAAACE4\/6hjTbj6G53g\/s1600\/paraguaycrucificados_jpg_1718483346.jpg\" height=\"181\" width=\"320\" \/><\/a><\/div>\n<p><span style=\"font-family: Verdana, sans-serif\">Una mujer y tres ex trabajadores de la hidroel\u00e9ctrica Itaip\u00fa, una empresa binacional entre Paraguay y Brasil, pasar\u00e1n los d\u00edas festivos de diciembre con sus manos clavadas a cruces de madera frente a la embajada brasile\u00f1a en Asunci\u00f3n, capital paraguaya, en reclamo por el pago de beneficios retroactivos contemplados en el protocolo de 1974.<\/span><br \/><a name='more'><\/a><span style=\"font-family: Verdana, sans-serif\">Los tres hombres cumplieron este domingo 13 d\u00edas crucificados, mientras que la mujer lleva cinco. Todos est\u00e1n decididos a continuar su inusual forma de protesta hasta recibir respuesta a su reclamo, que se centra en el pago de los retroactivos por su trabajo en la construcci\u00f3n de la hidroel\u00e9ctrica, que si  fue abonado a los  trabajadores brasile\u00f1os.<\/span><br \/><span style=\"font-family: Verdana, sans-serif\">\u00abVamos a pasar Navidad, A\u00f1o Nuevo, los Reyes y todo si no vienen soluciones\u00bb, asegur\u00f3 Teodorico Franco, el portavoz de la coordinadora de extrabajadores de Itaip\u00fa y contratistas que agrupa a 9 mil 500 exempleados, de los casi 40 mil que participaron en la construcci\u00f3n de la represa.<\/span><br \/><span style=\"font-family: Verdana, sans-serif\">Por su parte, el asesor jur\u00eddico del presidente de Paraguay, Sergio Godoy, les dijo a los extrabajadores que el documento con los reclamos a Itaip\u00fa ya hab\u00eda sido entregado, explic\u00f3 Franco.<\/span><br \/><span style=\"font-family: Verdana, sans-serif\">Adem\u00e1s de permanecer crucificados, los tres hombres y la mujer no consumen alimentos s\u00f3lidos y racionan la cantidad de l\u00edquido que toman para disminuir las necesidades fisiol\u00f3gicas.<\/span><br \/><span style=\"color: blue;font-family: Verdana\">Fuente: Telesur, Producci\u00f3n Riachuelo<\/span><\/p>\n<div style=\"clear: both;text-align: center\"><a href=\"http:\/\/2.bp.blogspot.com\/-E9iMCXivwBE\/VJeDvrBwk0I\/AAAAAAAACFA\/6mZG9gO7udw\/s1600\/COOP%2BRIACHIUELO%2BPRODUCCIONES.jpg\" style=\"clear: left;float: left;margin-bottom: 1em;margin-right: 1em\"><img loading=\"lazy\" decoding=\"async\" border=\"0\" src=\"http:\/\/2.bp.blogspot.com\/-E9iMCXivwBE\/VJeDvrBwk0I\/AAAAAAAACFA\/6mZG9gO7udw\/s1600\/COOP%2BRIACHIUELO%2BPRODUCCIONES.jpg\" height=\"58\" width=\"200\" \/><\/a><\/div>\n<p><span style=\"font-family: Verdana\"><\/span><\/p>\n","protected":false},"excerpt":{"rendered":"<p>PROTESTA Y HUELGA DE HAMBRE: RECLAMAN LOS MISMOS DERECHOS QUE PARA LOS TRABAJADORES BRASILE\u00d1OS Una mujer y tres ex trabajadores de la hidroel\u00e9ctrica Itaip\u00fa, una empresa binacional entre Paraguay y Brasil, pasar\u00e1n los d\u00edas festivos de diciembre con sus manos clavadas a cruces de madera frente a la embajada brasile\u00f1a en Asunci\u00f3n, capital paraguaya, en [&hellip;]<\/p>\n","protected":false},"author":4,"featured_media":0,"comment_status":"open","ping_status":"open","sticky":false,"template":"","format":"standard","meta":{"_monsterinsights_skip_tracking":false,"_monsterinsights_sitenote_active":false,"_monsterinsights_sitenote_note":"","_monsterinsights_sitenote_category":0,"jnews-multi-image_gallery":[],"jnews_single_post":{"format":"standard"},"jnews_primary_category":[],"_joinchat":[],"footnotes":""},"categories":[58],"tags":[70],"class_list":["post-847","post","type-post","status-publish","format-standard","hentry","category-noticiariachuelo","tag-de-la-patria-grande"],"_links":{"self":[{"href":"http:\/\/fmriachuelo.it10.com.ar\/index.php\/wp-json\/wp\/v2\/posts\/847","targetHints":{"allow":["GET"]}}],"collection":[{"href":"http:\/\/fmriachuelo.it10.com.ar\/index.php\/wp-json\/wp\/v2\/posts"}],"about":[{"href":"http:\/\/fmriachuelo.it10.com.ar\/index.php\/wp-json\/wp\/v2\/types\/post"}],"author":[{"embeddable":true,"href":"http:\/\/fmriachuelo.it10.com.ar\/index.php\/wp-json\/wp\/v2\/users\/4"}],"replies":[{"embeddable":true,"href":"http:\/\/fmriachuelo.it10.com.ar\/index.php\/wp-json\/wp\/v2\/comments?post=847"}],"version-history":[{"count":1,"href":"http:\/\/fmriachuelo.it10.com.ar\/index.php\/wp-json\/wp\/v2\/posts\/847\/revisions"}],"predecessor-version":[{"id":22071,"href":"http:\/\/fmriachuelo.it10.com.ar\/index.php\/wp-json\/wp\/v2\/posts\/847\/revisions\/22071"}],"wp:attachment":[{"href":"http:\/\/fmriachuelo.it10.com.ar\/index.php\/wp-json\/wp\/v2\/media?parent=847"}],"wp:term":[{"taxonomy":"category","embeddable":true,"href":"http:\/\/fmriachuelo.it10.com.ar\/index.php\/wp-json\/wp\/v2\/categories?post=847"},{"taxonomy":"post_tag","embeddable":true,"href":"http:\/\/fmriachuelo.it10.com.ar\/index.php\/wp-json\/wp\/v2\/tags?post=847"}],"curies":[{"name":"wp","href":"https:\/\/api.w.org\/{rel}","templated":true}]}}