{"id":8466,"date":"2018-10-19T19:09:04","date_gmt":"2018-10-19T19:09:04","guid":{"rendered":"http:\/\/fmriachuelo.com.ar\/?p=8466"},"modified":"2018-10-19T19:09:04","modified_gmt":"2018-10-19T19:09:04","slug":"asambleas-populares-contra-el-ajuste-del-fmi","status":"publish","type":"post","link":"http:\/\/fmriachuelo.it10.com.ar\/index.php\/2018\/10\/19\/asambleas-populares-contra-el-ajuste-del-fmi\/","title":{"rendered":"ASAMBLEAS POPULARES CONTRA EL AJUSTE DEL FMI"},"content":{"rendered":"<p><strong>[FM RIACHUELO 19\/10\/2018]Esta ma\u00f1ana lxs trabajadorxs de la econom\u00eda popular (CTEP) junto a otros movimientos del campo popular, se movilizaron hasta las puertas del Banco Central (Reconquista 266) para realizar una asamblea a nivel nacional en rechazo a la pol\u00edtica de hambre y exclusi\u00f3n que lleva adelante el Gobierno y el FMI. <\/strong><\/p>\n<p>Frente a las puertas del Banco Central, un nutrido arco de organizaciones sociales realiz\u00f3 una Asamblea Popular en repudio al acuerdo con el FMI y la instalaci\u00f3n de sus oficinas en el organismo.<\/p>\n<p>Uno de los primeros en hablar fue Gast\u00f3n Harispe Secretario General del Movimiento Octubres, qui\u00e9n tambi\u00e9n convers\u00f3 con\u00a0 Fm Riachuelo y dijo: <em><strong>\u201cEn la Argentina estamos viviendo el peor momento del saqueo de los sectores concentrados, olig\u00e1rquicos los m\u00e1s ricos del pa\u00eds y del mundo han llegado al gobierno. Son los sectores financieros, que aqu\u00ed en el banco central, ahora tienen la conducci\u00f3n pol\u00edtica del proceso econ\u00f3mico que impone el Fondo Monetario Internacional. Nosotros estamos reuni\u00e9ndonos en todo el pa\u00eds realizando asambleas y debatiendo el rumbo del modelo econ\u00f3mico, que tienen que corregirlo o irse. Ya est\u00e1 agotado el proyecto pol\u00edtico y econ\u00f3mico el neoliberalismo, una vez m\u00e1s fracaso\u201d.<\/strong><\/em><img loading=\"lazy\" decoding=\"async\" class=\"alignnone size-full wp-image-8468\" src=\"http:\/\/fmriachuelo.com.ar\/wp-content\/uploads\/2018\/10\/WhatsApp-Image-2018-10-19-at-3.59.44-PM.jpeg\" alt=\"\" width=\"1280\" height=\"854\" \/><\/p>\n<p>Lito Borello Secretario de Derecho Humanos de la Confederacion de Trabajadores de la Economia Popular (CTEP) expres\u00f3:<em><strong>\u201dNos estamos uniendo. La prensa nos quiere convencer de que estamos vencidos, y a raja tabla y como d\u00e9 lugar, van a seguir avanzando con este proyecto. El \u00e9xito y los objetivos de victoria no son ma\u00f1ana, el \u00e9xito y los objetivos de victoria\u00a0 no est\u00e1n dentro de una hora cuando nos vayamos. Esta capacidad de lucha, de organizaci\u00f3n y de unidad est\u00e1 formando la fuerza necesaria no solamente para resistir sino para tener un proyecto alternativo de pa\u00eds, un proyecto alternativo de sociedad, en donde el hombre no sea el lobo del hombre. Hay que construir otro mundo posible\u201d.<\/strong><\/em><\/p>\n<p><strong>\u00a0Bajo la consigna \u00abLxs Trabajadorxs le decimos NO al FMI\u00bb se realiz\u00f3 est\u00e1\u00a0 Asamblea Popular, en donde todxs se manifestaron contra las pol\u00edticas de ajuste y la llegada del organismo.<br \/>\n<\/strong><\/p>\n<p>&nbsp;<\/p>\n<p>&nbsp;<\/p>\n<p>&nbsp;<\/p>\n<p>&nbsp;<\/p>\n","protected":false},"excerpt":{"rendered":"<p>[FM RIACHUELO 19\/10\/2018]Esta ma\u00f1ana lxs trabajadorxs de la econom\u00eda popular (CTEP) junto a otros movimientos del campo popular, se movilizaron hasta las puertas del Banco Central (Reconquista 266) para realizar una asamblea a nivel nacional en rechazo a la pol\u00edtica de hambre y exclusi\u00f3n que lleva adelante el Gobierno y el FMI. Frente a las [&hellip;]<\/p>\n","protected":false},"author":5,"featured_media":8467,"comment_status":"open","ping_status":"open","sticky":false,"template":"","format":"standard","meta":{"_monsterinsights_skip_tracking":false,"_monsterinsights_sitenote_active":false,"_monsterinsights_sitenote_note":"","_monsterinsights_sitenote_category":0,"jnews-multi-image_gallery":[],"jnews_single_post":[],"jnews_primary_category":[],"_joinchat":[],"footnotes":""},"categories":[78,76,75],"tags":[],"class_list":["post-8466","post","type-post","status-publish","format-standard","has-post-thumbnail","hentry","category-economia-popular","category-salud-comunitaria","category-trabajo"],"_links":{"self":[{"href":"http:\/\/fmriachuelo.it10.com.ar\/index.php\/wp-json\/wp\/v2\/posts\/8466","targetHints":{"allow":["GET"]}}],"collection":[{"href":"http:\/\/fmriachuelo.it10.com.ar\/index.php\/wp-json\/wp\/v2\/posts"}],"about":[{"href":"http:\/\/fmriachuelo.it10.com.ar\/index.php\/wp-json\/wp\/v2\/types\/post"}],"author":[{"embeddable":true,"href":"http:\/\/fmriachuelo.it10.com.ar\/index.php\/wp-json\/wp\/v2\/users\/5"}],"replies":[{"embeddable":true,"href":"http:\/\/fmriachuelo.it10.com.ar\/index.php\/wp-json\/wp\/v2\/comments?post=8466"}],"version-history":[{"count":0,"href":"http:\/\/fmriachuelo.it10.com.ar\/index.php\/wp-json\/wp\/v2\/posts\/8466\/revisions"}],"wp:featuredmedia":[{"embeddable":true,"href":"http:\/\/fmriachuelo.it10.com.ar\/index.php\/wp-json\/"}],"wp:attachment":[{"href":"http:\/\/fmriachuelo.it10.com.ar\/index.php\/wp-json\/wp\/v2\/media?parent=8466"}],"wp:term":[{"taxonomy":"category","embeddable":true,"href":"http:\/\/fmriachuelo.it10.com.ar\/index.php\/wp-json\/wp\/v2\/categories?post=8466"},{"taxonomy":"post_tag","embeddable":true,"href":"http:\/\/fmriachuelo.it10.com.ar\/index.php\/wp-json\/wp\/v2\/tags?post=8466"}],"curies":[{"name":"wp","href":"https:\/\/api.w.org\/{rel}","templated":true}]}}