{"id":8462,"date":"2018-10-18T18:12:56","date_gmt":"2018-10-18T18:12:56","guid":{"rendered":"http:\/\/fmriachuelo.com.ar\/?p=8462"},"modified":"2018-10-18T18:12:56","modified_gmt":"2018-10-18T18:12:56","slug":"la-policia-libera-la-zona-y-esta-dispuesta-a-todo","status":"publish","type":"post","link":"http:\/\/fmriachuelo.it10.com.ar\/index.php\/2018\/10\/18\/la-policia-libera-la-zona-y-esta-dispuesta-a-todo\/","title":{"rendered":"\u00abLA POLIC\u00cdA LIBERA LA ZONA Y EST\u00c1 DISPUESTA A TODO\u00bb"},"content":{"rendered":"<p><strong>[Por el Colectivo de Medios Populares* 18\/10\/2018]\u00a0Mar\u00eda Viera, mam\u00e1 de Fabi\u00e1n Gorosito, ofreci\u00f3 una conferencia de prensa para denunciar m\u00e1s amenazas y ataques que sufrieron testigos del juicio por la muerte de su hijo a manos de 11 efectivos de la Polic\u00eda Bonaerense, en 2010, en Mariano Acosta (Merlo). Esta vez el hecho m\u00e1s grave fue la golpiza y el intento de secuestro de Daniel Mancini, que ya aport\u00f3 su declaraci\u00f3n en la causa.<\/strong><\/p>\n<p style=\"font-weight: 400\">Mar\u00eda Viera est\u00e1 lista para una nueva jornada del segundo juicio por el crimen de su hijo. Pero esta ma\u00f1ana convoc\u00f3 a los medios de comunicaci\u00f3n para volver a contar una serie de amenazas contra testigos y familiares de Fabi\u00e1n Gorosito, que fue asesinado el 15 de agosto de 2010 tras una feroz golpiza en la comisar\u00eda de Mariano Acosta. <em><strong>\u201cEstamos ac\u00e1 en una nueva audiencia del juicio y tambi\u00e9n para denunciar las amenazas que vengo sufriendo. Es impresionante c\u00f3mo liberan la zona. Con tanta impunidad. Es incre\u00edble. Es muy grave, podr\u00eda haber tenido un muerto y nadie hace nada. La madrugada del viernes para el s\u00e1bado, una camioneta me choc\u00f3 la reja de mi casa a las tres de la ma\u00f1ana. Pasaron diez minutos y se fue. Nosotros vivimos con Mancini a cuatro cuadras de diferencias. A las tres y media me llama y me avisan que hab\u00eda parado una camioneta. Bajaron dos personas, le pegaron culetazos a Mancini y tiraron tiros al aire. Se metieron a dentro de la casa y tirotearon adentro. Se subieron a la camioneta y se fueron. Mancini tuvo que ser internado en el hospital por la gravedad de los golpes. \u00c9l no puede tener golpes en la cabeza porque tuvo un accidente grave y tiene placas met\u00e1licas dentro. Todo el mundo lo sab\u00eda\u201d<\/strong><\/em>, relat\u00f3 Viera. Daniel Mancini es una de las personas que dio testimonio acerca de las torturas que \u00e9l mismo sufri\u00f3 de parte del mismo grupo de polic\u00edas, apenas unos d\u00edas antes del crimen de Gorosito: <em><strong>\u201cEl testific\u00f3 que tres d\u00edas antes del asesinato de Fabi\u00e1n, los acusados les hace un allanamiento ilegal, los torturan, los encierran y llevan en la Comisar\u00eda 1\u00aa de Merlo. Lo hicieron porque quer\u00edan saber qu\u00e9 era lo que hac\u00eda Fabi\u00e1n. Ellos est\u00e1n vivos porque estaban juntos\u201d.<\/strong><\/em><\/p>\n<p style=\"font-weight: 400\">Viera muestra preocupaci\u00f3n: <em><strong>\u201cEs incre\u00edble c\u00f3mo los efectivos policiales, compa\u00f1eros de los acusados, liberan la zona. Est\u00e1n dispuestos a todo. Necesitamos denunciar porque esta situaci\u00f3n no da para m\u00e1s. Necesitamos que nos escuchen. Tranquilamente podr\u00eda haber habido un muerto. El jefe de la custodia se nos re\u00eda. Y dec\u00eda que estaba en mi casa y no era as\u00ed\u201d.<\/strong><\/em><\/p>\n<p style=\"font-weight: 400\">La acompa\u00f1aron varias mam\u00e1s que perdieron a sus hijos por el accionar de las fuerzas de seguridad del Estado, que se vienen organizando alrededor de la Marcha Nacional contra el Gatillo F\u00e1cil. Una de las referencias de ese espacio es Emilia Vasallo, la madre de Pablo \u201cPaly\u201d Alcorta.<em><strong> \u201cEn el juicio se vienen viviendo cosas bastante parecidas a esto, el amedrentamiento de la misma polic\u00eda, en los pasillos, en los ba\u00f1os. Porque cuando salimos de las audiencias, o cuando se hace un cuarto intermedio, compartimos los ba\u00f1os con la polic\u00eda que est\u00e1 siendo juzgada, con sus familias, donde amenazan a Mar\u00eda. Mar\u00eda comentaba que el otro d\u00eda entr\u00f3 al ba\u00f1o y le dijeron \u2018ahora vamos a ver qu\u00e9 pasa\u2019, la insultan, todo puertas para adentro del ba\u00f1o, cosa que no haya ning\u00fan testigo. Est\u00e1 bastante jodido, y despu\u00e9s lo sucedido. Sabemos que hay impunidad. Estos hechos no son los primeros, pero son de extrema gravedad\u201d<\/strong><\/em>. Vasallo cont\u00f3 que hubo disparos y que quisieron llevarse a Mancini: <em><strong>\u201cLo golpearon y dispararon, llev\u00e1ndose las vainas servidas. Anteriormente quisieron entrar en la casa de Mar\u00eda con la misma camioneta con la que despu\u00e9s lo quisieron secuestrar,\u00a0 porque lo quisieron subir arriba de la camioneta. Lo quisieron secuestrar y llev\u00e1rselo. Diez minutos antes estuvieron en la casa de Mar\u00eda choc\u00e1ndole el port\u00f3n y acelerando, como dici\u00e9ndole \u2018ac\u00e1 estamos, si queremos entramos y te matamos\u2019. Despu\u00e9s esa camioneta se vio en la comisar\u00eda de Mariano Acosta en la 6\u00aa, donde fueron torturados esos mismos pibes en agosto de 2010. La custodia policial que tendr\u00eda que tener todos es la misma polic\u00eda de ah\u00ed. Hoy no s\u00e9 qu\u00e9 pasar\u00e1 cuando el tribunal se entere de esto, y yo le dec\u00eda a Mar\u00eda lo que te conviene hacer es pedirle al juez la palabra y decirle todas las cosas que est\u00e1n pasando, a viva voz tuya, defenderte vos, decir vos lo que est\u00e1 pasando\u201d<\/strong><\/em>, recomend\u00f3 Vasallo.<\/p>\n<p style=\"font-weight: 400\">La mam\u00e1 de Paly Alcorta destac\u00f3 la fuerza que les da caminar juntas:<em><strong> \u201cDesde el espacio de la organizaci\u00f3n de la marcha venimos acompa\u00f1ando a Mar\u00eda desde siempre y a todos los familiares. Mar\u00eda es una persona que en su primer juicio estuvo muy sola y hoy por hoy se ve rodeada de todos los compa\u00f1eros, de todos los militantes, de todas las organizaciones, y la verdad que m\u00e1s all\u00e1 del miedo que tiene, porque le otro d\u00eda me dec\u00eda \u2018Emi, tengo miedo, tengo mucho miedo, s\u00e9 que est\u00e1n todos pero sigo teniendo miedo, tengo miedo por mi vida, por la de mi hijo. Por mi vida no me importa pero mi hijo, mi hija, mis nietos\u2019. Apenas nos enteramos de lo que pas\u00f3 corrimos todos para la casa de Mar\u00eda, no solamente los familiares sino que varias organizaci\u00f3n tambi\u00e9n. Es lo \u00fanico que nos queda; si no nos organizamos nosotros, si no nos cuidamos y salimos a pelearla nosotros, en un sistema injusto, qu\u00e9 justicia o qu\u00e9 defensa podemos tener\u201d<\/strong><\/em>.<\/p>\n<p style=\"font-weight: 400\">Tambi\u00e9n acompa\u00f1\u00f3 a Viera M\u00f3nica Alegre, la mam\u00e1 de Luciano Arruga, secuestrado y desaparecido por la bonaerense el 31 de enero de 2009. <em><strong>\u201cAc\u00e1, bancando a Mar\u00eda, tratando de darle fuerza en esta dif\u00edcil situaci\u00f3n que le est\u00e1 tocando vivir.\u201d, comenz\u00f3 Alegre. \u201cNo es nada nuevo lo que est\u00e1 pasando, lo que quieren es haciendo esto que las familiares retrocedan, den un paso atr\u00e1s, bajen los brazos. Y ac\u00e1 estamos para decirles que no. Hay que seguir adelante, que no est\u00e1 sola. Que lamentablemente esto no es nada nuevo, es doloroso pero no es nada nuevo, ya le hemos vivido. Amenazas, mismo a Vanesa (Orieta, su hija) le han quemado su auto, mismo a mi casa que tuve poco menos que ponerle vallas de seguridad, no sorprende, pero ac\u00e1 estamos todos para darle fuerza, para que siga adelante, para que se haga visible\u201d<\/strong><\/em>. Alegre asegur\u00f3 que las familias que pasan por estas circunstancias lo tienen naturalizado. <em><strong>\u201cLamentablemente y tristemente te voy a decir que s\u00ed. Es habitual, son las cartas que ellos juegan. Te das cuenta que siempre es lo mismo, tratar de sacar a los testigos, en otros casos matan a los testigos, o mueren accidentalmente, o los atropella un auto. Por eso yo siempre digo esta es una falsa democracia. Todav\u00eda en esta democracia hay secuelas y bastante graves de una vieja dictadura\u201d<\/strong><\/em>.<\/p>\n<p style=\"font-weight: 400\"><strong>17 de octubre, Luciano y Santiago tambi\u00e9n unidos por una fecha<\/strong><\/p>\n<p style=\"font-weight: 400\">Ese d\u00eda de 2014, los Familiares y Amigos de Luciano Arruga se enteraron de que el joven estaba enterrado como N.N. en el Cementerio de Chacarita. Alegre asegura que le resulta muy dif\u00edcil poner en palabras lo que sinti\u00f3 ese d\u00eda:<em><strong> \u201cPara m\u00ed fue un triste despertar, es perder las esperanzas porque hasta ese momento yo ten\u00eda esperanzas. Cuando a m\u00ed me vinieron a buscar me fui a preparar y pregunt\u00e9 c\u00f3mo est\u00e1 mi hijo, y fui a arreglarme porque quer\u00eda que me vea bien. Es darse cuenta, porque a veces las madres no entramos en raz\u00f3n, y no nos queremos dar cuenta de la realidad. Creo que lo mismo le pas\u00f3 a la mam\u00e1 de Santiago, ella tuvo esperanzas hasta que bueno, el 17 de octubre le pusieron el cuerpo de su hijo ah\u00ed, como a m\u00ed me lo pusieron en la General Paz. Con Luciano tuvieron m\u00e1s tiempo,\u00a0 5 a\u00f1os y 8 meses, para borrar rastros porque no se pudo ver nada, porque no se encontr\u00f3 nada, yo encontr\u00e9 solamente restos \u00f3seos. Con Santiago no tuvieron tanto tiempo porque fue un caso m\u00e1s visible, la misma gente los estaba apurando, ten\u00edan que hacer las cosas muy r\u00e1pido. Tambi\u00e9n creyeron que lo hicieron bien. Todos sabemos que a Santiago lo mat\u00f3 Gendarmer\u00eda y pusieron el cuerpo ah\u00ed. Que haya gente que sea est\u00fapida y no quiera ver la realidad, por conveniencia, por cobard\u00eda, por lo que quieras, pero la gente que estamos en esto y sabemos lo que le pas\u00f3 a Santiago lo vamos a decir, se nos va a ir la vida diciendo que a Santiago Maldonado y a Luciano Arruga los mat\u00f3 a polic\u00eda y los desaparici\u00f3 el Estado. Y vamos a decir que todos los gobiernos matan y el Estado es responsable\u201d<\/strong><\/em>.<\/p>\n<p style=\"font-weight: 400\">Apenas unos pasos m\u00e1s all\u00e1 Mar\u00eda Viera estaba ansiosa por entrar a la sala. <em><strong>\u201cYo lo \u00fanico que pido es Justicia. No pido nada m\u00e1s\u201d<\/strong><\/em>. Gir\u00f3, y se meti\u00f3 otra vez en el juicio.<\/p>\n<p style=\"font-weight: 400\"><strong>* La Retaguardia\/FM Riachuelo\/FM La Caterva\/Agencia Paco Urondo\/Sur Capitalino\/Radio Gr\u00e1fica<\/strong><\/p>\n<p style=\"font-weight: 400\">(Desde el colectivo de medios populares producimos en unidad como urgencia y como apuesta.\u00a0 Coincidimos en que la comunicaci\u00f3n que no es mercanc\u00eda. Nos encontramos, ensamblamos, complementamos, potenciamos y existimos, intentando romper con una m\u00e1xima natural: que entre iguales, solo queda competir).<\/p>\n","protected":false},"excerpt":{"rendered":"<p>[Por el Colectivo de Medios Populares* 18\/10\/2018]\u00a0Mar\u00eda Viera, mam\u00e1 de Fabi\u00e1n Gorosito, ofreci\u00f3 una conferencia de prensa para denunciar m\u00e1s amenazas y ataques que sufrieron testigos del juicio por la muerte de su hijo a manos de 11 efectivos de la Polic\u00eda Bonaerense, en 2010, en Mariano Acosta (Merlo). Esta vez el hecho m\u00e1s grave [&hellip;]<\/p>\n","protected":false},"author":5,"featured_media":8463,"comment_status":"open","ping_status":"open","sticky":false,"template":"","format":"standard","meta":{"_monsterinsights_skip_tracking":false,"_monsterinsights_sitenote_active":false,"_monsterinsights_sitenote_note":"","_monsterinsights_sitenote_category":0,"jnews-multi-image_gallery":[],"jnews_single_post":[],"jnews_primary_category":[],"_joinchat":[],"footnotes":""},"categories":[78,76],"tags":[],"class_list":["post-8462","post","type-post","status-publish","format-standard","has-post-thumbnail","hentry","category-economia-popular","category-salud-comunitaria"],"_links":{"self":[{"href":"http:\/\/fmriachuelo.it10.com.ar\/index.php\/wp-json\/wp\/v2\/posts\/8462","targetHints":{"allow":["GET"]}}],"collection":[{"href":"http:\/\/fmriachuelo.it10.com.ar\/index.php\/wp-json\/wp\/v2\/posts"}],"about":[{"href":"http:\/\/fmriachuelo.it10.com.ar\/index.php\/wp-json\/wp\/v2\/types\/post"}],"author":[{"embeddable":true,"href":"http:\/\/fmriachuelo.it10.com.ar\/index.php\/wp-json\/wp\/v2\/users\/5"}],"replies":[{"embeddable":true,"href":"http:\/\/fmriachuelo.it10.com.ar\/index.php\/wp-json\/wp\/v2\/comments?post=8462"}],"version-history":[{"count":0,"href":"http:\/\/fmriachuelo.it10.com.ar\/index.php\/wp-json\/wp\/v2\/posts\/8462\/revisions"}],"wp:featuredmedia":[{"embeddable":true,"href":"http:\/\/fmriachuelo.it10.com.ar\/index.php\/wp-json\/"}],"wp:attachment":[{"href":"http:\/\/fmriachuelo.it10.com.ar\/index.php\/wp-json\/wp\/v2\/media?parent=8462"}],"wp:term":[{"taxonomy":"category","embeddable":true,"href":"http:\/\/fmriachuelo.it10.com.ar\/index.php\/wp-json\/wp\/v2\/categories?post=8462"},{"taxonomy":"post_tag","embeddable":true,"href":"http:\/\/fmriachuelo.it10.com.ar\/index.php\/wp-json\/wp\/v2\/tags?post=8462"}],"curies":[{"name":"wp","href":"https:\/\/api.w.org\/{rel}","templated":true}]}}