{"id":8456,"date":"2018-10-18T01:03:17","date_gmt":"2018-10-18T01:03:17","guid":{"rendered":"http:\/\/fmriachuelo.com.ar\/?p=8456"},"modified":"2018-10-18T01:03:17","modified_gmt":"2018-10-18T01:03:17","slug":"las-organizaciones-sociales-de-avellaneda-se-reuniran-con-jorge-ferraresi-para-discutir-la-agenda-de-la-economia-popular","status":"publish","type":"post","link":"http:\/\/fmriachuelo.it10.com.ar\/index.php\/2018\/10\/18\/las-organizaciones-sociales-de-avellaneda-se-reuniran-con-jorge-ferraresi-para-discutir-la-agenda-de-la-economia-popular\/","title":{"rendered":"LAS ORGANIZACIONES SOCIALES DE AVELLANEDA SE REUNIR\u00c1N CON JORGE FERRARESI PARA DISCUTIR LA AGENDA DE LA ECONOM\u00cdA POPULAR"},"content":{"rendered":"<p><strong>[FM RIACHUELO 17\/10\/2018] Hoy los trabajadores y trabajadoras de la econom\u00eda popular que conforman la Mesa de Movimientos Sociales de Avellaneda, decidieron posponer la movilizaci\u00f3n programada para ma\u00f1ana, luego del compromiso asumido por el intendente Jorge Ferraresi de recibirlos el pr\u00f3ximo mi\u00e9rcoles 24 de octubre<\/strong>.<\/p>\n<p>En una reuni\u00f3n con la presidenta del Observatorio Social de Pol\u00edticas P\u00fablicas de Avellaneda, Magdalena Sierra, las organizaciones volvieron a presentar las demandas del sector y a exigir respuestas urgentes para sobrellevar la actual crisis econ\u00f3mica que golpea sobre todo a los sectores m\u00e1s humildes.<\/p>\n<p>Rompe el Cerco Informativo dialog\u00f3 con <strong>Jos\u00e9 Medina, Secretario General de la CTA Aut\u00f3noma Avellaneda<\/strong>, quien particip\u00f3 del encuentro junto a los dem\u00e1s referentes y destac\u00f3 la unidad lograda entre las organizaciones sociales como factor determinante para conseguir la conformaci\u00f3n de una mesa de di\u00e1logo con el municipio.<\/p>\n<p><a href=\"https:\/\/radiocut.fm\/audiocut\/jose-medina-sec-gral-cta-autonoma-en-esta-pelea-vamos-a-estar-juntos-y-no-separados\/\">Escucha la entrevista completa con el dirigente sindical<\/a><\/p>\n<p>&nbsp;<\/p>\n","protected":false},"excerpt":{"rendered":"<p>[FM RIACHUELO 17\/10\/2018] Hoy los trabajadores y trabajadoras de la econom\u00eda popular que conforman la Mesa de Movimientos Sociales de Avellaneda, decidieron posponer la movilizaci\u00f3n programada para ma\u00f1ana, luego del compromiso asumido por el intendente Jorge Ferraresi de recibirlos el pr\u00f3ximo mi\u00e9rcoles 24 de octubre. En una reuni\u00f3n con la presidenta del Observatorio Social de [&hellip;]<\/p>\n","protected":false},"author":5,"featured_media":8457,"comment_status":"open","ping_status":"open","sticky":false,"template":"","format":"standard","meta":{"_monsterinsights_skip_tracking":false,"_monsterinsights_sitenote_active":false,"_monsterinsights_sitenote_note":"","_monsterinsights_sitenote_category":0,"jnews-multi-image_gallery":[],"jnews_single_post":[],"jnews_primary_category":[],"_joinchat":[],"footnotes":""},"categories":[76],"tags":[],"class_list":["post-8456","post","type-post","status-publish","format-standard","has-post-thumbnail","hentry","category-salud-comunitaria"],"_links":{"self":[{"href":"http:\/\/fmriachuelo.it10.com.ar\/index.php\/wp-json\/wp\/v2\/posts\/8456","targetHints":{"allow":["GET"]}}],"collection":[{"href":"http:\/\/fmriachuelo.it10.com.ar\/index.php\/wp-json\/wp\/v2\/posts"}],"about":[{"href":"http:\/\/fmriachuelo.it10.com.ar\/index.php\/wp-json\/wp\/v2\/types\/post"}],"author":[{"embeddable":true,"href":"http:\/\/fmriachuelo.it10.com.ar\/index.php\/wp-json\/wp\/v2\/users\/5"}],"replies":[{"embeddable":true,"href":"http:\/\/fmriachuelo.it10.com.ar\/index.php\/wp-json\/wp\/v2\/comments?post=8456"}],"version-history":[{"count":0,"href":"http:\/\/fmriachuelo.it10.com.ar\/index.php\/wp-json\/wp\/v2\/posts\/8456\/revisions"}],"wp:featuredmedia":[{"embeddable":true,"href":"http:\/\/fmriachuelo.it10.com.ar\/index.php\/wp-json\/"}],"wp:attachment":[{"href":"http:\/\/fmriachuelo.it10.com.ar\/index.php\/wp-json\/wp\/v2\/media?parent=8456"}],"wp:term":[{"taxonomy":"category","embeddable":true,"href":"http:\/\/fmriachuelo.it10.com.ar\/index.php\/wp-json\/wp\/v2\/categories?post=8456"},{"taxonomy":"post_tag","embeddable":true,"href":"http:\/\/fmriachuelo.it10.com.ar\/index.php\/wp-json\/wp\/v2\/tags?post=8456"}],"curies":[{"name":"wp","href":"https:\/\/api.w.org\/{rel}","templated":true}]}}