{"id":8448,"date":"2018-10-17T17:35:39","date_gmt":"2018-10-17T17:35:39","guid":{"rendered":"http:\/\/fmriachuelo.com.ar\/?p=8448"},"modified":"2018-10-17T17:35:39","modified_gmt":"2018-10-17T17:35:39","slug":"bullrich-miente-ley-de-emergencia-en-adicciones-ya","status":"publish","type":"post","link":"http:\/\/fmriachuelo.it10.com.ar\/index.php\/2018\/10\/17\/bullrich-miente-ley-de-emergencia-en-adicciones-ya\/","title":{"rendered":"BULLRICH MIENTE LEY DE EMERGENCIA EN ADICCIONES YA"},"content":{"rendered":"<p><strong>[Fm Riachuelo 17\/10\/2018] Las organizaciones del campo popular marcharon con la presencia de la Corriente Clasista y Combativa, Confederaci\u00f3n de los Trabajadores de la Econom\u00eda Popular y Barrios de Pie, desde Pueyrred\u00f3n y C\u00f3rdoba hasta el Ministerio de Seguridad para repudiar los dichos de Patricia Bullrich, qui\u00e9n estigmatiz\u00f3 en sus declaraciones a los movimientos populares diciendo que son los responsables del narcotr\u00e1fico.<\/strong><\/p>\n<p>Ya hab\u00eda sido denunciada al INADI, hoy se entreg\u00f3 un petitorio para que se retracte de sus dichos.<br \/>\nAdem\u00e1s para exigir la vigencia de la Ley de Emergencia en Adicciones que fue presentada hace varios meses, donde se resalta precisamente el trabajo que desde el campo popular se hace en los territorios para\u00a0 recuperar a los j\u00f3venes con problem\u00e1ticas de adicci\u00f3n y reclamar que \u00ablos pibes tengan educaci\u00f3n y trabajo y no al flagelo de la droga\u00bb.<\/p>\n<p>Pasadas las 12 horas\u00a0 lleg\u00f3\u00a0 la multitudinaria marcha hasta el vallado puesto por las fuerzas represivas de Bullrich. Pero a pesar de ello, los representantes de las organizaciones pudieron ingresar y entregar el petitorio.<br \/>\nComo dijo: Esteban \u00abGringo\u00bb Castro Secretario general de Ctep,<em><strong>\u00abLa ministra solo hace un trabajo sistem\u00e1tico para amedrentar a las organizaciones populares pero no va a conseguir que dejemos de expresarnos en las calles y reclamar por una ley de adicciones que estamos exigiendo desde hace rato. Para seguir ayudando a nuestros pibes a tener estudio y trabajo y salir de las adicciones, eso es lo que hacemos desde los movimientos populares, por eso repudiamos sus dichos.\u00bb<\/strong><\/em><img loading=\"lazy\" decoding=\"async\" class=\"alignnone size-full wp-image-8451\" src=\"http:\/\/fmriachuelo.com.ar\/wp-content\/uploads\/2018\/10\/para-la-nota.jpeg\" alt=\"\" width=\"1280\" height=\"853\" \/><strong>Bullrich miente! los movimientos populares luchamos contra las adicciones. Exigimos la Ley Ya!<\/strong><\/p>\n<p><a href=\"https:\/\/soundcloud.com\/prensa-fm-riachuelo\/sets\/bullrich-miente-ley-de\">Escucha los testimonios<\/a><\/p>\n<p>&nbsp;<\/p>\n","protected":false},"excerpt":{"rendered":"<p>[Fm Riachuelo 17\/10\/2018] Las organizaciones del campo popular marcharon con la presencia de la Corriente Clasista y Combativa, Confederaci\u00f3n de los Trabajadores de la Econom\u00eda Popular y Barrios de Pie, desde Pueyrred\u00f3n y C\u00f3rdoba hasta el Ministerio de Seguridad para repudiar los dichos de Patricia Bullrich, qui\u00e9n estigmatiz\u00f3 en sus declaraciones a los movimientos populares [&hellip;]<\/p>\n","protected":false},"author":5,"featured_media":8449,"comment_status":"open","ping_status":"open","sticky":false,"template":"","format":"standard","meta":{"_monsterinsights_skip_tracking":false,"_monsterinsights_sitenote_active":false,"_monsterinsights_sitenote_note":"","_monsterinsights_sitenote_category":0,"jnews-multi-image_gallery":[],"jnews_single_post":[],"jnews_primary_category":[],"_joinchat":[],"footnotes":""},"categories":[78,76,75],"tags":[],"class_list":["post-8448","post","type-post","status-publish","format-standard","has-post-thumbnail","hentry","category-economia-popular","category-salud-comunitaria","category-trabajo"],"_links":{"self":[{"href":"http:\/\/fmriachuelo.it10.com.ar\/index.php\/wp-json\/wp\/v2\/posts\/8448","targetHints":{"allow":["GET"]}}],"collection":[{"href":"http:\/\/fmriachuelo.it10.com.ar\/index.php\/wp-json\/wp\/v2\/posts"}],"about":[{"href":"http:\/\/fmriachuelo.it10.com.ar\/index.php\/wp-json\/wp\/v2\/types\/post"}],"author":[{"embeddable":true,"href":"http:\/\/fmriachuelo.it10.com.ar\/index.php\/wp-json\/wp\/v2\/users\/5"}],"replies":[{"embeddable":true,"href":"http:\/\/fmriachuelo.it10.com.ar\/index.php\/wp-json\/wp\/v2\/comments?post=8448"}],"version-history":[{"count":0,"href":"http:\/\/fmriachuelo.it10.com.ar\/index.php\/wp-json\/wp\/v2\/posts\/8448\/revisions"}],"wp:featuredmedia":[{"embeddable":true,"href":"http:\/\/fmriachuelo.it10.com.ar\/index.php\/wp-json\/"}],"wp:attachment":[{"href":"http:\/\/fmriachuelo.it10.com.ar\/index.php\/wp-json\/wp\/v2\/media?parent=8448"}],"wp:term":[{"taxonomy":"category","embeddable":true,"href":"http:\/\/fmriachuelo.it10.com.ar\/index.php\/wp-json\/wp\/v2\/categories?post=8448"},{"taxonomy":"post_tag","embeddable":true,"href":"http:\/\/fmriachuelo.it10.com.ar\/index.php\/wp-json\/wp\/v2\/tags?post=8448"}],"curies":[{"name":"wp","href":"https:\/\/api.w.org\/{rel}","templated":true}]}}