{"id":8445,"date":"2018-10-16T22:51:17","date_gmt":"2018-10-16T22:51:17","guid":{"rendered":"http:\/\/fmriachuelo.com.ar\/?p=8445"},"modified":"2018-10-16T22:51:17","modified_gmt":"2018-10-16T22:51:17","slug":"el-narcotrafico-es-la-construccion-de-un-ejercito-de-ocupacion-del-capital-financiero","status":"publish","type":"post","link":"http:\/\/fmriachuelo.it10.com.ar\/index.php\/2018\/10\/16\/el-narcotrafico-es-la-construccion-de-un-ejercito-de-ocupacion-del-capital-financiero\/","title":{"rendered":"\u201cEL NARCOTR\u00c1FICO ES LA CONSTRUCCI\u00d3N DE UN EJERCITO DE OCUPACI\u00d3N DEL CAPITAL FINANCIERO\u201d"},"content":{"rendered":"<p><strong>[FM Riachuelo 16\/10\/2018] Hoy durante el programa Rompe el Cerco Informativo se entrevist\u00f3 al Secretario General de la Confederaci\u00f3n de Trabajadores de la Econom\u00eda Popular, Esteban \u201cGringo\u201d Castro, quien repudio los dichos de la Ministra de Bullrich y se pronuncio acerca de la movilizaci\u00f3n de ma\u00f1ana al Ministerio de Seguridad.<\/strong><\/p>\n<p>Este 17 de octubre a las 11 hs, la CTEP, Barrios de Pie y la Confederaci\u00f3n Clasista y Combativa estar\u00e1n marchando desde C\u00f3rdoba y Pueyrred\u00f3n hasta el Ministerio a cargo de Patricia Bullrich, bajo la consigna \u201c<strong><em>Bullrich miente, Ley de Emergencia en Adicciones YA<\/em><\/strong>\u201d. La misma movilizaci\u00f3n tiene como eje la insistencia en el tratamiento urgente de la Ley de Emergencia en Adicciones, la cual fue entregada al Congreso Nacional en el mes de junio.<\/p>\n<p>La ministra fue denunciada por diversas organizaciones sociales y populares ante el INADI, por sus repudiables comentarios xen\u00f3fobos y discriminatorios en los medios de comunicaci\u00f3n, adem\u00e1s vinculo la desocupaci\u00f3n con el avance del narcotr\u00e1fico. Ante esto, \u201cGringo\u201d Castro se expres\u00f3 acerca del trabajo de las organizaciones populares en los barrios: \u201c<strong><em>La mayor\u00eda de nosotros empez\u00f3 trabajando en centros comunitarios, culturales, merenderos para sacar a los pibes de la esquina. Era el principio de nuestra militancia cuando \u00e9ramos j\u00f3venes, sobre todo en los 90. Ahora trabajamos mucho sobre la prevenci\u00f3n, con la promoci\u00f3n del deporte y la cultura<\/em><\/strong>\u201d<\/p>\n<p>En referencia al escenario pol\u00edtico, se\u00f1al\u00f3: \u201c<strong><em>Atr\u00e1s de este gobierno hay intereses sobre todo de generar un mayor proceso de precarizaci\u00f3n, que permita al capital financiero internacional entrar y salir sin ning\u00fan tipo de restricci\u00f3n. El cual fue un objetivo de los 90 y se profundizo con este gobierno<\/em><\/strong>\u201d<\/p>\n<p>Los Movimientos Populares insisten con el tratamiento urgente de la ley de Emergencia en Adicciones, adem\u00e1s de 5 leyes presentadas en el Congreso Nacional. En este contexto de ajuste y exclusi\u00f3n social, se pide que no recorten el presupuesto para los pibes y pibas de los barrios populares. Entre tanto, el Secretario General recalc\u00f3: \u201c<strong><em>Si quiere el gobierno, que pruebe sin organizaci\u00f3n, y que la gente salga a la calle como quiere. Que despu\u00e9s nos diga a ver c\u00f3mo le va. Todo lo que no se moviliza organizado, puede terminar de la peor forma<\/em><\/strong>\u201d<\/p>\n<p>Escucha la entrevista completa<strong><span style=\"color: #ff0000\">\u00a0<a href=\"https:\/\/radiocut.fm\/audiocut\/el-narcotrafico-es-un-ejercito-de-ocupacion-del-capital-financiero-gringo-castro\/\" target=\"_blank\" rel=\"noopener\">aca<\/a><\/span><\/strong><\/p>\n","protected":false},"excerpt":{"rendered":"<p>[FM Riachuelo 16\/10\/2018] Hoy durante el programa Rompe el Cerco Informativo se entrevist\u00f3 al Secretario General de la Confederaci\u00f3n de Trabajadores de la Econom\u00eda Popular, Esteban \u201cGringo\u201d Castro, quien repudio los dichos de la Ministra de Bullrich y se pronuncio acerca de la movilizaci\u00f3n de ma\u00f1ana al Ministerio de Seguridad. Este 17 de octubre a [&hellip;]<\/p>\n","protected":false},"author":5,"featured_media":8446,"comment_status":"open","ping_status":"open","sticky":false,"template":"","format":"standard","meta":{"_monsterinsights_skip_tracking":false,"_monsterinsights_sitenote_active":false,"_monsterinsights_sitenote_note":"","_monsterinsights_sitenote_category":0,"jnews-multi-image_gallery":[],"jnews_single_post":[],"jnews_primary_category":[],"_joinchat":[],"footnotes":""},"categories":[109,76,75],"tags":[],"class_list":["post-8445","post","type-post","status-publish","format-standard","has-post-thumbnail","hentry","category-salud","category-salud-comunitaria","category-trabajo"],"_links":{"self":[{"href":"http:\/\/fmriachuelo.it10.com.ar\/index.php\/wp-json\/wp\/v2\/posts\/8445","targetHints":{"allow":["GET"]}}],"collection":[{"href":"http:\/\/fmriachuelo.it10.com.ar\/index.php\/wp-json\/wp\/v2\/posts"}],"about":[{"href":"http:\/\/fmriachuelo.it10.com.ar\/index.php\/wp-json\/wp\/v2\/types\/post"}],"author":[{"embeddable":true,"href":"http:\/\/fmriachuelo.it10.com.ar\/index.php\/wp-json\/wp\/v2\/users\/5"}],"replies":[{"embeddable":true,"href":"http:\/\/fmriachuelo.it10.com.ar\/index.php\/wp-json\/wp\/v2\/comments?post=8445"}],"version-history":[{"count":0,"href":"http:\/\/fmriachuelo.it10.com.ar\/index.php\/wp-json\/wp\/v2\/posts\/8445\/revisions"}],"wp:featuredmedia":[{"embeddable":true,"href":"http:\/\/fmriachuelo.it10.com.ar\/index.php\/wp-json\/"}],"wp:attachment":[{"href":"http:\/\/fmriachuelo.it10.com.ar\/index.php\/wp-json\/wp\/v2\/media?parent=8445"}],"wp:term":[{"taxonomy":"category","embeddable":true,"href":"http:\/\/fmriachuelo.it10.com.ar\/index.php\/wp-json\/wp\/v2\/categories?post=8445"},{"taxonomy":"post_tag","embeddable":true,"href":"http:\/\/fmriachuelo.it10.com.ar\/index.php\/wp-json\/wp\/v2\/tags?post=8445"}],"curies":[{"name":"wp","href":"https:\/\/api.w.org\/{rel}","templated":true}]}}