{"id":8437,"date":"2018-10-16T17:15:31","date_gmt":"2018-10-16T17:15:31","guid":{"rendered":"http:\/\/fmriachuelo.com.ar\/?p=8437"},"modified":"2018-10-16T17:15:31","modified_gmt":"2018-10-16T17:15:31","slug":"movilizamos-a-la-municipalidad-de-avellaneda-para-exigir-respuestas-concretas","status":"publish","type":"post","link":"http:\/\/fmriachuelo.it10.com.ar\/index.php\/2018\/10\/16\/movilizamos-a-la-municipalidad-de-avellaneda-para-exigir-respuestas-concretas\/","title":{"rendered":"\u00abMOVILIZAMOS A LA MUNICIPALIDAD DE AVELLANEDA PARA EXIGIR RESPUESTAS CONCRETAS\u00bb"},"content":{"rendered":"<p><strong>[FM Riachuelo 16\/10\/2018]En los programas Rompe el Cerco Informativo y Mateando en el Riachuelo entrevistamos a lxs compa\u00f1erxs\u00a0 Maria Alva del Frente Popular Dar\u00edo Santill\u00e1n y a Luciano \u00c1lvarez de La Casa Popular el Fog\u00f3n quienes integran la mesa de los movimientos sociales de Avellaneda. \u00a0<\/strong><\/p>\n<p>Las trabajadoras y los trabajadores de la Mesa de Movimientos\u00a0 Sociales de Avellaneda<br \/>\nCCC, Frente Popular Dar\u00edo Santill\u00e1n, CTA Aut\u00f3noma (UST), CTEP, MP La Dignidad, Kallpa Wayna, Misioneros de Francisco, Agrupaci\u00f3n General San Mart\u00edn, MTL Rebelde, Casa Popular El Fog\u00f3n), Cooperativa La Universal\u00a0 se movilizaran est\u00e9 jueves a las 10hs para exigir respuestas a las demandas del sector. Bajo la consigna SIN TRABAJO NO HAY FUTURO. La agenda de la econom\u00eda popular debe discutirse en el municipio.<\/p>\n<p>La concentraci\u00f3n ser\u00e1 en Plaza Alsina, para marchar hasta la Municipalidad de Avellaneda, en donde van a presentar las demandas incumplidas del sector de la econom\u00eda popular al Intendente y plantear la urgencia de que haya respuestas concretas e inmediatas para paliar la crisis econ\u00f3mica que est\u00e1n viviendo.<\/p>\n<p>Frente al ajuste y la grave crisis econ\u00f3mica y social, que se agrava con las pol\u00edticas implementadas por el gobierno nacional y provincial, siguiendo los mandatos del FMI la realidad de los y las m\u00e1s humildes es de emergencia.<\/p>\n<p>Es por eso que desde Rompe el Cerco Informativo, hablamos con el compa\u00f1ero Luciano \u00c1lvarez de La Casa Popular el Fog\u00f3n, que nos dijo: <em><strong>\u201cEn Avellaneda venimos generando un proceso de unidad muy fuerte entre distintas organizaciones, unificando la lucha y el trabajo cotidiano entre los movimientos. En ese proceso hab\u00edamos logrado articular con el municipio para poder desarrollar l\u00edneas de trabajo en conjunto para fortalecer la Econom\u00eda Popular, pero \u00a0la realidad es que ese dialogo se estanco\u00a0 con el municipio hace varios meses. \u00a0Es por eso que vamos a movilizarnos desde Plaza Alsina hasta la Municipalidad que conduce Jorge Ferraresi\u201d.\u00a0<\/strong><\/em><\/p>\n<p><em><strong>Tambi\u00e9n agrego que: \u201cel intendente se comprometi\u00f3 en generar varias l\u00edneas de trabajo, una tiene que ver con generar puestos de trabajo en el municipio en el barrido, con la idea de que hagan el barrido municipal\u00a0 las organizaciones sociales. Y la otra l\u00ednea est\u00e1 vinculada a generar puestos de trabajo, terminando las obras que estaban inconclusas en el municipio\u201d.<\/strong><\/em><\/p>\n<p>Desde el Mateando en el Riachuelo tambi\u00e9n conversamos con Mar\u00eda Alva del Frente Popular Dar\u00edo Santill\u00e1n, que dijo:<em><strong> \u201cUn grupo de organizaciones decidimos formar el movimiento social y una mesa para organizar un frente de lucha en unidad. Vemos que hay una negativa de parte del intendente, por eso nuestra propuesta es armar esta mesa de trabajo en conjunto con el intendente, ante estas pol\u00edticas que vienen llevando desde el gobierno del presidente Macri, que nos vienen apretando a todos, con la entrada del FMI, y ver m\u00e1s que todo las problem\u00e1ticas que viven nuestros vecinos\u201d.<\/strong><\/em><\/p>\n<p><strong>Es por eso que el d\u00eda Jueves las organizaciones de la Mesa de los Movimientos Sociales de Avellaneda, van a estar movilizando a la municipalidad para presentar un petitorio en donde van a exigir respuestas concretas.<\/strong><\/p>\n<p>&nbsp;<\/p>\n","protected":false},"excerpt":{"rendered":"<p>[FM Riachuelo 16\/10\/2018]En los programas Rompe el Cerco Informativo y Mateando en el Riachuelo entrevistamos a lxs compa\u00f1erxs\u00a0 Maria Alva del Frente Popular Dar\u00edo Santill\u00e1n y a Luciano \u00c1lvarez de La Casa Popular el Fog\u00f3n quienes integran la mesa de los movimientos sociales de Avellaneda. \u00a0 Las trabajadoras y los trabajadores de la Mesa de [&hellip;]<\/p>\n","protected":false},"author":5,"featured_media":8438,"comment_status":"open","ping_status":"open","sticky":false,"template":"","format":"standard","meta":{"_monsterinsights_skip_tracking":false,"_monsterinsights_sitenote_active":false,"_monsterinsights_sitenote_note":"","_monsterinsights_sitenote_category":0,"jnews-multi-image_gallery":[],"jnews_single_post":[],"jnews_primary_category":[],"_joinchat":[],"footnotes":""},"categories":[76,75],"tags":[],"class_list":["post-8437","post","type-post","status-publish","format-standard","has-post-thumbnail","hentry","category-salud-comunitaria","category-trabajo"],"_links":{"self":[{"href":"http:\/\/fmriachuelo.it10.com.ar\/index.php\/wp-json\/wp\/v2\/posts\/8437","targetHints":{"allow":["GET"]}}],"collection":[{"href":"http:\/\/fmriachuelo.it10.com.ar\/index.php\/wp-json\/wp\/v2\/posts"}],"about":[{"href":"http:\/\/fmriachuelo.it10.com.ar\/index.php\/wp-json\/wp\/v2\/types\/post"}],"author":[{"embeddable":true,"href":"http:\/\/fmriachuelo.it10.com.ar\/index.php\/wp-json\/wp\/v2\/users\/5"}],"replies":[{"embeddable":true,"href":"http:\/\/fmriachuelo.it10.com.ar\/index.php\/wp-json\/wp\/v2\/comments?post=8437"}],"version-history":[{"count":0,"href":"http:\/\/fmriachuelo.it10.com.ar\/index.php\/wp-json\/wp\/v2\/posts\/8437\/revisions"}],"wp:featuredmedia":[{"embeddable":true,"href":"http:\/\/fmriachuelo.it10.com.ar\/index.php\/wp-json\/"}],"wp:attachment":[{"href":"http:\/\/fmriachuelo.it10.com.ar\/index.php\/wp-json\/wp\/v2\/media?parent=8437"}],"wp:term":[{"taxonomy":"category","embeddable":true,"href":"http:\/\/fmriachuelo.it10.com.ar\/index.php\/wp-json\/wp\/v2\/categories?post=8437"},{"taxonomy":"post_tag","embeddable":true,"href":"http:\/\/fmriachuelo.it10.com.ar\/index.php\/wp-json\/wp\/v2\/tags?post=8437"}],"curies":[{"name":"wp","href":"https:\/\/api.w.org\/{rel}","templated":true}]}}