{"id":843,"date":"2014-12-22T21:49:00","date_gmt":"2014-12-22T21:49:00","guid":{"rendered":"http:\/\/fmriachuelo.observatorioess.org.ar\/index.php\/2014\/12\/22\/murio-el-poeta-y-compositor-horacio-ferrer\/"},"modified":"2025-03-25T12:59:54","modified_gmt":"2025-03-25T15:59:54","slug":"murio-el-poeta-y-compositor-horacio-ferrer","status":"publish","type":"post","link":"http:\/\/fmriachuelo.it10.com.ar\/index.php\/2014\/12\/22\/murio-el-poeta-y-compositor-horacio-ferrer\/","title":{"rendered":"MURI\u00d3 EL POETA Y COMPOSITOR HORACIO FERRER"},"content":{"rendered":"<div style=\"clear: both\"><span style=\"font-family: Verdana, sans-serif\">AL 2 X 4 LE FALTA UN COMPOSITOR<\/span><\/div>\n<div style=\"clear: both\"><\/div>\n<div style=\"clear: both;text-align: left\"><strong><span>\u00abEL REY DEL TANGO EN EL REINO DE LOS SUE\u00d1OS\u00bb<\/span><\/strong><\/div>\n<div style=\"clear: both;text-align: left\"><a href=\"http:\/\/4.bp.blogspot.com\/-M38_OJWH3xM\/VJiRyFBeq1I\/AAAAAAAACGQ\/0Rn1wcqr3ak\/s1600\/ferrer.jpg\" style=\"clear: left;float: left;margin-bottom: 1em;margin-right: 1em;text-align: center\"><img decoding=\"async\" border=\"0\" src=\"http:\/\/4.bp.blogspot.com\/-M38_OJWH3xM\/VJiRyFBeq1I\/AAAAAAAACGQ\/0Rn1wcqr3ak\/s1600\/ferrer.jpg\" \/><\/a><\/div>\n<p><span style=\"font-family: Verdana, sans-serif\">El que volvi\u00f3 tanguero al barrio de Recoleta plant\u00e1ndole para siempre una luna rodando por Callao, y tambi\u00e9n el que describi\u00f3 al angelito con bluy\u00edn que vend\u00eda rosas unas calles m\u00e1s all\u00e1. Fue poeta, compositor, recitador, uno de los primeros historiadores del tango y f\u00e9rreo difusor del g\u00e9nero hasta sus \u00faltimos d\u00edas, creador y presidente de la Academia Argentina del Tango. Horacio Ferrer, el poeta del tango, muri\u00f3 ayer, a los 81 a\u00f1os, por una complicaci\u00f3n card\u00edaca, tras haber permanecido internado durante varios d\u00edas en el Sanatorio G\u00fcemes de la Ciudad de Buenos Aires. Sus restos son velados en la Legislatura porte\u00f1a.<\/span><br \/><a name='more'><\/a><span style=\"font-family: Verdana, sans-serif\">Ferrer vivi\u00f3 escribiendo versos, y sobre todo manteniendo al tango como bandera, hasta sus \u00faltimos d\u00edas, con esa pinta de poeta que tambi\u00e9n llev\u00f3 con elegancia, casi como una declamaci\u00f3n, hasta el final: sus trajes cruzados, el mo\u00f1ito al cuello, el pa\u00f1uelo de seda asomando desde el bolsillo. El aura se completaba con su lugar de residencia: el \u00faltimo piso del Alvear Palace Hotel, su \u201cbul\u00edn de la calle Ayacucho\u201d, como lo sol\u00eda llamar bromeando, donde viv\u00eda con su compa\u00f1era desde hac\u00eda m\u00e1s de treinta a\u00f1os, la pintora Lul\u00fa Michelli. \u201cEl tango es un conjunto de artes y una manera de ser, de vivir. Ser tanguero es una forma de transitar por la existencia, aun sin tocar un instrumento, sin cantar ni bailar. Es una forma de vivir, que mezcla bohemia, trabajo, ilusiones y formas de amar, y que tiene un lugar importante para la amistad\u201d, defin\u00eda en la \u00faltima entrevista que dio a P\u00e1gina\/12.<br \/>Hab\u00eda nacido el 2 junio de 1933 en Montevideo, de padre uruguayo y madre argentina, en un hogar impregnado de arte. Su padre era profesor de Historia; su madre manejaba varios idiomas y era sobrina biznieta de Juan Manuel de Rosas. Ella, que hab\u00eda conocido a Rub\u00e9n Dar\u00edo, Amado Nervo y Federico Garc\u00eda Lorca, le transmiti\u00f3 el amor por la poes\u00eda, le ense\u00f1\u00f3 a recitar como a su vez Alfonsina Storni le hab\u00eda ense\u00f1ado a ella. Un t\u00edo porte\u00f1o, a quien la familia visitaba frecuentemente, le transmiti\u00f3 la fascinaci\u00f3n por la noche de Buenos Aires, con toda su galer\u00eda de personajes bohemios, y por supuesto el tango como fondo inevitable para esa magia que lo atrap\u00f3. Su primer oficio tuvo que ver con el tango, pero m\u00e1s como historiador, periodista y difusor que como poeta: durante siete a\u00f1os redact\u00f3 ilustr\u00f3 y dirigi\u00f3 la revista Tangueando, mientras guardaba in\u00e9ditos sus versos y sus tangos. Mientras tanto, con algo m\u00e1s de veinte a\u00f1os, estudiaba bandone\u00f3n y se sumaba a una peque\u00f1a orquesta.<br \/>\u201cCreador de una obra incesante, aplaudida o rechazada, ha sido y es el letrista m\u00e1s resuelto a escribir versos nuevos cuando ya todos los versos del tango parec\u00edan haber sido escritos\u201d, lo defini\u00f3 Julio Nudler. Y es que el esplendor de Ferrer, en su dupla con Piazzolla, surge cuando el esplendor del tango estaba comenzando a apagarse, en una fase descendente marcada por un contexto social particular. Era la d\u00e9cada del \u201960, momento de Nuevo Cancionero para el folklore y tambi\u00e9n de surgimiento del rock, momento en que las orquestas de tango dejan de ser viables y las agrupaciones que sobreviv\u00edan se iban reduciendo cada vez m\u00e1s.<br \/>El primer gran hito de la dupla consagrada con Piazzolla fue la operita \u201cMar\u00eda de Buenos Aires\u201d, y tambi\u00e9n la primera participaci\u00f3n de Amelita Baltar junto a esta dupla. Lo estrenaron en 1968, en la sala Planeta de Buenos Aires; tocaba Piazzolla con su orquesta de diez m\u00fasicos y Ferrer recitaba, en el papel de El Duende. Inicialmente, fue un rotundo fracaso comercial. Trascendi\u00f3, sobre todo, por sus piezas instrumentales, y en particular por \u201cFuga y misterio\u201d.<br \/>Ya durante aquellas primeras presentaciones de Mar\u00eda de Buenos Aires, Piazzolla y Ferrer comienzan a componer canciones juntos. Entre ellas, componen en 1969 \u201cChiquil\u00edn de Bach\u00edn\u201d, inspirada, seg\u00fan marca la leyenda, en Pablo Gonz\u00e1lez, un nene de 11 a\u00f1os que vend\u00eda flores en el bodeg\u00f3n de Bach\u00edn, en Sarmiento casi esquina Montevideo, a tres cuadras de la casa de Ferrer. Aqu\u00ed aparecen elementos novedosos para la poes\u00eda del tango: la tem\u00e1tica social, la utilizaci\u00f3n de un neologismo en ingl\u00e9s como bluy\u00edn, las figuras usadas por Ferrer.<br \/>En 1969 aparece \u201cBalada para un loco\u201d. Ferrer contaba que primero le llev\u00f3 Piazzolla una frase: \u201cya s\u00e9 que estoy piantao&#8230;\u201d. \u201cDespu\u00e9s me dice: \u2018\u00bfy c\u00f3mo seguimos?\u2019. Le digo \u2018bueno, hac\u00e9 vos una segunda que diga loco, loco, loco\u2019, e hizo esa hermosura. Y despu\u00e9s dice: \u2018\u00bfc\u00f3mo seguimos?\u2019. Mir\u00e1, le digo, a m\u00ed me gustar\u00eda hacer un recitativo en el medio, y tambi\u00e9n uno al principio&#8230;\u201d As\u00ed surgi\u00f3 la canci\u00f3n que devendr\u00eda emblema, una balada con ritmo de valsesito, marcada por el recitado, esa gran innovaci\u00f3n de Ferrer en la canci\u00f3n rioplatense. Conocida es la an\u00e9cdota de la presentaci\u00f3n de este tema en el Primer Festival Iberoamericano de la Danza y la Canci\u00f3n que se realiz\u00f3 en el Luna Park de Buenos Aires ese mismo a\u00f1o, en el que concursaron y perdieron, con mala recepci\u00f3n del p\u00fablico presente (termin\u00f3 ganando la hoy desconocida \u201cHasta el \u00faltimo tren\u201d, de Julio Ahumada y Julio Camilloni). Pero, pese a perder el festival, la canci\u00f3n se instal\u00f3 en el gusto popular. Su grabaci\u00f3n en un simple, cantada por Roberto Goyeneche y con \u201cChiquil\u00edn de Bach\u00edn\u201d como lado B, termin\u00f3 de consagrarla. Por esa \u00e9poca la dupla sigui\u00f3 un camino f\u00e9rtil, con obras como \u201cBalada para mi muerte\u201d, \u201cCanci\u00f3n de las venusinas\u201d, \u201cLa bicicleta blanca\u201d, \u201cJuanito Laguna ayuda a su madre\u201d y \u201cF\u00e1bula para Gardel\u201d, grabadas en el disco Astor Piazzolla y Horacio Ferrer en persona, de 1970. Compusieron juntos m\u00e1s de cuarenta tangos.<br \/>Con su marca po\u00e9tica de estilo, Ferrer celebr\u00f3 el tango hasta sus \u00faltimos d\u00edas. Al frente de la Academia del Tango sigui\u00f3 trabajando en conciertos, homenajes y proyectos como los \u201cseminarios de cultura tanguera\u201d, junto a colaboradores y difusores del g\u00e9nero como Gabriel Soria y Cecilia Orrillo. All\u00ed funciona tambi\u00e9n la Biblioteca del Tango, el Liceo Superior del Tango, el Museo Mundial del Tango, en el llamado palacio Carlos Gardel, en la Avenida de Mayo, sobre el m\u00edtico Caf\u00e9 Tortoni. \u201cLa bohemia es esto que ves ac\u00e1, esta Academia que, a pesar del edificio paquete que tiene, es una instituci\u00f3n pobre \u2013dec\u00eda a este diario\u2013. La presido ad honorem, como debe ser, y toda la gente que colabora aqu\u00ed pone su forma de bohemia. Esta es la bohemia que se ha transmitido de generaci\u00f3n en generaci\u00f3n, nosotros la ejercemos de esta manera.\u201d<\/span><\/p>\n<div style=\"margin-bottom: 0.0001pt\"><b><span style=\"color: #0b5394;font-size: x-small\"><span style=\"font-family: Verdana, sans-serif\">FUENTE: P\u00c1GINA 12, PRODUCCI\u00d3N RIACHUELO<\/span><span style=\"font-family: 'Times New Roman', serif\"><\/span><\/span><\/b><\/div>\n<p><span style=\"font-family: Verdana, sans-serif\"><\/span><\/p>\n<div style=\"clear: both;text-align: center\"><span style=\"font-family: Verdana, sans-serif\"><a href=\"http:\/\/2.bp.blogspot.com\/-home4k3ThvY\/VJiRfsnVNbI\/AAAAAAAACGE\/jZsmHAlYA38\/s1600\/COOP%2BRIACHIUELO%2BPRODUCCIONES.jpg\" style=\"clear: left;float: left;margin-bottom: 1em;margin-right: 1em\"><img loading=\"lazy\" decoding=\"async\" border=\"0\" src=\"http:\/\/2.bp.blogspot.com\/-home4k3ThvY\/VJiRfsnVNbI\/AAAAAAAACGE\/jZsmHAlYA38\/s1600\/COOP%2BRIACHIUELO%2BPRODUCCIONES.jpg\" height=\"58\" width=\"200\" \/><\/a><\/span><\/div>\n<p><span style=\"font-family: Verdana, sans-serif\"><br \/>&nbsp;<\/span><br \/><strong><span style=\"color: red;font-family: Verdana;font-size: large\"><\/span><\/strong><\/p>\n","protected":false},"excerpt":{"rendered":"<p>AL 2 X 4 LE FALTA UN COMPOSITOR \u00abEL REY DEL TANGO EN EL REINO DE LOS SUE\u00d1OS\u00bb El que volvi\u00f3 tanguero al barrio de Recoleta plant\u00e1ndole para siempre una luna rodando por Callao, y tambi\u00e9n el que describi\u00f3 al angelito con bluy\u00edn que vend\u00eda rosas unas calles m\u00e1s all\u00e1. Fue poeta, compositor, recitador, uno [&hellip;]<\/p>\n","protected":false},"author":4,"featured_media":0,"comment_status":"open","ping_status":"open","sticky":false,"template":"","format":"standard","meta":{"_monsterinsights_skip_tracking":false,"_monsterinsights_sitenote_active":false,"_monsterinsights_sitenote_note":"","_monsterinsights_sitenote_category":0,"jnews-multi-image_gallery":[],"jnews_single_post":{"format":"standard"},"jnews_primary_category":[],"_joinchat":[],"footnotes":""},"categories":[58],"tags":[81,152],"class_list":["post-843","post","type-post","status-publish","format-standard","hentry","category-noticiariachuelo","tag-aguafuertes-portenas","tag-cultura"],"_links":{"self":[{"href":"http:\/\/fmriachuelo.it10.com.ar\/index.php\/wp-json\/wp\/v2\/posts\/843","targetHints":{"allow":["GET"]}}],"collection":[{"href":"http:\/\/fmriachuelo.it10.com.ar\/index.php\/wp-json\/wp\/v2\/posts"}],"about":[{"href":"http:\/\/fmriachuelo.it10.com.ar\/index.php\/wp-json\/wp\/v2\/types\/post"}],"author":[{"embeddable":true,"href":"http:\/\/fmriachuelo.it10.com.ar\/index.php\/wp-json\/wp\/v2\/users\/4"}],"replies":[{"embeddable":true,"href":"http:\/\/fmriachuelo.it10.com.ar\/index.php\/wp-json\/wp\/v2\/comments?post=843"}],"version-history":[{"count":1,"href":"http:\/\/fmriachuelo.it10.com.ar\/index.php\/wp-json\/wp\/v2\/posts\/843\/revisions"}],"predecessor-version":[{"id":22075,"href":"http:\/\/fmriachuelo.it10.com.ar\/index.php\/wp-json\/wp\/v2\/posts\/843\/revisions\/22075"}],"wp:attachment":[{"href":"http:\/\/fmriachuelo.it10.com.ar\/index.php\/wp-json\/wp\/v2\/media?parent=843"}],"wp:term":[{"taxonomy":"category","embeddable":true,"href":"http:\/\/fmriachuelo.it10.com.ar\/index.php\/wp-json\/wp\/v2\/categories?post=843"},{"taxonomy":"post_tag","embeddable":true,"href":"http:\/\/fmriachuelo.it10.com.ar\/index.php\/wp-json\/wp\/v2\/tags?post=843"}],"curies":[{"name":"wp","href":"https:\/\/api.w.org\/{rel}","templated":true}]}}