{"id":8425,"date":"2018-10-12T00:22:04","date_gmt":"2018-10-12T00:22:04","guid":{"rendered":"http:\/\/fmriachuelo.com.ar\/?p=8425"},"modified":"2018-10-12T00:22:04","modified_gmt":"2018-10-12T00:22:04","slug":"nuevamente-la-persecucion-politica-a-las-organizaciones-sociales","status":"publish","type":"post","link":"http:\/\/fmriachuelo.it10.com.ar\/index.php\/2018\/10\/12\/nuevamente-la-persecucion-politica-a-las-organizaciones-sociales\/","title":{"rendered":"NUEVAMENTE LA PERSECUCI\u00d3N POL\u00cdTICA A LAS ORGANIZACIONES SOCIALES"},"content":{"rendered":"<p><strong>[FM Riachuelo 11\/10\/2018] En la ma\u00f1ana de hoy fue allanado por la Prefectura el local del MTL Rebelde, donde funciona un emprendimiento textil y un dep\u00f3sito de recepci\u00f3n y distribuci\u00f3n de alimentos para comedores comunitarios.<\/strong><\/p>\n<p>FM Riachuelo se comunic\u00f3 inmediatamente con los compa\u00f1eros que se encontraban en el lugar del conflicto y habl\u00f3 con Sergio Bertaccini, quien coment\u00f3 que la situaci\u00f3n estaba bastante tensa y que cuando llegaron los compa\u00f1eros en grupo y lograron entrar, les dijeron que suspend\u00edan el procedimiento, pero a\u00fan la prefectura ten\u00edan incomunicados adentro \u00a0a lxs compa\u00f1erxs que se encontraban realizando tareas en el momento del allanamiento.<\/p>\n<p>Sergio integrante del MTL Rebelde dijo durante un \u201cchispazo informativo\u201d,\u00a0 por FM\u00a0 Riachuelo que \u00abel gobierno\u00a0 tienen una actitud contraria al di\u00e1logo y esto tiene que\u00a0 ver con el avance de la persecuci\u00f3n a las organizaciones que est\u00e1n en lucha y que construyen a partir de la necesidad del pueblo\u00bb.<\/p>\n<p>\u201cAs\u00ed como la vez pasada por la detenci\u00f3n de los compa\u00f1eros senegaleses que venden en la v\u00eda p\u00fablica, a los que fueron a pedir su libertad los metieron presos, esto es parte de lo mismo, es parte del aparato represivo de meter miedo. El no permitir al campo popular la libre construcci\u00f3n y el libre desarrollo, porque con nuestras organizaciones contenemos socialmente, porque la verdad es que si dejamos de contener no llegamos al 2019\u201d, agreg\u00f3 Sergio.<\/p>\n<p>Esto tiene una fuerte vinculaci\u00f3n con las declaraciones de Patricia Bullrich en las que manifestaba hace pocos d\u00edas, que muchos movimientos sociales permiten el narcotr\u00e1fico. Los dichos de la Ministra promueven constantemente a la represi\u00f3n de los Movimientos Sociales y del Campo Popular, porque son los sectores de la econom\u00eda popular los que se ponen de pie para resistir a este modelo imperialista en cada rinc\u00f3n del pa\u00eds.<\/p>\n<p>Durante la tarde el programa Rompe el Cerco Informativo, se comunicaron con Sandra Vila, Secretaria de la Cooperativa y referente nacional del MTL , quien estuvo demorada durante el allanamiento. La referente describi\u00f3 el momento de violencia y amenazas que sufri\u00f3 junto a sus compa\u00f1erxs por parte de la polic\u00eda. Destac\u00f3 que la fuerza de seguridad ingres\u00f3 al local sin mostrar antes la orden de allanamiento y que una vez adentro no permiti\u00f3 el ingreso de un abogado ni la presencia de testigos.Desde el MTL Rebelde denuncian este accionar como persecuci\u00f3n pol\u00edtica hacia los trabajadores de la Econom\u00eda Popular.<\/p>\n<p><em><strong>Sobre estos sucesos Lito Borello, Secretario de Derechos Humanos de la CTEP manifest\u00f3:<\/strong><\/em><\/p>\n<p>\u201cNos solidarizamos con los compa\u00f1eros de MTL Rebelde y repudiamos esta actitud del gobierno nacional, que contin\u00faa en esta clara persecuci\u00f3n a las organizaciones populares y ratificamos la decisi\u00f3n de resistir. Seguiremos en las calles luchando por todas las reivindicaciones que consideramos justas\u201d.<\/p>\n<p>Lito Borello agreg\u00f3 que el gobierno de Macri ya no sabe c\u00f3mo hacer para detener la resistencia de un pueblo decidido a luchar en contra de este modelo de dominaci\u00f3n de hambre y saqueo, y exigi\u00f3 que dejen de perseguir a las organizaciones sociales.<\/p>\n<p><a href=\"https:\/\/soundcloud.com\/prensa-fm-riachuelo\/lito-borello-secretario-de-dd-hh-ctep\">Escuch\u00e1 las declaraciones de Lito Borello haciendo clic ac\u00e1<\/a><\/p>\n<p><a href=\"https:\/\/soundcloud.com\/prensa-fm-riachuelo\/allanamiento-en-el-local-del-mtl-rebelde-ctep\">Declaraciones de Sergio del MTL en el momento del allanamiento<\/a><\/p>\n","protected":false},"excerpt":{"rendered":"<p>[FM Riachuelo 11\/10\/2018] En la ma\u00f1ana de hoy fue allanado por la Prefectura el local del MTL Rebelde, donde funciona un emprendimiento textil y un dep\u00f3sito de recepci\u00f3n y distribuci\u00f3n de alimentos para comedores comunitarios. FM Riachuelo se comunic\u00f3 inmediatamente con los compa\u00f1eros que se encontraban en el lugar del conflicto y habl\u00f3 con Sergio [&hellip;]<\/p>\n","protected":false},"author":5,"featured_media":8426,"comment_status":"open","ping_status":"open","sticky":false,"template":"","format":"standard","meta":{"_monsterinsights_skip_tracking":false,"_monsterinsights_sitenote_active":false,"_monsterinsights_sitenote_note":"","_monsterinsights_sitenote_category":0,"jnews-multi-image_gallery":[],"jnews_single_post":[],"jnews_primary_category":[],"_joinchat":[],"footnotes":""},"categories":[78,76],"tags":[],"class_list":["post-8425","post","type-post","status-publish","format-standard","has-post-thumbnail","hentry","category-economia-popular","category-salud-comunitaria"],"_links":{"self":[{"href":"http:\/\/fmriachuelo.it10.com.ar\/index.php\/wp-json\/wp\/v2\/posts\/8425","targetHints":{"allow":["GET"]}}],"collection":[{"href":"http:\/\/fmriachuelo.it10.com.ar\/index.php\/wp-json\/wp\/v2\/posts"}],"about":[{"href":"http:\/\/fmriachuelo.it10.com.ar\/index.php\/wp-json\/wp\/v2\/types\/post"}],"author":[{"embeddable":true,"href":"http:\/\/fmriachuelo.it10.com.ar\/index.php\/wp-json\/wp\/v2\/users\/5"}],"replies":[{"embeddable":true,"href":"http:\/\/fmriachuelo.it10.com.ar\/index.php\/wp-json\/wp\/v2\/comments?post=8425"}],"version-history":[{"count":0,"href":"http:\/\/fmriachuelo.it10.com.ar\/index.php\/wp-json\/wp\/v2\/posts\/8425\/revisions"}],"wp:featuredmedia":[{"embeddable":true,"href":"http:\/\/fmriachuelo.it10.com.ar\/index.php\/wp-json\/"}],"wp:attachment":[{"href":"http:\/\/fmriachuelo.it10.com.ar\/index.php\/wp-json\/wp\/v2\/media?parent=8425"}],"wp:term":[{"taxonomy":"category","embeddable":true,"href":"http:\/\/fmriachuelo.it10.com.ar\/index.php\/wp-json\/wp\/v2\/categories?post=8425"},{"taxonomy":"post_tag","embeddable":true,"href":"http:\/\/fmriachuelo.it10.com.ar\/index.php\/wp-json\/wp\/v2\/tags?post=8425"}],"curies":[{"name":"wp","href":"https:\/\/api.w.org\/{rel}","templated":true}]}}