{"id":8416,"date":"2018-10-11T03:06:04","date_gmt":"2018-10-11T03:06:04","guid":{"rendered":"http:\/\/fmriachuelo.com.ar\/?p=8416"},"modified":"2018-10-11T03:06:04","modified_gmt":"2018-10-11T03:06:04","slug":"trabajadores-de-agroindustria-toman-fundacion-macrista","status":"publish","type":"post","link":"http:\/\/fmriachuelo.it10.com.ar\/index.php\/2018\/10\/11\/trabajadores-de-agroindustria-toman-fundacion-macrista\/","title":{"rendered":"TRABAJADORES DE AGROINDUSTRIA TOMAN FUNDACI\u00d3N MACRISTA: \u00abSI NO HAY RESPUESTA IREMOS A SUS BARRIOS, CASAS Y OFICINAS\u00bb"},"content":{"rendered":"<p><strong>[FM RIACHUELO 10\/10\/2018] Hoy los y las trabajadoras del SENASA y Agricultura Familiar tomaron pac\u00edficamente la sede de la \u00abFundaci\u00f3n Pensar\u00bb (b\u00fanker macrista), para exigir la reincorporaci\u00f3n de los despedidos en los distintos organismos y por trabajo para los desocupados<\/strong>.<\/p>\n<p>Rompe el Cerco Informativo entrevist\u00f3 a Carina Maloberti, secretaria gremial de ATE-SENASA, quien sostuvo que gracias a la toma lograron abrir una mesa de negociaci\u00f3n para el viernes pr\u00f3ximo a las 9 hs: \u00ablos tecn\u00f3cratas cobardes de \u00e9sta fundaci\u00f3n llamaron a la polic\u00eda de la ciudad para que intermediara. Nosotros les dijimos que no nos ibamos hasta que se hagan presentes los funcionarios de los ministerios que ellos mismos preparan, y luego de varias horas de permanencia, los tel\u00e9fonos empezaron a sonar para confirmar la reuni\u00f3n el viernes\u00bb.<\/p>\n<p>El encuentro ser\u00e1 con Santiago Hardie, Secretario de Agroindustria y mano derecha de Marcos Pe\u00f1a, ide\u00f3logo y ejecutor de eliminaci\u00f3n del monotributo agropecuario social, que otorgaba un piso m\u00ednimo de derechos para las familias agricultoras. Al respecto, la secretaria gremial sostuvo que Hardie en realidad \u00abse encarga de las financieras truchas, no entiende nada de pol\u00edtica agraria y beneficia a los grandes exportadores\u00bb y agreg\u00f3 que \u00absi no hay respuestas el viernes, iremos a sus barrios, a sus casas, a sus oficinas\u00bb.<\/p>\n<p>A pesar de no creer en la palabra de los funcionarios de la Fundaci\u00f3n que se ocup\u00f3 de la campa\u00f1a electoral de Macri en 2015, Carina Maloberti afirm\u00f3 que \u00ablo importante es interpelar a la sociedad. Organizarnos y unificarnos para sacarlos del gobierno, porque esta en riesgo la patria. Seguiremos insistiendo hasta que se corran de los lugares de decisi\u00f3n del estado,\u00a0 para que nos hagamos cargo los trabajadores\u00bb.<\/p>\n<p>Escucha la entrevista completa:<\/p>\n<p><iframe loading=\"lazy\" title=\"10 - 10 - 2018 - ENTREVISTA A CARINA MALOBERTI - Secretaria Gremial ATE -SENASA Capital by FMR\" width=\"500\" height=\"400\" scrolling=\"no\" frameborder=\"no\" src=\"https:\/\/w.soundcloud.com\/player\/?visual=true&#038;url=https%3A%2F%2Fapi.soundcloud.com%2Ftracks%2F512531778&#038;show_artwork=true&#038;maxheight=750&#038;maxwidth=500\"><\/iframe><\/p>\n<p>&nbsp;<\/p>\n","protected":false},"excerpt":{"rendered":"<p>[FM RIACHUELO 10\/10\/2018] Hoy los y las trabajadoras del SENASA y Agricultura Familiar tomaron pac\u00edficamente la sede de la \u00abFundaci\u00f3n Pensar\u00bb (b\u00fanker macrista), para exigir la reincorporaci\u00f3n de los despedidos en los distintos organismos y por trabajo para los desocupados. Rompe el Cerco Informativo entrevist\u00f3 a Carina Maloberti, secretaria gremial de ATE-SENASA, quien sostuvo que [&hellip;]<\/p>\n","protected":false},"author":5,"featured_media":8418,"comment_status":"open","ping_status":"open","sticky":false,"template":"","format":"standard","meta":{"_monsterinsights_skip_tracking":false,"_monsterinsights_sitenote_active":false,"_monsterinsights_sitenote_note":"","_monsterinsights_sitenote_category":0,"jnews-multi-image_gallery":[],"jnews_single_post":[],"jnews_primary_category":[],"_joinchat":[],"footnotes":""},"categories":[78,76,74],"tags":[],"class_list":["post-8416","post","type-post","status-publish","format-standard","has-post-thumbnail","hentry","category-economia-popular","category-salud-comunitaria","category-san-cayetano"],"_links":{"self":[{"href":"http:\/\/fmriachuelo.it10.com.ar\/index.php\/wp-json\/wp\/v2\/posts\/8416","targetHints":{"allow":["GET"]}}],"collection":[{"href":"http:\/\/fmriachuelo.it10.com.ar\/index.php\/wp-json\/wp\/v2\/posts"}],"about":[{"href":"http:\/\/fmriachuelo.it10.com.ar\/index.php\/wp-json\/wp\/v2\/types\/post"}],"author":[{"embeddable":true,"href":"http:\/\/fmriachuelo.it10.com.ar\/index.php\/wp-json\/wp\/v2\/users\/5"}],"replies":[{"embeddable":true,"href":"http:\/\/fmriachuelo.it10.com.ar\/index.php\/wp-json\/wp\/v2\/comments?post=8416"}],"version-history":[{"count":0,"href":"http:\/\/fmriachuelo.it10.com.ar\/index.php\/wp-json\/wp\/v2\/posts\/8416\/revisions"}],"wp:featuredmedia":[{"embeddable":true,"href":"http:\/\/fmriachuelo.it10.com.ar\/index.php\/wp-json\/"}],"wp:attachment":[{"href":"http:\/\/fmriachuelo.it10.com.ar\/index.php\/wp-json\/wp\/v2\/media?parent=8416"}],"wp:term":[{"taxonomy":"category","embeddable":true,"href":"http:\/\/fmriachuelo.it10.com.ar\/index.php\/wp-json\/wp\/v2\/categories?post=8416"},{"taxonomy":"post_tag","embeddable":true,"href":"http:\/\/fmriachuelo.it10.com.ar\/index.php\/wp-json\/wp\/v2\/tags?post=8416"}],"curies":[{"name":"wp","href":"https:\/\/api.w.org\/{rel}","templated":true}]}}