{"id":841,"date":"2014-12-23T17:36:00","date_gmt":"2014-12-23T17:36:00","guid":{"rendered":"http:\/\/fmriachuelo.observatorioess.org.ar\/index.php\/2014\/12\/23\/comunidad-qom-la-primavera-en-estado-de-alerta-y-movilizacion\/"},"modified":"2025-03-25T13:11:31","modified_gmt":"2025-03-25T16:11:31","slug":"comunidad-qom-la-primavera-en-estado-de-alerta-y-movilizacion","status":"publish","type":"post","link":"http:\/\/fmriachuelo.it10.com.ar\/index.php\/2014\/12\/23\/comunidad-qom-la-primavera-en-estado-de-alerta-y-movilizacion\/","title":{"rendered":"COMUNIDAD QOM LA PRIMAVERA EN ESTADO DE ALERTA Y MOVILIZACI\u00d3N"},"content":{"rendered":"<p><strong style=\"color: red\"><span style=\"font-family: Verdana, sans-serif;font-size: large\">PERSEGUIDOS E INDEFENSOS<\/span><\/strong><br \/><a href=\"http:\/\/3.bp.blogspot.com\/-7uIO50sCpXs\/VJmnt96P_4I\/AAAAAAAACGc\/eVROOVMVbdI\/s1600\/QOM.jpg\" style=\"clear: left;float: left;margin-bottom: 1em;margin-right: 1em;text-align: center\"><span style=\"clear: left;float: left;font-family: Verdana, sans-serif;margin-bottom: 1em;margin-right: 1em\"><img loading=\"lazy\" decoding=\"async\" border=\"0\" src=\"http:\/\/3.bp.blogspot.com\/-7uIO50sCpXs\/VJmnt96P_4I\/AAAAAAAACGc\/eVROOVMVbdI\/s1600\/QOM.jpg\" height=\"240\" width=\"320\" \/><\/span><\/a><\/p>\n<div>\n<div><span style=\"font-family: Verdana, sans-serif\"><b>En los \u00faltimos d\u00edas estamos siendo expuestos a diversas factores de violencia.&nbsp;<\/b><b>En la zona de La Matanza, donde vive nuestro qarashe F\u00e9lix Diaz y su familia, sigo amenaz\u00e1ndonos el mismo hombre que atac\u00f3 a Lisa Diaz, hija de F\u00e9lix, el a\u00f1o pasado.<\/b> Hemos presentado diversas denuncias ante la gendarmer\u00eda que tiene un puesto all\u00ed pero nunca se han movilizado lo suficiente para atraparlo. Este individuo atemoriza a todos los vecinos, ingresa en los terrenos y viviendas e incluso a destruido parte de nuestra producci\u00f3n del vivero comunitario.<\/span><\/div>\n<\/div>\n<div>\n<div><a name='more'><\/a><\/div>\n<div><span style=\"font-family: Verdana, sans-serif\">Hace diez d\u00edas nuestra hermana Norma Artaza apareci\u00f3 muerta en la comunidad. Figura en su acta de defunci\u00f3n \u00abbronco aspiraci\u00f3n\u00bb e \u00abingesta alcoh\u00f3lica\u00bb. Sabemos que es una v\u00edctima de la violencia que padecemos y que no es investigada.<\/span><\/div>\n<div><span style=\"font-family: Verdana, sans-serif\">El d\u00eda 21 de diciembre a las 10 horas un grupo de hermanos de la comunidad fuimos a constatar el ingreso de veh\u00edculos y tractores al predio del sector norte del territorio en conflicto donde a\u00fan est\u00e1 vigente una medida cautelar para que la provincia detenga toda acci\u00f3n all\u00ed. Dicho predio a\u00fan est\u00e1 vigilado por la polic\u00eda provincial. Hemos constatado que en dicho predio se faenan animales vacunos. Hemos hallado huellas de patas, bosta y sangre de los animales faenados. Todo muy pr\u00f3ximo al port\u00f3n de madera frente al campamento policial.<\/span><br \/><span style=\"font-family: Verdana, sans-serif\">Luego fuimos a la Laguna Blanca y nos encontramos que se est\u00e1 extrayendo madera en la misma zona. Hemos dado aviso a la gendarmer\u00eda pero dicha fuerza nos ha informado que no tiene autorizaci\u00f3n de constatar nuestra denuncia.<\/span><\/div>\n<div><\/div>\n<div><span style=\"font-family: Verdana, sans-serif\">Al regresar al asfalto, frente al monolito levantado en homenaje a nuestro hermano Roberto L\u00f3pez, nos esperaba una patrulla policial y la gendarmer\u00eda. Tampoco quisieron tomarnos nuestra denuncia.<\/span><\/div>\n<div><span style=\"font-family: Verdana, sans-serif\">Finalmente, luego de muchas notas presentadas ante el estado nacional y provincial, sin ninguna respuesta ma\u00f1ana 23 de diciembre la comunidad tomar\u00e1 la decisi\u00f3n si ocupa la tierra que usurpa dentro del t\u00edtulo comunitario la familia criolla Saucedo.<\/span><\/div>\n<div><span style=\"font-family: Verdana, sans-serif\">Durante el relevamiento territorial que se realiz\u00f3 el a\u00f1o pasado el presidente del ICA, Ram\u00edrez, &nbsp;se comprometi\u00f3 a tomar las medidas necesarias en relaci\u00f3n a dicha ocupaci\u00f3n ilegal. Por ello el INAI en su informe con respecto al proceso de relevamiento ante la Corte Suprema de Justicia de la Naci\u00f3n dio cuenta por escrito de dicho compromiso. En el folios 1475, 1476 de dicho expediente, aparecen los siguientes apartados:<\/span><\/div>\n<div>\n<div style=\"background-color: white;color: #222222\"><span style=\"font-family: Verdana, sans-serif\"><br \/><\/span><\/div>\n<div style=\"background-color: white;color: #222222\"><b><span style=\"font-family: Verdana, sans-serif\">Ocupaci\u00f3n extracomunitaria familia Saucedo-superficie aprox. 7,6 has<\/span><\/b><\/div>\n<div style=\"background-color: white;color: #222222\"><span style=\"font-family: Verdana, sans-serif\">\u00bb Se verific\u00f3 en terreno la ocupaci\u00f3n efectiva de la familia Saucedo, la cual es ejercida ilegalmente dentro de la mensura y t\u00edtulo de propiedad de la comunidad. A efectos de reivindicar dicho espacio por parte de la comunidad el Instituto de Comunidades Ind\u00edgenas (ICA) &nbsp;de la provincia de Formosa gestionar\u00e1 acciones administrativas y\/o jur\u00eddicas tendientes a solucionar la controversia.\u00bb<\/span><\/div>\n<div style=\"background-color: white;color: #222222\"><span style=\"font-family: Verdana, sans-serif\"><br \/><\/span><\/div>\n<div style=\"background-color: white;color: #222222\"><b><span style=\"font-family: Verdana, sans-serif\">Ocupaci\u00f3n extracomunitaria en disputa &#8211; familia Saucedo superficie aprox. 34,5 has.<\/span><\/b><\/div>\n<div style=\"background-color: white;color: #222222\"><span style=\"font-family: Verdana, sans-serif\">\u00abEl relevamiento t\u00e9cnico jur\u00eddico y catastral verific\u00f3 la citada porci\u00f3n de territorio como objeto de controversia entre la comunidad y la familia Saucedo, no habi\u00e9ndose consolidado la ocupaci\u00f3n exclusiva de la familia Saucedo ni advirti\u00e9ndose alambrados perimetrales de dicha superficie. Del mismo modo el Instituto de Comunidades Abor\u00edgenes (ICA) desarrollar\u00e1 acciones tendientes a consolidar la ocupaci\u00f3n de la comunidad.\u00bb<\/span><\/div>\n<div style=\"background-color: white;color: #222222\"><span style=\"font-family: Verdana, sans-serif\">Los anteriores compromisos fueron asumidos &nbsp;ante todos los&nbsp;<i>qompi<\/i>&nbsp;presentes en el relevamiento. Dichos compromisos han cumplido en este mes de diciembre un a\u00f1o pero no han sido implementados.&nbsp;<\/span><\/div>\n<div style=\"background-color: white;color: #222222\"><span style=\"font-family: Verdana, sans-serif\">En dicho lapso de tiempo nosotros hemos&nbsp;presentado diversas notas denunciando la presencia de criollos dentro del t\u00edtulo comunitario. La \u00faltima denuncia se present\u00f3 en el mes de noviembre ante el gobierno de Formosa y el ICA.<\/span><\/div>\n<div style=\"background-color: white;color: #222222\"><span style=\"font-family: Verdana, sans-serif\">Cansados de las promesas y la burocracia de los estados.<\/span><\/div>\n<div style=\"background-color: white\"><span style=\"color: #0b5394;font-family: Verdana, sans-serif;font-size: x-small\"><b>FUENTE: COMUNIDAD LA PRIMAVERA, PRODUCCI\u00d3N RIACHUELO<a href=\"http:\/\/3.bp.blogspot.com\/-UaH8XTs8FNA\/VJmn7DwwK1I\/AAAAAAAACGk\/VELITb0nzbc\/s1600\/COOP%2BRIACHIUELO%2BPRODUCCIONES.jpg\" style=\"background-color: transparent;clear: left;margin-bottom: 1em;margin-right: 1em;text-align: center\"><img loading=\"lazy\" decoding=\"async\" border=\"0\" src=\"http:\/\/3.bp.blogspot.com\/-UaH8XTs8FNA\/VJmn7DwwK1I\/AAAAAAAACGk\/VELITb0nzbc\/s1600\/COOP%2BRIACHIUELO%2BPRODUCCIONES.jpg\" height=\"58\" width=\"200\" \/><\/a><\/b><\/span><\/div>\n<\/div>\n<\/div>\n","protected":false},"excerpt":{"rendered":"<p>PERSEGUIDOS E INDEFENSOS En los \u00faltimos d\u00edas estamos siendo expuestos a diversas factores de violencia.&nbsp;En la zona de La Matanza, donde vive nuestro qarashe F\u00e9lix Diaz y su familia, sigo amenaz\u00e1ndonos el mismo hombre que atac\u00f3 a Lisa Diaz, hija de F\u00e9lix, el a\u00f1o pasado. Hemos presentado diversas denuncias ante la gendarmer\u00eda que tiene un [&hellip;]<\/p>\n","protected":false},"author":4,"featured_media":0,"comment_status":"open","ping_status":"open","sticky":false,"template":"","format":"standard","meta":{"_monsterinsights_skip_tracking":false,"_monsterinsights_sitenote_active":false,"_monsterinsights_sitenote_note":"","_monsterinsights_sitenote_category":0,"jnews-multi-image_gallery":[],"jnews_single_post":{"format":"standard"},"jnews_primary_category":[],"_joinchat":[],"footnotes":""},"categories":[58],"tags":[174,119,147],"class_list":["post-841","post","type-post","status-publish","format-standard","hentry","category-noticiariachuelo","tag-cultura-originaria","tag-derechos-humanos","tag-habitat"],"_links":{"self":[{"href":"http:\/\/fmriachuelo.it10.com.ar\/index.php\/wp-json\/wp\/v2\/posts\/841","targetHints":{"allow":["GET"]}}],"collection":[{"href":"http:\/\/fmriachuelo.it10.com.ar\/index.php\/wp-json\/wp\/v2\/posts"}],"about":[{"href":"http:\/\/fmriachuelo.it10.com.ar\/index.php\/wp-json\/wp\/v2\/types\/post"}],"author":[{"embeddable":true,"href":"http:\/\/fmriachuelo.it10.com.ar\/index.php\/wp-json\/wp\/v2\/users\/4"}],"replies":[{"embeddable":true,"href":"http:\/\/fmriachuelo.it10.com.ar\/index.php\/wp-json\/wp\/v2\/comments?post=841"}],"version-history":[{"count":1,"href":"http:\/\/fmriachuelo.it10.com.ar\/index.php\/wp-json\/wp\/v2\/posts\/841\/revisions"}],"predecessor-version":[{"id":22078,"href":"http:\/\/fmriachuelo.it10.com.ar\/index.php\/wp-json\/wp\/v2\/posts\/841\/revisions\/22078"}],"wp:attachment":[{"href":"http:\/\/fmriachuelo.it10.com.ar\/index.php\/wp-json\/wp\/v2\/media?parent=841"}],"wp:term":[{"taxonomy":"category","embeddable":true,"href":"http:\/\/fmriachuelo.it10.com.ar\/index.php\/wp-json\/wp\/v2\/categories?post=841"},{"taxonomy":"post_tag","embeddable":true,"href":"http:\/\/fmriachuelo.it10.com.ar\/index.php\/wp-json\/wp\/v2\/tags?post=841"}],"curies":[{"name":"wp","href":"https:\/\/api.w.org\/{rel}","templated":true}]}}