{"id":840,"date":"2014-12-23T17:39:00","date_gmt":"2014-12-23T17:39:00","guid":{"rendered":"http:\/\/fmriachuelo.observatorioess.org.ar\/index.php\/2014\/12\/23\/uruguay-el-congreso-sanciona-ley-de-medios-audiovisuales\/"},"modified":"2025-03-25T13:14:30","modified_gmt":"2025-03-25T16:14:30","slug":"uruguay-el-congreso-sanciona-ley-de-medios-audiovisuales","status":"publish","type":"post","link":"http:\/\/fmriachuelo.it10.com.ar\/index.php\/2014\/12\/23\/uruguay-el-congreso-sanciona-ley-de-medios-audiovisuales\/","title":{"rendered":"URUGUAY: EL CONGRESO SANCIONA LEY DE MEDIOS AUDIOVISUALES"},"content":{"rendered":"<div><span style=\"color: red; font-family: Verdana, sans-serif; font-size: large;\"><strong>MAS VOCES<\/strong><\/span><\/div>\n<p><span style=\"font-family: Verdana, sans-serif;\">La C\u00e1mara de Representantes sancion\u00f3 definitivamente este lunes el proyecto de Ley de Servicios de Comunicaci\u00f3n Audiovisual, aprobado el pasado 16 de diciembre en el Senado, que pretende evitar los monopolios y oligopolios en el sector.<br \/>\nLa ley, apoyada por los votos de 50 de los 75 diputados presentes en la C\u00e1mara Baja, cont\u00f3 con el respaldo de la bancada oficialista de la coalici\u00f3n de izquierda Frente Amplio (FA) en su totalidad y el rechazo en bloque de la oposici\u00f3n, como ya ocurri\u00f3 en el Senado.<\/span><br \/>\n<a name=\"more\"><\/a><span style=\"font-family: Verdana, sans-serif;\">El FA quiere con esta ley, cuestionada en diferentes puntos por la oposici\u00f3n, establecer la regulaci\u00f3n de la prestaci\u00f3n de servicios de radio, televisi\u00f3n y otros servicios de comunicaci\u00f3n audiovisual.<br \/>\nEn concreto, el Partido Nacional (PN) la considera \u201chiperdetallista\u201d y \u201cestatista\u201d, \u201cmonop\u00f3lica\u201d y violatoria del Derecho Internacional.<br \/>\nEn una columna de opini\u00f3n de El Pa\u00eds, el expresidente Julio Mar\u00eda Sanguinetti tambi\u00e9n critic\u00f3 ayer la Ley de medios presentada por el Gobierno de Jos\u00e9 Mujica, a la que calific\u00f3 de \u201crevolver cargado sobre la nuca del periodismo independiente\u201d.<\/span><br \/>\n<span style=\"font-family: Verdana, sans-serif;\">Este texto, conformado por 186 art\u00edculos, se presenta redactado \u201cen medio de frondosas frases sobre garant\u00edas y libertades\u201d, afirm\u00f3 el veterano pol\u00edtico, quien a\u00f1adi\u00f3 que se trata de una Ley \u201cinconstitucional\u201d.<br \/>\nMujica, por su parte, se expres\u00f3 la semana pasada a favor del texto, al defender que no quiere \u201cque Clar\u00edn -grupo medi\u00e1tico de Argentina- Globo -grupo brasile\u00f1o- o Slim (Carlos) -empresario mexicano- se hagan due\u00f1os de las comunicaciones en Uruguay\u201d.<br \/>\nSeg\u00fan el art\u00edculo 106 del proyecto, las personas jur\u00eddicas aspirantes a titular de un servicio de comunicaci\u00f3n audiovisual deber\u00e1n cumplir, como m\u00ednimo, requisitos como \u201cno ser filiales o subsidiarias de sociedades extranjeras, ni realizar actos, contratos o pactos societarios que permitan una posici\u00f3n dominante del capital extranjero en la conducci\u00f3n de la persona jur\u00eddica licenciataria\u201d.<br \/>\nAdem\u00e1s, el art\u00edculo 51 concreta que \u201ces deber del Estado instrumentar medidas adecuadas para impedir o limitar la existencia y formaci\u00f3n de monopolios y oligopolios en los servicios de comunicaci\u00f3n audiovisual, as\u00ed como establecer mecanismos para su control\u201d.<br \/>\nDurante esta jornada parlamentaria, se aprob\u00f3, asimismo, la nueva Ley Org\u00e1nica Policial, un acuerdo con la Rep\u00fablica del Brasil sobre Intercambio de informaci\u00f3n tributaria, adem\u00e1s del protocolo facultativo de la Convenci\u00f3n sobre los Derechos del Ni\u00f1o, en una larga sesi\u00f3n en la que se encadenaron recesos y retrasos.<\/span><\/p>\n","protected":false},"excerpt":{"rendered":"<p>MAS VOCES La C\u00e1mara de Representantes sancion\u00f3 definitivamente este lunes el proyecto de Ley de Servicios de Comunicaci\u00f3n Audiovisual, aprobado el pasado 16 de diciembre en el Senado, que pretende evitar los monopolios y oligopolios en el sector. La ley, apoyada por los votos de 50 de los 75 diputados presentes en la C\u00e1mara Baja, [&hellip;]<\/p>\n","protected":false},"author":4,"featured_media":0,"comment_status":"open","ping_status":"open","sticky":false,"template":"","format":"standard","meta":{"_monsterinsights_skip_tracking":false,"_monsterinsights_sitenote_active":false,"_monsterinsights_sitenote_note":"","_monsterinsights_sitenote_category":0,"jnews-multi-image_gallery":[],"jnews_single_post":{"format":"standard"},"jnews_primary_category":[],"_joinchat":[],"footnotes":""},"categories":[58],"tags":[70],"class_list":["post-840","post","type-post","status-publish","format-standard","hentry","category-noticiariachuelo","tag-de-la-patria-grande"],"_links":{"self":[{"href":"http:\/\/fmriachuelo.it10.com.ar\/index.php\/wp-json\/wp\/v2\/posts\/840","targetHints":{"allow":["GET"]}}],"collection":[{"href":"http:\/\/fmriachuelo.it10.com.ar\/index.php\/wp-json\/wp\/v2\/posts"}],"about":[{"href":"http:\/\/fmriachuelo.it10.com.ar\/index.php\/wp-json\/wp\/v2\/types\/post"}],"author":[{"embeddable":true,"href":"http:\/\/fmriachuelo.it10.com.ar\/index.php\/wp-json\/wp\/v2\/users\/4"}],"replies":[{"embeddable":true,"href":"http:\/\/fmriachuelo.it10.com.ar\/index.php\/wp-json\/wp\/v2\/comments?post=840"}],"version-history":[{"count":1,"href":"http:\/\/fmriachuelo.it10.com.ar\/index.php\/wp-json\/wp\/v2\/posts\/840\/revisions"}],"predecessor-version":[{"id":22079,"href":"http:\/\/fmriachuelo.it10.com.ar\/index.php\/wp-json\/wp\/v2\/posts\/840\/revisions\/22079"}],"wp:attachment":[{"href":"http:\/\/fmriachuelo.it10.com.ar\/index.php\/wp-json\/wp\/v2\/media?parent=840"}],"wp:term":[{"taxonomy":"category","embeddable":true,"href":"http:\/\/fmriachuelo.it10.com.ar\/index.php\/wp-json\/wp\/v2\/categories?post=840"},{"taxonomy":"post_tag","embeddable":true,"href":"http:\/\/fmriachuelo.it10.com.ar\/index.php\/wp-json\/wp\/v2\/tags?post=840"}],"curies":[{"name":"wp","href":"https:\/\/api.w.org\/{rel}","templated":true}]}}