{"id":84,"date":"2015-08-31T19:00:00","date_gmt":"2015-08-31T19:00:00","guid":{"rendered":"http:\/\/fmriachuelo.observatorioess.org.ar\/index.php\/2015\/08\/31\/chubut-esquel-inteligencia-contra-los-opositores\/"},"modified":"2025-05-13T15:55:16","modified_gmt":"2025-05-13T18:55:16","slug":"chubut-esquel-inteligencia-contra-los-opositores","status":"publish","type":"post","link":"http:\/\/fmriachuelo.it10.com.ar\/index.php\/2015\/08\/31\/chubut-esquel-inteligencia-contra-los-opositores\/","title":{"rendered":"CHUBUT, ESQUEL: INTELIGENCIA CONTRA LOS OPOSITORES"},"content":{"rendered":"<div><span style=\"color: red;font-family: Verdana, sans-serif;font-size: large\"><b>ESPIONAJE ESTATAL: ESCANDALOSO<\/b><\/span><\/div>\n<p><span style=\"font-family: Verdana, sans-serif\">Esc\u00e1ndalo en Chubut. Descubren fichas de inteligencia en poder del Ministerio P\u00fablico Fiscal de Esquel<\/span><\/p>\n<div style=\"clear: both;text-align: center\"><a href=\"http:\/\/2.bp.blogspot.com\/-RcJHiJ9ro1o\/VeOCpbLvodI\/AAAAAAAAGLw\/CxjQA6uEaSY\/s1600\/mapuches.jpg\" style=\"clear: left;float: left;margin-bottom: 1em;margin-right: 1em\"><img loading=\"lazy\" decoding=\"async\" border=\"0\" height=\"213\" src=\"http:\/\/2.bp.blogspot.com\/-RcJHiJ9ro1o\/VeOCpbLvodI\/AAAAAAAAGLw\/CxjQA6uEaSY\/s320\/mapuches.jpg\" width=\"320\" \/><\/a><\/div>\n<p><span style=\"font-family: Verdana, sans-serif;text-align: justify\">[Resumen Latinoamericano \/ 29 de Agosto 2015] En el medio de la audiencia de apertura de investigaci\u00f3n de la causa relacionada con la recuperaci\u00f3n del territorio Mapuche iniciada por la Compa\u00f1\u00eda Tierras del Sud \u2013propiedad de la multinacional Benetton- contra el grupo \u201cLof en resistencia del Departamento Cushamen\u201d, el defensor p\u00fablico Fernando Radziwilowski revel\u00f3 la existencia de fichas de vecinos y periodistas incorporadas al expediente, evidenciando una escandalosa tarea de inteligencia en la que se hizo identificaci\u00f3n fotogr\u00e1fica, figurando actividades laborales, posicionamientos ideol\u00f3gicos y hasta cuestiones de la vida privada de militantes de la asamblea del No a la mina, concejales y candidatos a intendentes y numerosos periodistas, entre los que se destaca el seguimiento a los periodistas de la radio comunitaria Kalewche.<\/span><span style=\"font-family: Verdana, sans-serif\"><\/span><br \/><span style=\"font-family: Verdana, sans-serif\"><\/span><\/p>\n<div style=\"text-align: justify\"><span style=\"font-family: Verdana, sans-serif\">Fernando Radziwilowski manifest\u00f3 su preocupaci\u00f3n por el cariz que puede tomar \u201cla investigaci\u00f3n, porque si se habla de terrorismo, pareciera que todo est\u00e1 permitido\u201d. \u201cEs preocupante que estas cosas sucedan en el marco de un estado de derecho\u201d, asegur\u00f3 el defensor. A la vez advirti\u00f3 que el abordaje de este proceso desde otra normativa (por la ley antiterrorista) con penas muchos m\u00e1s severas, pertenece a otra jurisdicci\u00f3n (por el fuero federal).<\/span><\/div>\n<p><span style=\"font-family: Verdana, sans-serif\"><\/p>\n<div style=\"text-align: justify\"><a name='more'><\/a>Ante la repercusi\u00f3n p\u00fablica de esta grave situaci\u00f3n el MPF emiti\u00f3 un comunicado intentando despegarse del hecho con argumentaciones poco convincentes. \u00bfC\u00f3mo lleg\u00f3 esa \u201cgran cantidad de informaci\u00f3n proveniente de organismos estatales\u201d al MPF que en el comunicado exculpatorio afirman haber recibido? \u00bfDe qui\u00e9n? \u00bfA t\u00edtulo de qu\u00e9? Son muchas preguntas sin respuesta.<\/div>\n<p>Es necesaria una profunda investigaci\u00f3n de estos aberrantes hechos, deslindando responsabilidades ante lo que parece una caza de brujas que recuerdan tiempos en que la persecuci\u00f3n ideol\u00f3gica y pol\u00edtica eran moneda corriente. La democracia lo reclama.<\/span><\/p>\n<div><span style=\"color: blue;font-family: Verdana, sans-serif\">Resumen Latinoamericano, Producci\u00f3n Riachuelo<\/span><\/div>\n","protected":false},"excerpt":{"rendered":"<p>ESPIONAJE ESTATAL: ESCANDALOSO Esc\u00e1ndalo en Chubut. Descubren fichas de inteligencia en poder del Ministerio P\u00fablico Fiscal de Esquel [Resumen Latinoamericano \/ 29 de Agosto 2015] En el medio de la audiencia de apertura de investigaci\u00f3n de la causa relacionada con la recuperaci\u00f3n del territorio Mapuche iniciada por la Compa\u00f1\u00eda Tierras del Sud \u2013propiedad de la [&hellip;]<\/p>\n","protected":false},"author":4,"featured_media":0,"comment_status":"open","ping_status":"open","sticky":false,"template":"","format":"standard","meta":{"_monsterinsights_skip_tracking":false,"_monsterinsights_sitenote_active":false,"_monsterinsights_sitenote_note":"","_monsterinsights_sitenote_category":0,"jnews-multi-image_gallery":[],"jnews_single_post":{"format":"standard"},"jnews_primary_category":[],"_joinchat":[],"footnotes":""},"categories":[58],"tags":[71,89],"class_list":["post-84","post","type-post","status-publish","format-standard","hentry","category-noticiariachuelo","tag-de-la-tierra","tag-violencia-institucional"],"_links":{"self":[{"href":"http:\/\/fmriachuelo.it10.com.ar\/index.php\/wp-json\/wp\/v2\/posts\/84","targetHints":{"allow":["GET"]}}],"collection":[{"href":"http:\/\/fmriachuelo.it10.com.ar\/index.php\/wp-json\/wp\/v2\/posts"}],"about":[{"href":"http:\/\/fmriachuelo.it10.com.ar\/index.php\/wp-json\/wp\/v2\/types\/post"}],"author":[{"embeddable":true,"href":"http:\/\/fmriachuelo.it10.com.ar\/index.php\/wp-json\/wp\/v2\/users\/4"}],"replies":[{"embeddable":true,"href":"http:\/\/fmriachuelo.it10.com.ar\/index.php\/wp-json\/wp\/v2\/comments?post=84"}],"version-history":[{"count":1,"href":"http:\/\/fmriachuelo.it10.com.ar\/index.php\/wp-json\/wp\/v2\/posts\/84\/revisions"}],"predecessor-version":[{"id":24008,"href":"http:\/\/fmriachuelo.it10.com.ar\/index.php\/wp-json\/wp\/v2\/posts\/84\/revisions\/24008"}],"wp:attachment":[{"href":"http:\/\/fmriachuelo.it10.com.ar\/index.php\/wp-json\/wp\/v2\/media?parent=84"}],"wp:term":[{"taxonomy":"category","embeddable":true,"href":"http:\/\/fmriachuelo.it10.com.ar\/index.php\/wp-json\/wp\/v2\/categories?post=84"},{"taxonomy":"post_tag","embeddable":true,"href":"http:\/\/fmriachuelo.it10.com.ar\/index.php\/wp-json\/wp\/v2\/tags?post=84"}],"curies":[{"name":"wp","href":"https:\/\/api.w.org\/{rel}","templated":true}]}}