{"id":8372,"date":"2018-10-08T23:02:35","date_gmt":"2018-10-08T23:02:35","guid":{"rendered":"http:\/\/fmriachuelo.com.ar\/?p=8372"},"modified":"2018-10-08T23:02:35","modified_gmt":"2018-10-08T23:02:35","slug":"lito-borello-acerca-de-las-declaraciones-de-bullrich-el-pueblo-esta-de-pie-y-resistiendo-esta-embestida","status":"publish","type":"post","link":"http:\/\/fmriachuelo.it10.com.ar\/index.php\/2018\/10\/08\/lito-borello-acerca-de-las-declaraciones-de-bullrich-el-pueblo-esta-de-pie-y-resistiendo-esta-embestida\/","title":{"rendered":"\u00abBullrich es una mercenaria del bloque dominante.Solo puede ser Ministra en un gobierno como este \u00ab"},"content":{"rendered":"<p><strong>[FM Riachuelo 08\/10\/2018] Hoy durante el programa de Rompe el Cerco Informativo se entrevist\u00f3 al Secretario de Derechos Humanos de la CTEP, Lito Borello, quien le contesto a la Ministra de Seguridad Patricia Bullrich con respecto a los dichos repudiables contra de los movimientos sociales y populares.<\/strong><\/p>\n<p><em>\u201cMuchos movimientos sociales permiten el narcotr\u00e1fico como un mal menor\u201d<\/em> y \u00ab<em>la relaci\u00f3n entre punteros pol\u00edticos y narcos\u00a0es muy estrecha<\/em>\u00bb fueron un par de las declaraciones por parte de la Ministra Bullrich, quien se mantiene firme en su defensa de mano dura. Entre tanto, sostiene que, frente al avance del narcotr\u00e1fico, los movimientos sociales son quienes han permitido este avance y no en cambio, los altos niveles de pobreza manejados por el brutal ajuste del gobierno de Mauricio Macri.<\/p>\n<p>Frente a esto, Lito Borello, Secretario de Derechos Humanos de la Confederaci\u00f3n de Trabajadores de la Econom\u00eda Popular respondi\u00f3 lo siguiente:<\/p>\n<p><strong><u>R.C.I<\/u><\/strong>: \u00bfQu\u00e9 lectura pol\u00edtica podes hacer acerca de las declaraciones de la Ministra?<\/p>\n<p><strong><u>L.B<\/u><\/strong>: \u201cCreo que el documento que lanzaron las organizaciones es muy breve y claro. Uno podr\u00eda agregar que esta persona es un ser diab\u00f3lico, una clara exponente y mercenaria de los sectores dominantes. Es alguien que no deber\u00eda ser funcionaria p\u00fablica y solamente se concibe que sea ministra en un gobierno como este, porque si bien uno podr\u00eda cuestionar las palabras de esta persona, no deja quitarle responsabilidad a que es el gobierno nacional el que implementa estas pol\u00edticas de hambre, miseria y muerte que est\u00e1n hambreando y saqueando nuestro pa\u00eds. Que est\u00e1n haciendo sufrir much\u00edsimo a los sectores populares. Por lo tanto, es indignante y la verdad es que esta mujer se tendr\u00eda que ir de su cargo\u201d.<\/p>\n<p><strong><u>R.C.I<\/u><\/strong>: Los dichos de la Ministra claramente apuntan contra los dirigentes sociales, adem\u00e1s de que promueven la represi\u00f3n a la protesta social.<\/p>\n<p><strong><u>L.B<\/u><\/strong>:\u201dEsto es la justificaci\u00f3n que est\u00e1n construyendo porque saben que nuestro pueblo va a resistir, va a luchar. La imposici\u00f3n de un modelo pol\u00edtico y econ\u00f3mico, un modelo de dominaci\u00f3n que est\u00e1 trayendo desigualdades nunca vistas ni vividas. Por lo tanto, hay un andamiaje y en esto el rol de la Ministra es fundamental, en ir construyendo el enemigo, mientras que las pol\u00edticas siguen siendo cada vez peores. Y tenemos situaciones como las que ya vienen padeciendo dirigentes como Juan Grabois, Emilio P\u00e9rsico y como estas detenciones de hace no muchos d\u00edas atr\u00e1s, cuando algunos dirigentes de la CTEP estaban defendiendo a los vendedores ambulantes senegaleses, los cuales intentan todos los d\u00edas vivir dignamente de su trabajo. Por lo tanto, son cada vez m\u00e1s los sectores que en la Argentina est\u00e1n altamente preocupados. La iglesia hace unas horas atr\u00e1s viene generando una cantidad de opiniones de preocupaci\u00f3n, por las tensiones que generan las desigualdades que provocan las pol\u00edticas del gobierno. Es por eso que nos queda interpretar esto, entender que hay que seguir sembrando esperanza y esto implica sembrar unidad y organizaci\u00f3n para desde la lucha construir la unidad\u201d.<\/p>\n<p><strong><u>R.C.I<\/u><\/strong>: Queda claro que es m\u00e1s contra los dirigentes referenciales de los movimientos dentro de la CTEP.<\/p>\n<p><strong><u>L.B<\/u><\/strong>: \u201cSi, hay un agravio puntual a la CTEP, al rol de los movimientos sociales, ya que en el \u00faltimo tiempo vienen cumpliendo un papel fundamental y siendo tambi\u00e9n un factor que ha ido abonando la unidad con el movimiento de los trabajadores en su conjunto, es decir, aquello que natural e hist\u00f3ricamente se llamaba movimiento obrero organizado. El papel de los sectores de la Econom\u00eda Popular de los movimientos sociales en los territorios es vital a la hora de evitar que este ej\u00e9rcito de ocupaci\u00f3n narco lastime o hiera a nuestra familia y a nuestro territorio. Por lo tanto, es que digo que, la ministra es una mercenaria al servicio de los sectores dominantes y en tal sentido se dirige como una francotiradora a las organizaciones y a los dirigentes populares. Por eso tambi\u00e9n y aunque se proteja bajo la investidura de una legalidad institucional, esta institucionalidad se est\u00e1 degradando cada vez m\u00e1s y va naciendo desde la lucha una nueva institucionalidad, una nueva democracia de calle que nace desde cada piquete, olla popular, cada acampe que resiste, escuela, fabrica, desde cada rinc\u00f3n de la Argentina donde demuestra que el pueblo est\u00e1 de pie y resistiendo esta embestida de los sectores dominantes\u201d.<\/p>\n<p>Escuch\u00e1 la entrevista completa\u00a0<strong><a href=\"https:\/\/radiocut.fm\/audiocut\/lito-borello-sec-ddhh-ctep-el-pueblo-esta-de-pie-y-resistiendo-esta-embestida\/\" target=\"_blank\" rel=\"noopener\">AC\u00c1<\/a><\/strong><\/p>\n","protected":false},"excerpt":{"rendered":"<p>[FM Riachuelo 08\/10\/2018] Hoy durante el programa de Rompe el Cerco Informativo se entrevist\u00f3 al Secretario de Derechos Humanos de la CTEP, Lito Borello, quien le contesto a la Ministra de Seguridad Patricia Bullrich con respecto a los dichos repudiables contra de los movimientos sociales y populares. \u201cMuchos movimientos sociales permiten el narcotr\u00e1fico como un [&hellip;]<\/p>\n","protected":false},"author":5,"featured_media":8375,"comment_status":"open","ping_status":"open","sticky":false,"template":"","format":"standard","meta":{"_monsterinsights_skip_tracking":false,"_monsterinsights_sitenote_active":false,"_monsterinsights_sitenote_note":"","_monsterinsights_sitenote_category":0,"jnews-multi-image_gallery":[],"jnews_single_post":[],"jnews_primary_category":[],"_joinchat":[],"footnotes":""},"categories":[79,76],"tags":[],"class_list":["post-8372","post","type-post","status-publish","format-standard","has-post-thumbnail","hentry","category-nadie-se-salva-solo","category-salud-comunitaria"],"_links":{"self":[{"href":"http:\/\/fmriachuelo.it10.com.ar\/index.php\/wp-json\/wp\/v2\/posts\/8372","targetHints":{"allow":["GET"]}}],"collection":[{"href":"http:\/\/fmriachuelo.it10.com.ar\/index.php\/wp-json\/wp\/v2\/posts"}],"about":[{"href":"http:\/\/fmriachuelo.it10.com.ar\/index.php\/wp-json\/wp\/v2\/types\/post"}],"author":[{"embeddable":true,"href":"http:\/\/fmriachuelo.it10.com.ar\/index.php\/wp-json\/wp\/v2\/users\/5"}],"replies":[{"embeddable":true,"href":"http:\/\/fmriachuelo.it10.com.ar\/index.php\/wp-json\/wp\/v2\/comments?post=8372"}],"version-history":[{"count":0,"href":"http:\/\/fmriachuelo.it10.com.ar\/index.php\/wp-json\/wp\/v2\/posts\/8372\/revisions"}],"wp:featuredmedia":[{"embeddable":true,"href":"http:\/\/fmriachuelo.it10.com.ar\/index.php\/wp-json\/"}],"wp:attachment":[{"href":"http:\/\/fmriachuelo.it10.com.ar\/index.php\/wp-json\/wp\/v2\/media?parent=8372"}],"wp:term":[{"taxonomy":"category","embeddable":true,"href":"http:\/\/fmriachuelo.it10.com.ar\/index.php\/wp-json\/wp\/v2\/categories?post=8372"},{"taxonomy":"post_tag","embeddable":true,"href":"http:\/\/fmriachuelo.it10.com.ar\/index.php\/wp-json\/wp\/v2\/tags?post=8372"}],"curies":[{"name":"wp","href":"https:\/\/api.w.org\/{rel}","templated":true}]}}