{"id":837,"date":"2014-12-24T20:22:00","date_gmt":"2014-12-24T20:22:00","guid":{"rendered":"http:\/\/fmriachuelo.observatorioess.org.ar\/index.php\/2014\/12\/24\/denuncian-un-desalojo-de-productores-en-el-sur-del-conurbano\/"},"modified":"2025-03-25T13:56:06","modified_gmt":"2025-03-25T16:56:06","slug":"denuncian-un-desalojo-de-productores-en-el-sur-del-conurbano","status":"publish","type":"post","link":"http:\/\/fmriachuelo.it10.com.ar\/index.php\/2014\/12\/24\/denuncian-un-desalojo-de-productores-en-el-sur-del-conurbano\/","title":{"rendered":"DENUNCIAN UN DESALOJO DE PRODUCTORES EN EL SUR DEL CONURBANO"},"content":{"rendered":"<p><span style=\"font-size: large\"><span style=\"color: red;font-family: Verdana, sans-serif\"><b>LA OTRA PELEA POR LA TIERRA<\/b><\/span><\/span><\/p>\n<table cellpadding=\"0\" cellspacing=\"0\" style=\"float: left;margin-right: 1em;text-align: center\">\n<tbody>\n<tr>\n<td style=\"text-align: center\"><img loading=\"lazy\" decoding=\"async\" border=\"0\" src=\"http:\/\/2.bp.blogspot.com\/-CyEioDDoqNc\/VJsgCAIB38I\/AAAAAAAACHQ\/blhaacb1FzM\/s1600\/desalojo.jpg\" height=\"240\" style=\"margin-left: auto;margin-right: auto\" width=\"320\" \/><\/td>\n<\/tr>\n<tr>\n<td style=\"text-align: center\">FOTO; AGENCIA PACO URONDO<\/td>\n<\/tr>\n<\/tbody>\n<\/table>\n<p><span style=\"font-family: Verdana, sans-serif\">M\u00e1s de cincuenta polic\u00edas, golpes a adultos y ni\u00f1os, matanza de animales y una topadora que destruy\u00f3 una vivienda. Sucedi\u00f3 en el partido bonaerense de Almirante Brown y la v\u00edctima fue una familia de peque\u00f1os productores agropecuarios, que siembra, cr\u00eda animales y sufri\u00f3 tres represiones en dos meses para que abandone la tierra donde vive y trabaja desde hace d\u00e9cadas. Las organizaciones sociales denuncian que la especulaci\u00f3n inmobiliaria avanza sobre los productores periurbanos y apuntan a la complicidad judicial y pol\u00edtica. La familia acampa en la calle, frente a la tranquera, a la espera de volver a su chacra. Polic\u00edas de civil, en autos sin patente, los presionan para que abandonen su tierra.<\/span><br \/><a name='more'><\/a><span style=\"font-family: Verdana, sans-serif\">A s\u00f3lo cinco minutos de la estaci\u00f3n de trenes de Longchamps (sur del Gran Buenos Aires), se termina el asfalto y se abre un camino ancho de tierra, \u00e1rboles a ambos lados y campo. Una tranquera con una bandera blanca y letras negras: \u201cLa tierra para quien la trabaja\u201d. Sobre el alambrado, una chapa vieja que hace de cartel y grafica la situaci\u00f3n: \u201cDefendemos el derecho a vivir, producir y criar a nuestros hijos en el campo\u201d. En la vereda, dos casillas improvisadas, de madera y lonas. \u201cEstamos resistiendo. No nos dejan entrar a nuestro campo, pero no nos vamos a ir, tenemos derechos\u201d, advierte H\u00e9ctor Vel\u00e1zquez, sesenta a\u00f1os, sombrero de ala ancha.<\/span><br \/><span style=\"font-family: Verdana, sans-serif\">Vel\u00e1zquez y Ana Kener viven hace 35 a\u00f1os junto a sus cuatro hijos en Ministro Rivadavia, partido de Almirante Brown. Trabajan ocho hect\u00e1reas en las que obtienen alimento para la familia y comercializan excedentes. Huerta, \u00e1rboles frutales, chanchos, ovejas y gallinas.<br \/>El 21 de octubre a las 8 llegaron hasta el lugar cincuenta polic\u00edas. Muchos de civil y en autos sin patente. Golpearon a Vel\u00e1zquez, lo tiraron al piso. Boca abajo, lo esposaron y le pisaron la espalda durante media hora. Tambi\u00e9n golpearon a su hija de 16 a\u00f1os. Lo arrastraron cincuenta metros hasta la calle y lo llevaron preso.<br \/>Los efectivos destruyeron los corrales, mataron animales y, con una topadora, destruyeron por completo la vivienda familiar. A\u00fan se observan los escombros de las tres habitaciones, el ba\u00f1o y lo que era un amplio comedor. \u201cNo mostraron orden de desalojo y nunca nos notificaron que hab\u00eda una causa judicial ni nada\u201d, explica Vel\u00e1zquez.<br \/>El Movimiento Nacional Campesino Ind\u00edgena (MNCI) y el Frente Agrario Evita acompa\u00f1an a los productores de Ministro Rivadavia. \u201cFue todo irregular. No hubo posibilidad de defensa, nunca fueron notificados y la violencia fue terrible\u201d, explic\u00f3 Lucio Guichet, del Frente Agrario Evita.<br \/>El 27 de noviembre se repiti\u00f3 la represi\u00f3n. Polic\u00edas de civil, autos sin patente y golpes para mujeres y ni\u00f1os. Y la municipalidad envi\u00f3 una topadora para intentar sacarlos del costado del camino por \u201centorpecer el tr\u00e1nsito\u201d. El 2 de diciembre, cuando la familia reingres\u00f3 al predio para alimentar a los animales, sobrevino otra represi\u00f3n. Arrastraron del pelo a Ana Kener y tambi\u00e9n a sus hijas adolescentes. Incluso maltrataron a sus nietos (de 4 y 8 a\u00f1os). Detuvieron al matrimonio y a un integrante del MNCI.<br \/>Antes del primer desalojo, la familia ten\u00eda cien chanchos, 300 gallinas y 40 ovejas. Muchos murieron cuando los efectivos derribaron los corrales y otros durante la primera semana de desalojo, porque el juzgado no permit\u00eda que ingresaran a alimentar y dar agua a los animales. \u201cNo nos queda casi nada. Estamos en la ruina\u201d, denuncia Vel\u00e1zquez.<br \/>El viernes 12 de diciembre se realiz\u00f3 un festival solidario en la estaci\u00f3n de Longchamps.(<a href=\"http:\/\/www.fmriachuelo.com.ar\/2014\/12\/por-la-tierra-y-contra-los-desalojos-en.html\">http:\/\/www.fmriachuelo.com.ar\/2014\/12\/por-la-tierra-y-contra-los-desalojos-en.html<\/a>) La consigna fue \u201cBasta de especulaci\u00f3n inmobiliaria, por la funci\u00f3n social de la tierra\u201d. La familia Vel\u00e1zquez y el MNCI coinciden en lo llamativo de la rapidez judicial y en la enorme violencia policial para hacerse del predio. En el \u00faltimo mes se dieron tres casos de supuestos abogados que reclaman campos en la misma zona rural de Almirante Brown. La chacra de Vel\u00e1zquez est\u00e1 a cien metros del Aeroclub Longchamps, un lugar se\u00f1alado con potencial para turismo rural y urban\u00edstico (barrios cerrados).<br \/>La parcela de ocho hect\u00e1reas en disputa forma parte de un predio mayor, de cincuenta hect\u00e1reas, reclamada por la empresa constructora Colombi, de Quilmes, contratista de obra p\u00fablica de municipios del conurbano bonaerense. Nunca tuvo presencia en el predio en disputa. Y vendi\u00f3 recientemente el inmueble (con familias dentro) a Joaqu\u00edn Somoza, que tampoco nunca se hab\u00eda hecho presente en el lugar.<br \/>En cambio, la familia Vel\u00e1zquez habita el lugar desde 1979, hizo mejoras y tiene derechos: el C\u00f3digo Civil contempla el derecho veintea\u00f1al (quien vivi\u00f3 y cuid\u00f3 la tierra por dos d\u00e9cadas tiene derechos adquiridos). Vel\u00e1zquez, que nunca hab\u00eda sido detenido, tiene ahora dos causas judiciales. Una por \u201cusurpaci\u00f3n\u201d y otra por \u201cresistencia a la autoridad y amenazas\u201d. Tom\u00f3 intervenci\u00f3n la Defensor\u00eda del Pueblo de Buenos Aires e intervienen el fiscal Sebasti\u00e1n Bisquert (UFI 19 de Lomas de Zamora) y las juezas Laura Ninni (Juzgado de Garant\u00edas VI) y Rosa Mar\u00eda Caram (Juzgado Civil y Comercial V).<br \/>\u201cAc\u00e1 hay algo pol\u00edtico atr\u00e1s\u201d, repite Vel\u00e1zquez, sentado en la vereda de su chacra. S\u00f3lo puede ingresar al campo para alimentar a los pocos animales que sobrevivieron. Adentro del predio se observa un auto con dos polic\u00edas de civil. Cada doce horas se hacen relevos. Suelen transitar autos sin patente. Vel\u00e1zquez avisa que no les teme, que su familia volver\u00e1 a trabajar esa chacra: \u201cSi no volvemos a la tierra, morimos\u201d.<\/span><br \/><span style=\"clear: left;color: #0b5394;font-family: Verdana, sans-serif;font-size: xx-small;margin-bottom: 1em;margin-right: 1em;text-align: center\"><b>FUENTE: DAR\u00cdO ARANDA, FOTO AGENCIA PACO URONDO, PRODUCCI\u00d3N RIACHUELO<\/b><\/span><br \/><span style=\"clear: left;font-family: Verdana, sans-serif;margin-bottom: 1em;margin-right: 1em;text-align: center\"><a href=\"http:\/\/3.bp.blogspot.com\/-IglHStmIU0Q\/VJsgRuJtTTI\/AAAAAAAACHY\/ek6FpIhZFIQ\/s1600\/COOP%2BRIACHIUELO%2BPRODUCCIONES.jpg\" style=\"clear: left;margin-bottom: 1em;margin-right: 1em;text-align: center\"><img loading=\"lazy\" decoding=\"async\" border=\"0\" src=\"http:\/\/3.bp.blogspot.com\/-IglHStmIU0Q\/VJsgRuJtTTI\/AAAAAAAACHY\/ek6FpIhZFIQ\/s1600\/COOP%2BRIACHIUELO%2BPRODUCCIONES.jpg\" height=\"58\" width=\"200\" \/><\/a><\/span><\/p>\n","protected":false},"excerpt":{"rendered":"<p>LA OTRA PELEA POR LA TIERRA FOTO; AGENCIA PACO URONDO M\u00e1s de cincuenta polic\u00edas, golpes a adultos y ni\u00f1os, matanza de animales y una topadora que destruy\u00f3 una vivienda. Sucedi\u00f3 en el partido bonaerense de Almirante Brown y la v\u00edctima fue una familia de peque\u00f1os productores agropecuarios, que siembra, cr\u00eda animales y sufri\u00f3 tres represiones [&hellip;]<\/p>\n","protected":false},"author":4,"featured_media":0,"comment_status":"open","ping_status":"open","sticky":false,"template":"","format":"standard","meta":{"_monsterinsights_skip_tracking":false,"_monsterinsights_sitenote_active":false,"_monsterinsights_sitenote_note":"","_monsterinsights_sitenote_category":0,"jnews-multi-image_gallery":[],"jnews_single_post":{"format":"standard"},"jnews_primary_category":[],"_joinchat":[],"footnotes":""},"categories":[58],"tags":[147],"class_list":["post-837","post","type-post","status-publish","format-standard","hentry","category-noticiariachuelo","tag-habitat"],"_links":{"self":[{"href":"http:\/\/fmriachuelo.it10.com.ar\/index.php\/wp-json\/wp\/v2\/posts\/837","targetHints":{"allow":["GET"]}}],"collection":[{"href":"http:\/\/fmriachuelo.it10.com.ar\/index.php\/wp-json\/wp\/v2\/posts"}],"about":[{"href":"http:\/\/fmriachuelo.it10.com.ar\/index.php\/wp-json\/wp\/v2\/types\/post"}],"author":[{"embeddable":true,"href":"http:\/\/fmriachuelo.it10.com.ar\/index.php\/wp-json\/wp\/v2\/users\/4"}],"replies":[{"embeddable":true,"href":"http:\/\/fmriachuelo.it10.com.ar\/index.php\/wp-json\/wp\/v2\/comments?post=837"}],"version-history":[{"count":1,"href":"http:\/\/fmriachuelo.it10.com.ar\/index.php\/wp-json\/wp\/v2\/posts\/837\/revisions"}],"predecessor-version":[{"id":22082,"href":"http:\/\/fmriachuelo.it10.com.ar\/index.php\/wp-json\/wp\/v2\/posts\/837\/revisions\/22082"}],"wp:attachment":[{"href":"http:\/\/fmriachuelo.it10.com.ar\/index.php\/wp-json\/wp\/v2\/media?parent=837"}],"wp:term":[{"taxonomy":"category","embeddable":true,"href":"http:\/\/fmriachuelo.it10.com.ar\/index.php\/wp-json\/wp\/v2\/categories?post=837"},{"taxonomy":"post_tag","embeddable":true,"href":"http:\/\/fmriachuelo.it10.com.ar\/index.php\/wp-json\/wp\/v2\/tags?post=837"}],"curies":[{"name":"wp","href":"https:\/\/api.w.org\/{rel}","templated":true}]}}