{"id":836,"date":"2014-12-26T00:32:00","date_gmt":"2014-12-26T00:32:00","guid":{"rendered":"http:\/\/fmriachuelo.observatorioess.org.ar\/index.php\/2014\/12\/26\/ee-uu-nuevamente-un-policia-dispara-sobre-un-afroamericano\/"},"modified":"2025-03-25T13:57:26","modified_gmt":"2025-03-25T16:57:26","slug":"ee-uu-nuevamente-un-policia-dispara-sobre-un-afroamericano","status":"publish","type":"post","link":"http:\/\/fmriachuelo.it10.com.ar\/index.php\/2014\/12\/26\/ee-uu-nuevamente-un-policia-dispara-sobre-un-afroamericano\/","title":{"rendered":"EE.UU.: NUEVAMENTE UN POLIC\u00cdA DISPARA SOBRE UN AFROAMERICANO"},"content":{"rendered":"<div style=\"clear: both;text-align: left\"><strong><span style=\"color: red;font-family: Verdana, sans-serif;font-size: large\">LA TRISTE LISTA<\/span><\/strong><\/div>\n<div style=\"clear: both;text-align: left\"><a href=\"https:\/\/images-blogger-opensocial.googleusercontent.com\/gadgets\/proxy?url=http%3A%2F%2F2.bp.blogspot.com%2F-rWVZrvssk1c%2FVJyrtUsNFjI%2FAAAAAAAACHs%2FN0lqsKK3sww%2Fs1600%2FFerguson.jpg&amp;container=blogger&amp;gadget=a&amp;rewriteMime=image%2F*\" style=\"clear: left;float: left;margin-bottom: 1em;margin-right: 1em\"><img loading=\"lazy\" decoding=\"async\" border=\"0\" src=\"http:\/\/2.bp.blogspot.com\/-rWVZrvssk1c\/VJyrtUsNFjI\/AAAAAAAACHs\/N0lqsKK3sww\/s1600\/Ferguson.jpg\" height=\"168\" width=\"320\" \/><\/a><span style=\"font-family: Verdana, sans-serif\">Un joven afroamericano ha muerto a manos de agentes de la Polic\u00eda en la regi\u00f3n de San Luis, cerca de Ferguson (Misuri). La v\u00edctima entrar\u00e1 en la triste lista de afroamericanos asesinados por la Polic\u00eda que provoc\u00f3 las famosas protestas de Ferguson.<\/span><\/div>\n<p><a name='more'><\/a><span style=\"font-family: Verdana, sans-serif\">El cuerpo de Antonio Martin, de 18 a\u00f1os, fue fotografiado cubierto con una s\u00e1bana amarilla en la ciudad de San Luis, donde estudiaba en la escuela secundaria Jennings Senior, informa \u2018STLtoday\u2019.<\/span><br \/><span style=\"font-family: Verdana, sans-serif\">Al parecer, el adolescente fue asesinado en la gasolinera Mobil en el barrio de Berkeley. Los usuarios de los medios sociales publican fotos y videos hechos por la madre de Martin. Toni Martin dijo que la responsable de la muerte de su hijo era la Polic\u00eda: \u201cEmpezaron a disparar\u201d.<br \/>Decenas de usuarios de Twitter afirman que Martin estaba desarmado cuando recibi\u00f3 los disparos.<br \/>Los testigos dicen que Antonio Martin no muri\u00f3 hasta aproximadamente media hora despu\u00e9s de haber sido baleado por la Polic\u00eda.<br \/>Una multitud se ha reunido en el lugar de los hechos para exigir que la Polic\u00eda explique lo sucedido.<br \/>Algunos protestantes han logrado romper la cinta policial y ahora est\u00e1n en el lugar de los hechos. Se informa de choques entre la multitud y la Polic\u00eda en el escenario, acompa\u00f1ados por el sonido de fuertes explosiones.<\/span><br \/><span style=\"clear: left;color: #0b5394;font-family: Verdana, sans-serif;font-size: xx-small;margin-bottom: 1em;margin-right: 1em;text-align: center\"><b>FUENTE: CORREO DEL ORINOCO, PRODUCCI\u00d3N RIACHUELO<a href=\"http:\/\/4.bp.blogspot.com\/-aj7oR33V7Ag\/VJysDh2jRcI\/AAAAAAAACH0\/_SDSYeN53YU\/s1600\/COOP%2BRIACHIUELO%2BPRODUCCIONES.jpg\" style=\"clear: left;margin-bottom: 1em;margin-right: 1em;text-align: center\"><img loading=\"lazy\" decoding=\"async\" border=\"0\" src=\"http:\/\/4.bp.blogspot.com\/-aj7oR33V7Ag\/VJysDh2jRcI\/AAAAAAAACH0\/_SDSYeN53YU\/s1600\/COOP%2BRIACHIUELO%2BPRODUCCIONES.jpg\" height=\"58\" width=\"200\" \/><\/a><\/b><\/span><\/p>\n","protected":false},"excerpt":{"rendered":"<p>LA TRISTE LISTA Un joven afroamericano ha muerto a manos de agentes de la Polic\u00eda en la regi\u00f3n de San Luis, cerca de Ferguson (Misuri). La v\u00edctima entrar\u00e1 en la triste lista de afroamericanos asesinados por la Polic\u00eda que provoc\u00f3 las famosas protestas de Ferguson. El cuerpo de Antonio Martin, de 18 a\u00f1os, fue fotografiado [&hellip;]<\/p>\n","protected":false},"author":4,"featured_media":0,"comment_status":"open","ping_status":"open","sticky":false,"template":"","format":"standard","meta":{"_monsterinsights_skip_tracking":false,"_monsterinsights_sitenote_active":false,"_monsterinsights_sitenote_note":"","_monsterinsights_sitenote_category":0,"jnews-multi-image_gallery":[],"jnews_single_post":{"format":"standard"},"jnews_primary_category":[],"_joinchat":[],"footnotes":""},"categories":[58],"tags":[167,89],"class_list":["post-836","post","type-post","status-publish","format-standard","hentry","category-noticiariachuelo","tag-politica-internacional","tag-violencia-institucional"],"_links":{"self":[{"href":"http:\/\/fmriachuelo.it10.com.ar\/index.php\/wp-json\/wp\/v2\/posts\/836","targetHints":{"allow":["GET"]}}],"collection":[{"href":"http:\/\/fmriachuelo.it10.com.ar\/index.php\/wp-json\/wp\/v2\/posts"}],"about":[{"href":"http:\/\/fmriachuelo.it10.com.ar\/index.php\/wp-json\/wp\/v2\/types\/post"}],"author":[{"embeddable":true,"href":"http:\/\/fmriachuelo.it10.com.ar\/index.php\/wp-json\/wp\/v2\/users\/4"}],"replies":[{"embeddable":true,"href":"http:\/\/fmriachuelo.it10.com.ar\/index.php\/wp-json\/wp\/v2\/comments?post=836"}],"version-history":[{"count":1,"href":"http:\/\/fmriachuelo.it10.com.ar\/index.php\/wp-json\/wp\/v2\/posts\/836\/revisions"}],"predecessor-version":[{"id":22083,"href":"http:\/\/fmriachuelo.it10.com.ar\/index.php\/wp-json\/wp\/v2\/posts\/836\/revisions\/22083"}],"wp:attachment":[{"href":"http:\/\/fmriachuelo.it10.com.ar\/index.php\/wp-json\/wp\/v2\/media?parent=836"}],"wp:term":[{"taxonomy":"category","embeddable":true,"href":"http:\/\/fmriachuelo.it10.com.ar\/index.php\/wp-json\/wp\/v2\/categories?post=836"},{"taxonomy":"post_tag","embeddable":true,"href":"http:\/\/fmriachuelo.it10.com.ar\/index.php\/wp-json\/wp\/v2\/tags?post=836"}],"curies":[{"name":"wp","href":"https:\/\/api.w.org\/{rel}","templated":true}]}}