{"id":8357,"date":"2018-10-04T22:12:38","date_gmt":"2018-10-04T22:12:38","guid":{"rendered":"http:\/\/fmriachuelo.com.ar\/?p=8357"},"modified":"2018-10-04T22:12:38","modified_gmt":"2018-10-04T22:12:38","slug":"presupuesto-2019-el-debate-se-da-en-la-calle","status":"publish","type":"post","link":"http:\/\/fmriachuelo.it10.com.ar\/index.php\/2018\/10\/04\/presupuesto-2019-el-debate-se-da-en-la-calle\/","title":{"rendered":"PRESUPUESTO 2019: EL DEBATE SE DA EN LA CALLE"},"content":{"rendered":"<p><b>[FM RIACHUELO 04\/10\/2018] En el marco del cuarto d\u00eda de\u00a0 acampe\u00a0 frente al Congreso de la Naci\u00f3n, para rechazar y debatir en\u00a0 contra del presupuesto que quiere aprobar el gobierno de Macri. FM Riachuelo se traslado hasta el lugar para hacer radio en la calle. El programa Mateando en el Riachuelo ( trasmite de 10 a 12 lun a vie) armo una mesa de debate con distintos trabajadores como los Mineros de R\u00edo Turbio, trabajadores de Salud de Entre R\u00edos y\u00a0 peque\u00f1os productores de la Uni\u00f3n de Trabajadores de la Tierra. Como mesa de cierre del programa\u00a0 participaron\u00a0\u00a0 Esteban \u201cGringo\u201d Castro Secretario General de la Confederaci\u00f3n de la Econom\u00eda Popular (CTEP),\u00a0 Hugo \u201cCachorro\u201d Godoy Secretario General de la Asociaci\u00f3n de Trabajadores del Estado \u00a0(ATE), Mario Barrios (CTA) y Omar Giuliani de la CTA AUT\u00d3NOMA.\u00a0<\/b><\/p>\n<p><img loading=\"lazy\" decoding=\"async\" class=\"alignnone size-full wp-image-8365\" src=\"http:\/\/fmriachuelo.com.ar\/wp-content\/uploads\/2018\/10\/43123244_1945682758820263_2986507295979995136_n.jpg\" alt=\"\" width=\"960\" height=\"640\" \/><\/p>\n<p><strong>_ MR<\/strong>: Te pido para arrancar que compartas con la audiencia por qu\u00e9 estamos ac\u00e1 en el acampe contra el presupuesto que para nosotros es del FMI.<\/p>\n<p><strong>_ OMAR GIULIANI<\/strong>: Estamos ac\u00e1 en un marco de unidad y de construcci\u00f3n colectiva que en definitiva es lo m\u00e1s importante. Sin lugar a dudas este presupuesto es un presupuesto del FMI, que es coherente con el sector olig\u00e1rquico que nos gobierna, me parece que lo que est\u00e1 en discusi\u00f3n no es la pobreza, sino que est\u00e1 en discusi\u00f3n la riqueza que generamos los trabajadores y las trabajadoras y de qu\u00e9 manera construimos poder popular para empezar a apropiarnos de esa riqueza. Es ins\u00f3lito, il\u00f3gico e inmoral qu\u00e9 en un pa\u00eds con las caracter\u00edsticas de la Argentina, vivan 8.000.000 de ni\u00f1os bajo la l\u00ednea de pobreza, en un pa\u00eds donde se podr\u00eda alimentar a 400.000.000, donde tambi\u00e9n hay que discutir qu\u00e9 es lo que se produce, como se produce y para quien se produce. Me parece que este acampe tiene que ser parte de este recorrido de unidad del campo popular y de poder popular que se viene en los pr\u00f3ximos a\u00f1os. No hay posibilidad de pensar una vida digna sino construimos poder popular con capacidad de derribar este modelo y este presupuesto, si no podemos pensar en construir el pa\u00eds que so\u00f1amos y queremos para los pr\u00f3ximos a\u00f1os.<\/p>\n<p><strong>_ MR:\u00a0 \u00bfC\u00f3mo esta esa posibilidad de construir y de generar todo lo que se genera desde nuestro pueblo.\u00a0 Y qu\u00e9 importancia tiene eso y que posibilidad en este escenario, frente a este presupuesto\u00a0 tienen de sobrevivir este tipo de experiencias que venimos construyendo?<\/strong><\/p>\n<p><strong>_ MARIO BARRIOS: <\/strong>\u00a0Creo de verdad y soy optimista del poder de construcci\u00f3n y resistencia que tiene nuestro pueblo y creo que estos tipos son coherentes con lo que plantean, mal pod\u00edamos haber pensado que pod\u00edan armar un presupuesto que venga o que intente salvar la situaci\u00f3n de los m\u00e1s pobres, de los trabajadores. Este va a ser un presupuesto a medida del Fondo Monetario Internacional y a la medida de las corporaciones. Yo tengo muchas esperanzas de esto que hemos hecho a lo mejor en una muestra casi de un alfiler, que pareciera que fuera \u00fanica pero que se multiplica por cientos a lo largo y ancho del pa\u00eds. Lo que nos falta es encontrarnos por eso, la estrategia del acampe, de encontrarnos, de vernos, porque nos encontramos siempre en la pelea y en la lucha y tambi\u00e9n nos tenemos que encontrar en las construcciones y tenemos que ser capaces de poder decidir qu\u00e9 pa\u00eds queremos y no que estemos peleando y defendiendo todos los d\u00edas el plato de comida sino como generamos la comida nosotros mismos. Como podemos tener los medios de producci\u00f3n en nuestras manos y como somos capaces de generar esta econom\u00eda alternativa a la econom\u00eda de mercado que lo \u00fanico que nos ofrece es la comercializaci\u00f3n, la ganancia y el lucro y nosotros queremos defender la \u00e9tica y la solidaridad, que en los manuales de econom\u00eda social se est\u00e1 borrando la solidaridad, pero nosotros somos b\u00e1sicamente y enteramente solidarios y vamos a trabajar por eso. As\u00ed que estoy muy ilusionado de estar ac\u00e1 acompa\u00f1ando a los compa\u00f1eros de la salud y encontrarnos con tantos compa\u00f1eros que sigo siendo optimista.<\/p>\n<p><strong>_ MR: \u00bfC\u00f3mo vez el reconocimiento que viene teniendo la agenda de los Trabajadores de la Econom\u00eda Popular, y c\u00f3mo viene siendo la reivindicaci\u00f3n del sector?<\/strong><\/p>\n<p><strong>_ GRINGO CASTRO:\u00a0<\/strong>El poder tiene\u00a0 una definici\u00f3n de hace muchos a\u00f1os que es la que solo se puede sostener si puede construir un proceso creciente de fragmentaci\u00f3n de la clase trabajadora y en esa fragmentaci\u00f3n necesita que haya trabajadores\u00a0 formales, con buenos ingresos con un salario digno, que vos puedas llegar a fin de mes, y una cantidad de trabajadores en el marco de un proceso creciente de informalidad, que apenas le sacas para comer y que hoy ya eso ni si quiera est\u00e1 alcanzando. De esa forma vos tenes trabajadores preocupados por su trabajo y por seguir sosteniendo su nivel de vida, es muy dif\u00edcil que se preocupen por el resto de la clase trabajadora. Entonces nosotros despu\u00e9s de haber discutido mucho con sectores del trabajo formal, un d\u00eda dijimos ac\u00e1 no hay otra salida que visibilizar a nuestro sector que plantear que tambi\u00e9n somos creadores de nuevas formas de trabajo, y adem\u00e1s no desde el rencor sino desde el debate con los compa\u00f1eros, plantear que el sistema no nos va ofrecer ning\u00fan futuro, ya a nosotros no nos ofrece, tampoco se los va a ofrecer a ustedes y eso est\u00e1 cada vez m\u00e1s claro con este gobierno. La \u00fanica posibilidad de construir un futuro es si nos\u00a0 ponemos de acuerdo en algunas cuestiones b\u00e1sicas y las podemos desarrollar en conjunto.<\/p>\n<p>Una de esas cuestiones b\u00e1sicas tiene que ver con la alimentaci\u00f3n, no solo con la producci\u00f3n de alimento popular, sino con la posibilidad de la dignidad que te da ese trabajo, el de producir alimento, de garantizar la soberan\u00eda alimentaria para el resto de los trabajadores ese proceso solamente se puede dar si profundizamos la unidad entre los trabajadores que tienen formalidad y el resto de los trabajadores. Porque vamos a necesitar\u00a0 discutir\u00a0 con aquellos que concentran la producci\u00f3n de alimentos, con aquellos que concentran el capital financiero, discutir por decirlo de alguna forma, va hacer un enfrentamiento que vamos a empezar discutiendo y no nos vamos a poner de acuerdo y va haber un tira y afloje, ahora nosotros para producir y garantizar la soberan\u00eda alimentaria\u00a0 necesitamos tierra, nuestra consigna es Techo, Tierra y Trabajo, no hay manera de garantizar la alimentaci\u00f3n si sigue concentrada en pocas manos la producci\u00f3n y la distribuci\u00f3n de alimentos. Esa es una discusi\u00f3n central que no se gana, sino la discutimos todos. Este proceso que se est\u00e1 dando ac\u00e1 de debate en la calle, es\u00a0 el inicio del debate y que no se va a terminar si se vota o no se vota el presupuesto, es lo que vamos a tener que hacer en todas las plazas del pa\u00eds, esto no va hacer el cierre sino el comienzo.<\/p>\n<p><strong>_ CACHORRO GODOY:\u00a0<\/strong>Ni con la mano, ni con el culo ni con la abstenci\u00f3n, hay que decirles a diputados y senadores que el que lo vota convalida \u00a0el acuerdo con el Fondo Monetario Internacional de cualquiera de esas tres maneras. Entonces el segundo aspecto es demostrar que no es el \u00fanico camino que hay otro camino. La riqueza en la argentina esta el problema es que se la llevan para otro lado no la distribuyen con equidad, por eso hay que discutir la riqueza en la Argentina y como se distribuye con equidad, y el tercer aspecto que nos parece importante es que acciones desarrollamos para impedir\u00a0 que esto suceda crear consciencia, generar organizaci\u00f3n y construir unidad en la lucha. Unidad en la lucha y en la propuesta alternativa, quiero agregar esta prioridad\u00a0 de promover la producci\u00f3n de alimentos, de garantizar la soberan\u00eda alimentaria de nuestro pueblo, terminar con el hambre en la argentina, tambi\u00e9n implica discutir a fondo el tema del trabajo y discutir c\u00f3mo se organiza el estado. Nosotros decimos que uno de los logros principales de la lucha\u00a0 de los \u00faltimos a\u00f1os que lograron las organizaciones sociales fue declarar la emergencia social y con declarar la emergencia social, se logro un salario social complementario que permiti\u00f3 al plan social o al subsidio garantizar un plan social complementario que permita equipararlo con el salario m\u00ednimo vital y m\u00f3vil, ahora ese fue un paso importante, yo creo que hay que ir a otro paso que es el de lograr \u00a0un salario m\u00ednimo garantizado para los que trabajen y estudien en la argentina. Para eso hay que construir un consejo del salario m\u00ednimo garantizado y el empleo, que no es este consejo del salario m\u00ednimo, porque este consejo excluye a las organizaciones de trabajadores que se organizan en los barrios, excluye a los trabajadores que no son alcanzados por el salario m\u00ednimo, que adem\u00e1s es de apenas\u00a0 diez mil pesos, cuando tenemos un ingreso m\u00ednimo necesario, para estar por encima de la pobreza de veinte tres mil pesos, como reconoce el propio INDEC. Nosotros decimos que no solo hay que defender nuestros derechos sino que tenemos que ir a construir nuevos derechos, un salario m\u00ednimo garantizado, porque el que est\u00e1 desocupado, no est\u00e1 desocupado porque quiere se inventa el trabajo para poder tener ingreso y el estado le tiene que garantizarle ese ingreso m\u00ednimo y tiene que haber un organismo en el estado que haga que las Centrales Sindicales, que la CTEP, que las organizaciones de trabajadores de nuevo tipo puedan discutir como el estado y los empresarios garantizan ese salario m\u00ednimo garantizado, porque si no logramos reformas estructurales en el estado la posibilidad de la pelea es siempre en el marco de los subsidios que este estado neoliberal arbitra para neutralizar la rebeli\u00f3n popular, y nosotros tenemos que alentar la rebeli\u00f3n popular para resistir y para\u00a0 construir nuevos derechos.<\/p>\n<p><img loading=\"lazy\" decoding=\"async\" class=\"alignnone size-full wp-image-8364\" src=\"http:\/\/fmriachuelo.com.ar\/wp-content\/uploads\/2018\/10\/43159212_1945682805486925_93408812769214464_n.jpg\" alt=\"\" width=\"960\" height=\"640\" \/><\/p>\n<p><a href=\"https:\/\/soundcloud.com\/prensa-fm-riachuelo\/sets\/radio-en-la-calle-desde-el-acampe-contra-el-presupuesto\">Compartimos las intervenciones de cada uno de los referentes<\/a><\/p>\n<p>&nbsp;<\/p>\n","protected":false},"excerpt":{"rendered":"<p>[FM RIACHUELO 04\/10\/2018] En el marco del cuarto d\u00eda de\u00a0 acampe\u00a0 frente al Congreso de la Naci\u00f3n, para rechazar y debatir en\u00a0 contra del presupuesto que quiere aprobar el gobierno de Macri. FM Riachuelo se traslado hasta el lugar para hacer radio en la calle. El programa Mateando en el Riachuelo ( trasmite de 10 [&hellip;]<\/p>\n","protected":false},"author":5,"featured_media":8358,"comment_status":"open","ping_status":"open","sticky":false,"template":"","format":"standard","meta":{"_monsterinsights_skip_tracking":false,"_monsterinsights_sitenote_active":false,"_monsterinsights_sitenote_note":"","_monsterinsights_sitenote_category":0,"jnews-multi-image_gallery":[],"jnews_single_post":[],"jnews_primary_category":[],"_joinchat":[],"footnotes":""},"categories":[78,79,76,75],"tags":[],"class_list":["post-8357","post","type-post","status-publish","format-standard","has-post-thumbnail","hentry","category-economia-popular","category-nadie-se-salva-solo","category-salud-comunitaria","category-trabajo"],"_links":{"self":[{"href":"http:\/\/fmriachuelo.it10.com.ar\/index.php\/wp-json\/wp\/v2\/posts\/8357","targetHints":{"allow":["GET"]}}],"collection":[{"href":"http:\/\/fmriachuelo.it10.com.ar\/index.php\/wp-json\/wp\/v2\/posts"}],"about":[{"href":"http:\/\/fmriachuelo.it10.com.ar\/index.php\/wp-json\/wp\/v2\/types\/post"}],"author":[{"embeddable":true,"href":"http:\/\/fmriachuelo.it10.com.ar\/index.php\/wp-json\/wp\/v2\/users\/5"}],"replies":[{"embeddable":true,"href":"http:\/\/fmriachuelo.it10.com.ar\/index.php\/wp-json\/wp\/v2\/comments?post=8357"}],"version-history":[{"count":0,"href":"http:\/\/fmriachuelo.it10.com.ar\/index.php\/wp-json\/wp\/v2\/posts\/8357\/revisions"}],"wp:featuredmedia":[{"embeddable":true,"href":"http:\/\/fmriachuelo.it10.com.ar\/index.php\/wp-json\/"}],"wp:attachment":[{"href":"http:\/\/fmriachuelo.it10.com.ar\/index.php\/wp-json\/wp\/v2\/media?parent=8357"}],"wp:term":[{"taxonomy":"category","embeddable":true,"href":"http:\/\/fmriachuelo.it10.com.ar\/index.php\/wp-json\/wp\/v2\/categories?post=8357"},{"taxonomy":"post_tag","embeddable":true,"href":"http:\/\/fmriachuelo.it10.com.ar\/index.php\/wp-json\/wp\/v2\/tags?post=8357"}],"curies":[{"name":"wp","href":"https:\/\/api.w.org\/{rel}","templated":true}]}}