{"id":8351,"date":"2018-10-04T01:27:16","date_gmt":"2018-10-04T01:27:16","guid":{"rendered":"http:\/\/fmriachuelo.com.ar\/?p=8351"},"modified":"2018-10-04T01:27:16","modified_gmt":"2018-10-04T01:27:16","slug":"proyeccion-del-documental-ladrilleros-otro-aporte-al-proceso-de-unidad-de-los-trabajadores","status":"publish","type":"post","link":"http:\/\/fmriachuelo.it10.com.ar\/index.php\/2018\/10\/04\/proyeccion-del-documental-ladrilleros-otro-aporte-al-proceso-de-unidad-de-los-trabajadores\/","title":{"rendered":"PROYECCI\u00d3N DEL DOCUMENTAL \u00abLADRILLEROS\u00bb &#8211; OTRO APORTE AL PROCESO DE UNIDAD DE LOS TRABAJADORES"},"content":{"rendered":"<div id=\"m-962305723637220640\" class=\"mail-message expanded\">\n<div class=\"mail-message-content collapsible zoom-normal mail-show-images \">\n<div class=\"clear\">\n<div dir=\"auto\">\n<p><strong>[FM RIACHUELO 03\/10\/2018] Hoy en la sede de la calle Espa\u00f1a de la Universidad Nacional de Avellaneda, se proyect\u00f3 el documental de las y los ladrilleros. La CTEP, CTA y CGT unidas, presentaron la producci\u00f3n audiovisual que narra la historia de lucha para recuperar un sindicato que est\u00e9 al servicio de los trabajadores. La actividad se da en el marco de unidad que vienen conformando las centrales sindicales junto a movimientos populares territoriales y con el sector acad\u00e9mico que realiza trabajos concretos en el territorio, como la UNDAV y la UNAJ.<\/strong><\/p>\n<p><strong>Luciano Alvarez<\/strong>, referente de la Casa Popular El Fog\u00f3n de Avellaneda, estuvo presente y habl\u00f3 con <strong><em>Rompe el Cerco Informativo<\/em><\/strong> sobre el documental elaborado conjuntamente entre trabajadores y estudiantes de la Universidad Nacional Arturo Jauretche:<em>\u00abel sindicato antes era de la patronal, fue intervenido por los propios laburantes y con la conducci\u00f3n de un militante hist\u00f3rico como Luis C\u00e1ceres, se le dio dignidad a los trabajadores ladrilleros que conforman un sector muy desprotegido\u00bb<\/em>, y agreg\u00f3 que el documental \u00ab<em>se construy\u00f3 con el aporte de la Jauretche (UNAJ) que es una universidad del conurbano que cuenta con el 90% de sus estudiantes como primera camada de universitarios de familias trabajadoras\u00bb.<\/em><\/p>\n<p>Con respecto al proceso de unidad que viene logrando el campo popular, el referente destac\u00f3 el esquema de trabajo diario que se da entre sindicatos y organizaciones sociales:\u00bb<em>los y las compa\u00f1eras de la CGT, CTA (Aut\u00f3noma y de los Trabajadores) y CTEP, somos los mismos que cortamos el puente Nicolas Avellaneda durante el Paro Nacional activo del 25 de Septiembre. Hay trabajo cotidiano en la calle, en la universidad y en proyectos concretos como por ejemplo la producci\u00f3n agroecol\u00f3gica en la costa de Avellaneda\u00bb.<\/em><\/p>\n<p>La articulaci\u00f3n entre organizaciones, sindicatos y universidades populares busca demostrar que los y las trabajadoras (con sus matices y diferencias) tienen claro el objetivo de construir un modelo alternativo al de exclusi\u00f3n y miseria que propone el gobierno actual:<em>\u00abno somos espectadores o simples protestadores, debemos encontrar la br\u00fajula colectiva que nos permita retomar el curso de la historia\u00bb.<\/em><\/p>\n<p>Escucha la entrevista completa en el siguiente enlace:<\/p>\n<p>https:\/\/radiocut.fm\/audiocut\/proyeccion-corto-documental-ladrilleros\/<\/p>\n<\/div>\n<\/div>\n<\/div>\n<\/div>\n","protected":false},"excerpt":{"rendered":"<p>[FM RIACHUELO 03\/10\/2018] Hoy en la sede de la calle Espa\u00f1a de la Universidad Nacional de Avellaneda, se proyect\u00f3 el documental de las y los ladrilleros. La CTEP, CTA y CGT unidas, presentaron la producci\u00f3n audiovisual que narra la historia de lucha para recuperar un sindicato que est\u00e9 al servicio de los trabajadores. La actividad [&hellip;]<\/p>\n","protected":false},"author":5,"featured_media":8353,"comment_status":"open","ping_status":"open","sticky":false,"template":"","format":"standard","meta":{"_monsterinsights_skip_tracking":false,"_monsterinsights_sitenote_active":false,"_monsterinsights_sitenote_note":"","_monsterinsights_sitenote_category":0,"jnews-multi-image_gallery":[],"jnews_single_post":[],"jnews_primary_category":[],"_joinchat":[],"footnotes":""},"categories":[76,77],"tags":[],"class_list":["post-8351","post","type-post","status-publish","format-standard","has-post-thumbnail","hentry","category-salud-comunitaria","category-soberania"],"_links":{"self":[{"href":"http:\/\/fmriachuelo.it10.com.ar\/index.php\/wp-json\/wp\/v2\/posts\/8351","targetHints":{"allow":["GET"]}}],"collection":[{"href":"http:\/\/fmriachuelo.it10.com.ar\/index.php\/wp-json\/wp\/v2\/posts"}],"about":[{"href":"http:\/\/fmriachuelo.it10.com.ar\/index.php\/wp-json\/wp\/v2\/types\/post"}],"author":[{"embeddable":true,"href":"http:\/\/fmriachuelo.it10.com.ar\/index.php\/wp-json\/wp\/v2\/users\/5"}],"replies":[{"embeddable":true,"href":"http:\/\/fmriachuelo.it10.com.ar\/index.php\/wp-json\/wp\/v2\/comments?post=8351"}],"version-history":[{"count":0,"href":"http:\/\/fmriachuelo.it10.com.ar\/index.php\/wp-json\/wp\/v2\/posts\/8351\/revisions"}],"wp:featuredmedia":[{"embeddable":true,"href":"http:\/\/fmriachuelo.it10.com.ar\/index.php\/wp-json\/"}],"wp:attachment":[{"href":"http:\/\/fmriachuelo.it10.com.ar\/index.php\/wp-json\/wp\/v2\/media?parent=8351"}],"wp:term":[{"taxonomy":"category","embeddable":true,"href":"http:\/\/fmriachuelo.it10.com.ar\/index.php\/wp-json\/wp\/v2\/categories?post=8351"},{"taxonomy":"post_tag","embeddable":true,"href":"http:\/\/fmriachuelo.it10.com.ar\/index.php\/wp-json\/wp\/v2\/tags?post=8351"}],"curies":[{"name":"wp","href":"https:\/\/api.w.org\/{rel}","templated":true}]}}