{"id":835,"date":"2014-12-26T15:08:00","date_gmt":"2014-12-26T15:08:00","guid":{"rendered":"http:\/\/fmriachuelo.observatorioess.org.ar\/index.php\/2014\/12\/26\/movilizacion-frente-a-la-ausencia-de-respuestas-del-gobierno-de-la-ciudad\/"},"modified":"2025-03-25T14:10:09","modified_gmt":"2025-03-25T17:10:09","slug":"movilizacion-frente-a-la-ausencia-de-respuestas-del-gobierno-de-la-ciudad","status":"publish","type":"post","link":"http:\/\/fmriachuelo.it10.com.ar\/index.php\/2014\/12\/26\/movilizacion-frente-a-la-ausencia-de-respuestas-del-gobierno-de-la-ciudad\/","title":{"rendered":"MOVILIZACI\u00d3N: FRENTE A LA AUSENCIA DE RESPUESTAS DEL GOBIERNO DE LA CIUDAD"},"content":{"rendered":"<p><span style=\"font-family: Verdana, sans-serif\"><b>ACTUALIZAMOS<\/b><\/span><br \/><span style=\"color: red;font-family: Verdana, sans-serif;font-size: large\"><strong>POR UNA RESPUESTA URGENTE<\/strong><\/span><\/p>\n<div style=\"clear: both;text-align: center\"><a href=\"http:\/\/3.bp.blogspot.com\/-DE3t57nk6ZM\/VJ2oueMRU1I\/AAAAAAAACIE\/I6oe89nacNA\/s1600\/marcha%2Bla%2Bboca.jpg\" style=\"clear: left;float: left;margin-bottom: 1em;margin-right: 1em\"><img loading=\"lazy\" decoding=\"async\" border=\"0\" src=\"http:\/\/3.bp.blogspot.com\/-DE3t57nk6ZM\/VJ2oueMRU1I\/AAAAAAAACIE\/I6oe89nacNA\/s1600\/marcha%2Bla%2Bboca.jpg\" height=\"180\" width=\"320\" \/><\/a><\/div>\n<p><span style=\"font-family: Verdana\"><strong>[Ultimo momento]<\/strong><\/span><br \/><span style=\"font-family: Verdana\">Hoy&nbsp;a<\/span> <span style=\"font-family: Verdana, sans-serif\">las 12 am y bajo la lluvia, unos 100 vecinos marcharon por el barrio, desde California e Irala, hasta la calle Caminito, para manifestarse en protesta y disconformidad contra el&nbsp; Gobierno de la Ciudad&nbsp;y&nbsp;su inconsistente respuesta a las&nbsp;20 familias que habitaban los conventillos que se han incendiado en California e Irala el martes 23 de diciembre.<\/span><br \/><a name='more'><\/a><span style=\"font-family: Verdana\">\u00abNuevamente este Gobierno de la Ciudad se burla de los damnificados por el incendio con respuestas irrisorias e insuficientes que dejan a las familias en la calle y en total estado de indefensi\u00f3n por parte del Estado ciudadano\u00bb, as\u00ed&nbsp;coincidieron en manifestar los&nbsp;representantes de las diversas organizaciones presentes.<\/span><span style=\"font-family: Verdana, sans-serif\">&nbsp;&nbsp;<\/span><br \/><span style=\"font-family: Verdana, sans-serif\">Al termino de&nbsp;la caminata&nbsp;&nbsp;se&nbsp;realiz\u00f3&nbsp;una&nbsp; asamblea&nbsp;en la que&nbsp;se tom\u00f3 la decisi\u00f3n de&nbsp; hacer una \u00abOLLA POPULAR\u00bb los d\u00edas s\u00e1bado&nbsp;y&nbsp; domingo,&nbsp; y se&nbsp;debat\u00ed\u00f3 sobre otras medidas de acci\u00f3n&nbsp;efectiva frente a la falta de&nbsp;soluci\u00f3n para las familias.<\/span><br \/><span style=\"font-family: Verdana\">Las organizaciones presentes fueron:<\/span><br \/><span style=\"font-family: Verdana, sans-serif\">Agrupaci\u00f3n Boca Es Pueblo<\/span><br \/><span style=\"font-family: Verdana\">Agrupaci\u00f3n Descamisados<\/span><br \/><span style=\"font-family: Verdana, sans-serif\">Movimiento Evita<br \/>Esperanza de La Boca<br \/>Asentamiento del barrio de La Boca<br \/>Mesa de Vivienda y Habitat de La Boca<br \/>Frente de Artistas del barrio de La Boca<br \/>OSyP Los Pibes<br \/>CO.VIL.PI<br \/>FM Riachuelo<\/span><br \/><strong><span style=\"color: black;font-family: Verdana\"><br \/><\/span><\/strong><strong><span style=\"color: black;font-family: Verdana\">Reproducimos<\/span><\/strong><br \/><span style=\"font-family: Verdana\">El 23 de diciembre, pasado, las 20 familias que viv\u00edamos en los conventillos de California 1134 y 1140 de La Boca perdimos todos y quedamos en la calle.<\/span><span style=\"font-family: Verdana\"><\/span><br \/><span style=\"font-family: Verdana\">Tras el incendio, la \u00fanica respuesta que nos dio el Gobierno de la Ciudad fue la propuesta de irnos a paradores y darnos un subsidio de 1.800 pesos, que no&nbsp;nos alcanza para alquilar ning\u00fan vivienda para vivir con nuestras familias. Somos 80 personas, m\u00e1s de 30 ni\u00f1os. <\/span><br \/><span style=\"font-family: Verdana\">Por eso decidimos quedarnos en el lugar y reclamar por una soluci\u00f3n habitacional en el barrio donde vivimos desde hace a\u00f1os. <\/span><br \/><span style=\"font-family: Verdana\">Desde el incendio, los funcionarios de la Ciudad no volvieron. Dijeron que reci\u00e9n pod\u00edan atendernos del 29 de diciembre porque por las fiestas \u00abel Estado no funciona hasta el lunes\u00bb.<\/span><br \/><span style=\"font-family: Verdana\">O sea, reci\u00e9n seis d\u00edas despu\u00e9s de que quedamos en la intemperie. <\/span><br \/><span style=\"font-family: Verdana\">La solidaridad de los vecinos, las organizaciones y la iglesia del barrio nos brind\u00f3 comida, ropa, colchones y pan dulce. <\/span><br \/><span style=\"font-family: Verdana\">Por todo esto&nbsp; porque tenemos derecho a una vivienda digna, este viernes 26 de diciembre a las 12 hs. marcharemos desde California e Irala hasta Caminito.<\/span><span style=\"font-family: Verdana\"><\/span><br \/><span style=\"font-family: Verdana\">Le reclamamos al Gobierno de Macri fque nos de una respuesta urgente para que este 2015 podamos comenzarlo con un techo para nuestros hijos. <\/span><br \/><span style=\"font-family: Verdana\">Contacto de los vecinos:<\/span><span style=\"font-family: Verdana\"><\/span><br \/><span style=\"font-family: Verdana\">Carolina: 15-2185-1420<\/span><br \/><span style=\"font-family: Verdana\">Diego: 15-5653-6640<\/span><br \/><span style=\"font-family: Verdana\">Cinthia: 15-3423-3658<\/span><\/p>\n<div><span style=\"font-family: Verdana, sans-serif;line-height: 115%\"><span style=\"color: #134f5c;font-size: x-small\"><b>FUENTE: PRODUCCI\u00d3N RIACHUELO<\/b><\/span><\/span><\/div>\n<div style=\"clear: both;text-align: center\"><a href=\"http:\/\/2.bp.blogspot.com\/-mZJ6euPA4Co\/VJ2pjSJkGGI\/AAAAAAAACIM\/X3L5w5WMno8\/s1600\/COOP%2BRIACHIUELO%2BPRODUCCIONES.jpg\" style=\"clear: left;float: left;margin-bottom: 1em;margin-right: 1em\"><img loading=\"lazy\" decoding=\"async\" border=\"0\" src=\"http:\/\/2.bp.blogspot.com\/-mZJ6euPA4Co\/VJ2pjSJkGGI\/AAAAAAAACIM\/X3L5w5WMno8\/s1600\/COOP%2BRIACHIUELO%2BPRODUCCIONES.jpg\" height=\"58\" width=\"200\" \/><\/a><\/div>\n","protected":false},"excerpt":{"rendered":"<p>ACTUALIZAMOSPOR UNA RESPUESTA URGENTE [Ultimo momento]Hoy&nbsp;a las 12 am y bajo la lluvia, unos 100 vecinos marcharon por el barrio, desde California e Irala, hasta la calle Caminito, para manifestarse en protesta y disconformidad contra el&nbsp; Gobierno de la Ciudad&nbsp;y&nbsp;su inconsistente respuesta a las&nbsp;20 familias que habitaban los conventillos que se han incendiado en California [&hellip;]<\/p>\n","protected":false},"author":4,"featured_media":0,"comment_status":"open","ping_status":"open","sticky":false,"template":"","format":"standard","meta":{"_monsterinsights_skip_tracking":false,"_monsterinsights_sitenote_active":false,"_monsterinsights_sitenote_note":"","_monsterinsights_sitenote_category":0,"jnews-multi-image_gallery":[],"jnews_single_post":{"format":"standard"},"jnews_primary_category":[],"_joinchat":[],"footnotes":""},"categories":[58],"tags":[147],"class_list":["post-835","post","type-post","status-publish","format-standard","hentry","category-noticiariachuelo","tag-habitat"],"_links":{"self":[{"href":"http:\/\/fmriachuelo.it10.com.ar\/index.php\/wp-json\/wp\/v2\/posts\/835","targetHints":{"allow":["GET"]}}],"collection":[{"href":"http:\/\/fmriachuelo.it10.com.ar\/index.php\/wp-json\/wp\/v2\/posts"}],"about":[{"href":"http:\/\/fmriachuelo.it10.com.ar\/index.php\/wp-json\/wp\/v2\/types\/post"}],"author":[{"embeddable":true,"href":"http:\/\/fmriachuelo.it10.com.ar\/index.php\/wp-json\/wp\/v2\/users\/4"}],"replies":[{"embeddable":true,"href":"http:\/\/fmriachuelo.it10.com.ar\/index.php\/wp-json\/wp\/v2\/comments?post=835"}],"version-history":[{"count":1,"href":"http:\/\/fmriachuelo.it10.com.ar\/index.php\/wp-json\/wp\/v2\/posts\/835\/revisions"}],"predecessor-version":[{"id":22084,"href":"http:\/\/fmriachuelo.it10.com.ar\/index.php\/wp-json\/wp\/v2\/posts\/835\/revisions\/22084"}],"wp:attachment":[{"href":"http:\/\/fmriachuelo.it10.com.ar\/index.php\/wp-json\/wp\/v2\/media?parent=835"}],"wp:term":[{"taxonomy":"category","embeddable":true,"href":"http:\/\/fmriachuelo.it10.com.ar\/index.php\/wp-json\/wp\/v2\/categories?post=835"},{"taxonomy":"post_tag","embeddable":true,"href":"http:\/\/fmriachuelo.it10.com.ar\/index.php\/wp-json\/wp\/v2\/tags?post=835"}],"curies":[{"name":"wp","href":"https:\/\/api.w.org\/{rel}","templated":true}]}}