{"id":834,"date":"2014-12-26T22:19:00","date_gmt":"2014-12-26T22:19:00","guid":{"rendered":"http:\/\/fmriachuelo.observatorioess.org.ar\/index.php\/2014\/12\/26\/venezuela-y-los-cambios-en-el-gabinete\/"},"modified":"2025-03-25T14:15:13","modified_gmt":"2025-03-25T17:15:13","slug":"venezuela-y-los-cambios-en-el-gabinete","status":"publish","type":"post","link":"http:\/\/fmriachuelo.it10.com.ar\/index.php\/2014\/12\/26\/venezuela-y-los-cambios-en-el-gabinete\/","title":{"rendered":"VENEZUELA Y LOS CAMBIOS EN EL GABINETE"},"content":{"rendered":"<div><strong><span style=\"color: red;line-height: 115%\"><span style=\"font-family: Verdana, sans-serif;font-size: large\">PRESIDENTE DE VENEZUELA ANUNCIA CAMBIOS A PARTIR DEL 2015<\/span><\/span><\/strong><\/div>\n<div style=\"clear: both;text-align: center\"><a href=\"http:\/\/4.bp.blogspot.com\/-gmXUgAVNdmw\/VJ3dqytaquI\/AAAAAAAACIg\/1QK2i6bWRzY\/s1600\/maduro_jpg_1718483346.jpg\" style=\"clear: left;float: left;margin-bottom: 1em;margin-right: 1em\"><img loading=\"lazy\" decoding=\"async\" border=\"0\" src=\"http:\/\/4.bp.blogspot.com\/-gmXUgAVNdmw\/VJ3dqytaquI\/AAAAAAAACIg\/1QK2i6bWRzY\/s1600\/maduro_jpg_1718483346.jpg\" height=\"181\" width=\"320\" \/><\/a><\/div>\n<p><span style=\"font-family: Verdana, sans-serif\">El presidente de Venezuela, Nicol\u00e1s Maduro, anunci\u00f3 este viernes a trav\u00e9s de su cuenta en Twitter cambios en su gabinete de Gobierno. A partir del 1\u00ba de enero de 2015 el canciller Rafael Ram\u00edrez asumir\u00e1 como embajador de ese pa\u00eds ante la Organizaci\u00f3n de las Naciones Unidas (ONU).<\/span><br \/><span style=\"font-family: Verdana, sans-serif\">Delcy Rodr\u00edguez asumir\u00e1 el cargo de canciller de la Rep\u00fablica.<\/span><br \/><span style=\"font-family: Verdana, sans-serif\">\u00bfQUI\u00c9NES SON?<\/span><span style=\"font-family: Verdana, sans-serif\"><\/span><br \/><a name='more'><\/a><span style=\"font-family: Verdana, sans-serif\">Ram\u00edrez, ingeniero y pol\u00edtico, fue el primer presidente del Ente Nacional del Gas (Enagas), en 2002 fue designado por el entonces presidente Hugo Ch\u00e1vez titular del Ministerio de Energ\u00eda y Minas, que luego pas\u00f3 a llamarse Ministerio de Energ\u00eda y Petr\u00f3leo. El 20 de noviembre de 2004, Ram\u00edrez asumi\u00f3 la presidencia de Petr\u00f3leos de Venezuela, S.A. (Pdvsa), que dirigi\u00f3 hasta el 2 de septiembre de 2014, cuando fue nombrado Canciller de la Rep\u00fablica, rese\u00f1\u00f3 la Agencia Venezolana de Noticias (AVN).<br \/>Delcy Eloina Rodr\u00edguez G\u00f3mez&nbsp; fue ministra del Despacho de la Presidencia entre febrero y agosto de 2006, viceministra de Relaciones con Europa y tambi\u00e9n estuvo a cargo de la Coordinaci\u00f3n General de la Vicepresidencia de Venezuela. Desde agosto de 2013 hasta octubre de 2014 ocup\u00f3 el cargo de ministra para la Comunicaci\u00f3n y la Informaci\u00f3n.<\/span><\/p>\n<div style=\"clear: both;color: black;font-family: 'Times New Roman';font-size: medium;font-style: normal;font-variant: normal;font-weight: normal;letter-spacing: normal;line-height: normal;margin: 0px;text-align: center;text-indent: 0px\"><span style=\"color: blue;font-family: Verdana\"><\/span><\/div>\n<p><\/p>\n<div style=\"font-style: normal;font-variant: normal;letter-spacing: normal;line-height: normal;margin: 0px;text-align: start;text-indent: 0px\"><span style=\"color: #0b5394;font-family: Verdana, sans-serif;font-size: x-small\"><b>FUENTE: TELESUR, CORREO DEL ORINOCO, &nbsp;PRODUCCI\u00d3N RIACHUELO<\/b><\/span><a href=\"http:\/\/1.bp.blogspot.com\/-k9POs_zOu0Y\/VJ3exiidhfI\/AAAAAAAACIs\/9dcyxa5vb8s\/s1600\/COOP%2BRIACHIUELO%2BPRODUCCIONES.jpg\" style=\"clear: left;color: black;font-family: Verdana;font-size: medium;font-weight: normal;margin-bottom: 1em;margin-right: 1em;text-align: center\"><img loading=\"lazy\" decoding=\"async\" border=\"0\" src=\"http:\/\/1.bp.blogspot.com\/-k9POs_zOu0Y\/VJ3exiidhfI\/AAAAAAAACIs\/9dcyxa5vb8s\/s1600\/COOP%2BRIACHIUELO%2BPRODUCCIONES.jpg\" height=\"58\" width=\"200\" \/><\/a><\/div>\n","protected":false},"excerpt":{"rendered":"<p>PRESIDENTE DE VENEZUELA ANUNCIA CAMBIOS A PARTIR DEL 2015 El presidente de Venezuela, Nicol\u00e1s Maduro, anunci\u00f3 este viernes a trav\u00e9s de su cuenta en Twitter cambios en su gabinete de Gobierno. A partir del 1\u00ba de enero de 2015 el canciller Rafael Ram\u00edrez asumir\u00e1 como embajador de ese pa\u00eds ante la Organizaci\u00f3n de las Naciones [&hellip;]<\/p>\n","protected":false},"author":4,"featured_media":0,"comment_status":"open","ping_status":"open","sticky":false,"template":"","format":"standard","meta":{"_monsterinsights_skip_tracking":false,"_monsterinsights_sitenote_active":false,"_monsterinsights_sitenote_note":"","_monsterinsights_sitenote_category":0,"jnews-multi-image_gallery":[],"jnews_single_post":{"format":"standard"},"jnews_primary_category":[],"_joinchat":[],"footnotes":""},"categories":[58],"tags":[70],"class_list":["post-834","post","type-post","status-publish","format-standard","hentry","category-noticiariachuelo","tag-de-la-patria-grande"],"_links":{"self":[{"href":"http:\/\/fmriachuelo.it10.com.ar\/index.php\/wp-json\/wp\/v2\/posts\/834","targetHints":{"allow":["GET"]}}],"collection":[{"href":"http:\/\/fmriachuelo.it10.com.ar\/index.php\/wp-json\/wp\/v2\/posts"}],"about":[{"href":"http:\/\/fmriachuelo.it10.com.ar\/index.php\/wp-json\/wp\/v2\/types\/post"}],"author":[{"embeddable":true,"href":"http:\/\/fmriachuelo.it10.com.ar\/index.php\/wp-json\/wp\/v2\/users\/4"}],"replies":[{"embeddable":true,"href":"http:\/\/fmriachuelo.it10.com.ar\/index.php\/wp-json\/wp\/v2\/comments?post=834"}],"version-history":[{"count":1,"href":"http:\/\/fmriachuelo.it10.com.ar\/index.php\/wp-json\/wp\/v2\/posts\/834\/revisions"}],"predecessor-version":[{"id":22085,"href":"http:\/\/fmriachuelo.it10.com.ar\/index.php\/wp-json\/wp\/v2\/posts\/834\/revisions\/22085"}],"wp:attachment":[{"href":"http:\/\/fmriachuelo.it10.com.ar\/index.php\/wp-json\/wp\/v2\/media?parent=834"}],"wp:term":[{"taxonomy":"category","embeddable":true,"href":"http:\/\/fmriachuelo.it10.com.ar\/index.php\/wp-json\/wp\/v2\/categories?post=834"},{"taxonomy":"post_tag","embeddable":true,"href":"http:\/\/fmriachuelo.it10.com.ar\/index.php\/wp-json\/wp\/v2\/tags?post=834"}],"curies":[{"name":"wp","href":"https:\/\/api.w.org\/{rel}","templated":true}]}}