{"id":8334,"date":"2018-10-02T22:34:22","date_gmt":"2018-10-02T22:34:22","guid":{"rendered":"http:\/\/fmriachuelo.com.ar\/?p=8334"},"modified":"2018-10-02T22:34:22","modified_gmt":"2018-10-02T22:34:22","slug":"segundo-dia-de-lucha-contra-el-fmi","status":"publish","type":"post","link":"http:\/\/fmriachuelo.it10.com.ar\/index.php\/2018\/10\/02\/segundo-dia-de-lucha-contra-el-fmi\/","title":{"rendered":"SEGUNDO DIA DE LUCHA CONTRA EL FMI"},"content":{"rendered":"<p><strong>[FM Riachuelo 02\/10\/2018]En un segundo d\u00eda de lo que es el acampe frente al Congreso por parte de la CTA, \u00a0en rechazo al presupuesto que propone el macrismo, se hicieron presente distintas organizaciones populares y distintos gremios de trabajadores. <\/strong><\/p>\n<p><span style=\"font-weight: 400\">La jornada comenz\u00f3 a las diez horas con una charla debate sobre la situaci\u00f3n del sector aero-comercial, a la cual sigui\u00f3 cerca del mediod\u00eda una exposici\u00f3n por parte de los trabajadores de ATE explicando como afecta a los empleados del sector publico la degradaci\u00f3n de ministerios en secretarias. <\/span><span style=\"font-weight: 400\">La FM Riachuelo dialog\u00f3 con Santos uno de los trabajadores mineros de Rio Turbio, quienes viajaron especialmente para manifestar su rechazo al ajuste del macrismo: \u201cnosotros los mineros del yacimiento de Rio Turbio, Santa Cruz, hemos venido para visibilizar nuestro reclamo, somos dos mil trabajadores que a\u00fan no hemos cobrado y han despedido a muchos compa\u00f1eros.\u201d As\u00ed expres\u00f3 su preocupaci\u00f3n por el futuro de las familias de los trabajadores cuya actividad se encuentra totalmente paralizada, si se llegase a aprobar este proyecto.<\/span><\/p>\n<p><img loading=\"lazy\" decoding=\"async\" class=\"alignnone size-full wp-image-8336\" src=\"http:\/\/fmriachuelo.com.ar\/wp-content\/uploads\/2018\/10\/IMG-20181002-WA0070.jpg\" alt=\"\" width=\"1280\" height=\"854\" \/><\/p>\n<p><span style=\"font-weight: 400\">M\u00e1s tarde, a las 14.30 hs, legisladores junto a referentes sindicales dialogaron sobre los principales puntos del presupuesto y acordaron en la importancia de fortalecer la uni\u00f3n del campo popular para combatir al macrismo. \u00a0<\/span><\/p>\n<p><span style=\"font-weight: 400\">La idea es rechazar el proyecto del oficialismo, alumno perfecto del FMI que ha cumplido con todo lo que se le ha pedido, y construir uno nuevo que tenga por ejes el trabajo, la producci\u00f3n y la soberan\u00eda. En l\u00ednea con esto, expuso el Gringo Castro, referente de la CTEP: \u201cEl gobierno no quiso hacer un plan de ajuste gradual, quiso hacer un plan de ajuste de shock y las organizaciones libres del pueblo no se lo permitimos\u201d, mencion\u00f3 adem\u00e1s su preocupaci\u00f3n por la territorialidad \u201ceste no es un problema econ\u00f3mico, es un problema de lucha (\u2026) para evitar que se vote este presupuesto aca tiene que haber millones de compa\u00f1eros y compa\u00f1eras\u201d.<\/span><\/p>\n<p><span style=\"font-weight: 400\">El acampe continuar\u00e1 hasta el viernes que se realizar\u00e1 el acto de cierre a las 16 hs. La FM Riachuelo y la organizaci\u00f3n social y pol\u00edtica Los pibes seguir\u00e1 acompa\u00f1ando esta jornada en repudio al ajuste y al presupuesto que baja el FMI.<\/span><\/p>\n","protected":false},"excerpt":{"rendered":"<p>[FM Riachuelo 02\/10\/2018]En un segundo d\u00eda de lo que es el acampe frente al Congreso por parte de la CTA, \u00a0en rechazo al presupuesto que propone el macrismo, se hicieron presente distintas organizaciones populares y distintos gremios de trabajadores. La jornada comenz\u00f3 a las diez horas con una charla debate sobre la situaci\u00f3n del sector [&hellip;]<\/p>\n","protected":false},"author":5,"featured_media":8339,"comment_status":"open","ping_status":"open","sticky":false,"template":"","format":"standard","meta":{"_monsterinsights_skip_tracking":false,"_monsterinsights_sitenote_active":false,"_monsterinsights_sitenote_note":"","_monsterinsights_sitenote_category":0,"jnews-multi-image_gallery":[],"jnews_single_post":[],"jnews_primary_category":[],"_joinchat":[],"footnotes":""},"categories":[76,74,75],"tags":[],"class_list":["post-8334","post","type-post","status-publish","format-standard","has-post-thumbnail","hentry","category-salud-comunitaria","category-san-cayetano","category-trabajo"],"_links":{"self":[{"href":"http:\/\/fmriachuelo.it10.com.ar\/index.php\/wp-json\/wp\/v2\/posts\/8334","targetHints":{"allow":["GET"]}}],"collection":[{"href":"http:\/\/fmriachuelo.it10.com.ar\/index.php\/wp-json\/wp\/v2\/posts"}],"about":[{"href":"http:\/\/fmriachuelo.it10.com.ar\/index.php\/wp-json\/wp\/v2\/types\/post"}],"author":[{"embeddable":true,"href":"http:\/\/fmriachuelo.it10.com.ar\/index.php\/wp-json\/wp\/v2\/users\/5"}],"replies":[{"embeddable":true,"href":"http:\/\/fmriachuelo.it10.com.ar\/index.php\/wp-json\/wp\/v2\/comments?post=8334"}],"version-history":[{"count":0,"href":"http:\/\/fmriachuelo.it10.com.ar\/index.php\/wp-json\/wp\/v2\/posts\/8334\/revisions"}],"wp:featuredmedia":[{"embeddable":true,"href":"http:\/\/fmriachuelo.it10.com.ar\/index.php\/wp-json\/"}],"wp:attachment":[{"href":"http:\/\/fmriachuelo.it10.com.ar\/index.php\/wp-json\/wp\/v2\/media?parent=8334"}],"wp:term":[{"taxonomy":"category","embeddable":true,"href":"http:\/\/fmriachuelo.it10.com.ar\/index.php\/wp-json\/wp\/v2\/categories?post=8334"},{"taxonomy":"post_tag","embeddable":true,"href":"http:\/\/fmriachuelo.it10.com.ar\/index.php\/wp-json\/wp\/v2\/tags?post=8334"}],"curies":[{"name":"wp","href":"https:\/\/api.w.org\/{rel}","templated":true}]}}